{"id":13063,"date":"2014-06-09T11:14:28","date_gmt":"2014-06-09T14:14:28","guid":{"rendered":"http:\/\/blog.cancaonova.com\/saopaulo\/?p=13063"},"modified":"2014-06-09T11:24:16","modified_gmt":"2014-06-09T14:24:16","slug":"ii-cancao-nova-abraca-sao-paulo","status":"publish","type":"post","link":"https:\/\/blog.cancaonova.com\/saopaulo\/ii-cancao-nova-abraca-sao-paulo\/","title":{"rendered":"II CAN\u00c7\u00c3O NOVA ABRA\u00c7A S\u00c3O PAULO"},"content":{"rendered":"<p><a href=\"http:\/\/blog.cancaonova.com\/saopaulo\/files\/2014\/04\/Abra\u00e7a-SP-junho.jpg\"><img loading=\"lazy\" decoding=\"async\" class=\"size-full wp-image-13069 aligncenter\" alt=\"Abra\u00e7a SP - junho\" src=\"http:\/\/blog.cancaonova.com\/saopaulo\/files\/2014\/04\/Abra\u00e7a-SP-junho.jpg\" width=\"800\" height=\"1129\" srcset=\"https:\/\/blog.cancaonova.com\/saopaulo\/files\/2014\/04\/Abra\u00e7a-SP-junho.jpg 800w, https:\/\/blog.cancaonova.com\/saopaulo\/files\/2014\/04\/Abra\u00e7a-SP-junho-212x300.jpg 212w, https:\/\/blog.cancaonova.com\/saopaulo\/files\/2014\/04\/Abra\u00e7a-SP-junho-725x1024.jpg 725w\" sizes=\"(max-width: 800px) 100vw, 800px\" \/><\/a><\/p>\n<p>No dia <strong>15 de junho de 2014<\/strong>, das 07h30 \u00e0s 18h30 no <strong>Gin\u00e1sio do Ibirapuera<\/strong>, em S\u00e3o Paulo\/SP, com o tema: <strong>&#8220;Celebrando a Verdadeira Vit\u00f3ria&#8221;<\/strong>, a Can\u00e7\u00e3o Nova vai realizar mais um grande evento com as presen\u00e7as de <strong>Pe. Adriano Zandon\u00e1<\/strong>, <strong>Pe. Serginho, Ironi Spuldaro, Dunga e Comunidade Can\u00e7\u00e3o Nova<\/strong>. Convidamos voc\u00ea a evangelizar conosco e espalhar essa not\u00edcia!<\/p>\n<p style=\"text-align: justify\">Estamos presentes em diversas formas na cidade de S\u00e3o Paulo: em canal aberto nas parab\u00f3licas e na internet, e nas TVs por assinatura: Net canal 194, Vivo TV (cabo ou fibra) canal 167 (sat\u00e9lite) canal 233, Claro TV canal 19 e Sky canal 163. A nossa casa de evangeliza\u00e7\u00e3o promove diversos momentos de ora\u00e7\u00e3o durante a semana, com Missa transmitida ao vivo pela TV Can\u00e7\u00e3o Nova \u00e0s segundas-feiras, 19h30. A R\u00e1dio Am\u00e9rica nos ajuda a estarmos sempre pr\u00f3ximos do Senhor atrav\u00e9s da sintonia AM 1410.A Loja Can\u00e7\u00e3o Nova est\u00e1 no cora\u00e7\u00e3o de S\u00e3o Paulo e re\u00fane o maior conte\u00fado cat\u00f3lico em produtos. E a TV Can\u00e7\u00e3o Nova local faz com que seus programas levem o poder da F\u00e9 para tantos cora\u00e7\u00f5es.<\/p>\n<p style=\"text-align: justify\">Queremos que voc\u00ea fa\u00e7a parte desta obra de evangeliza\u00e7\u00e3o vindo aos nossos encontros e levando esta mensagem do evangelho viva a muitas outras pessoas!<\/p>\n<p><strong>Adquira o seu ingresso para o II Can\u00e7\u00e3o Nova Abra\u00e7a S\u00e3o Paulo levando 1Kg de alimento em um dos seguintes postos de distribui\u00e7\u00e3o:<\/strong><\/p>\n<p><strong>Na Loja Can\u00e7\u00e3o Nova<\/strong> &#8211; R. S\u00e3o Bento, 43 &#8211; Centro, S\u00e3o Paulo\/SP<br \/>\n(Hor\u00e1rio de funcionamento: de segunda \u00e0 sexta-feira, das 09h \u00e0s 18h30, e aos s\u00e1bados, das 09h \u00e0s 13h00)<br \/>\n<strong>Informa\u00e7\u00f5es:<\/strong> (11) 3587-3141<\/p>\n<p><strong>Na Casa de Evangeliza\u00e7\u00e3o Can\u00e7\u00e3o Nova<\/strong> &#8211; R.Tamandar\u00e9, 355 &#8211; Liberdade, S\u00e3o Paulo\/SP<br \/>\n(Hor\u00e1rio de funcionamento: de segunda a sexta-feira, das 08h \u00e0s 12h00 \/ 13h \u00e0s 17h30)<br \/>\n<strong>Informa\u00e7\u00f5es:<\/strong> (11) 3382-9800 ou eventossp@cancaonova.com<\/p>\n<p><strong><span style=\"text-decoration: underline\">PROGRAMA\u00c7\u00c3O:<\/span><br \/>\n<\/strong><\/p>\n<p>07h30 &#8211; Ter\u00e7o e Momento Mariano: \u00cdtalo Fasanella &#8211; Comunidade Sagrada Fam\u00edlia<br \/>\n08h00 &#8211; Anima\u00e7\u00e3o &#8211; Minist\u00e9rio de M\u00fasica Can\u00e7\u00e3o Nova S\u00e3o Paulo \/ Ora\u00e7\u00e3o com Pe. Adriano Zandon\u00e1<br \/>\n9h &#8211; Prega\u00e7\u00e3o &#8211; Ironi Spuldaro<br \/>\n9h50 &#8211; Ora\u00e7\u00e3o &#8211; Pe. Serginho<br \/>\n10h30 &#8211; Intervalo<br \/>\n11h30 &#8211; Adora\u00e7\u00e3o ao Santissimo: Pe. Serginho, Ironi Spuldaro, Pe. Serginho e Pe. Adriano Zandon\u00e1<br \/>\n13h &#8211; Intervalo<br \/>\n14h00 &#8211; C\u00e2nticos e Louvor &#8211; Minist\u00e9rio de M\u00fasica Can\u00e7\u00e3o Nova S\u00e3o Paulo<br \/>\n14h20 &#8211; Prega\u00e7\u00e3o &#8211; Dunga<br \/>\n15:20 &#8211; Intervalo<br \/>\n16h &#8211; Missa de encerramento &#8211; Pe. Adriano Zandon\u00e1<br \/>\n18h &#8211; T\u00e9rmino<\/p>\n<p><strong style=\"line-height: 1.5em\"><br \/>\nTome Nota!<\/strong><\/p>\n<p><strong>II Kair\u00f3s Can\u00e7\u00e3o Nova Abra\u00e7a S\u00e3o Paulo &#8211; &#8220;Celebrando a Verdadeira Vit\u00f3ria&#8221;<\/strong><\/p>\n<p><strong>Data:<br \/>\n<\/strong><br \/>\n15 de junho de 2014<\/p>\n<p><strong>Hor\u00e1rio:<\/strong><\/p>\n<p>Das 07h30 \u00e0s 18h30<\/p>\n<p><strong>Presen\u00e7as:<\/strong><\/p>\n<p>Pe. Adriano Zandon\u00e1<br \/>\nPe. Serginho<br \/>\nIroni Spuldaro<br \/>\nDunga<br \/>\nMinist\u00e9rio de M\u00fasica Can\u00e7\u00e3o Nova<\/p>\n<p><strong>Local:<\/strong><\/p>\n<p>Gin\u00e1sio de Esportes Ibirapuera<br \/>\nR. Manoel da N\u00f3brega, 1361, Ibirapuera &#8211; S\u00e3o Paulo\/SP.<\/p>\n<p><strong>Como chegar:<\/strong><\/p>\n<p>Acesse um dos sites abaixo e trace uma rota da sua rua para a rua Manoel da N\u00f3brega, 1361 &#8211; S\u00e3o Paulo\/SP, e veja a maneira mais f\u00e1cil de chegar ao local do evento.<\/p>\n<p>.: <a href=\"http:\/\/www.apontador.com\">www.apontador.com<\/a><br \/>\n.: <a href=\"http:\/\/www.guiamais.com.br\">www.guiamais.com.br<\/a><\/p>\n<p><strong>Entrada:<\/strong><\/p>\n<p>Leve 1Kg de alimento no ato da retirada do ingresso nos seguintes postos de distribui\u00e7\u00e3o:<\/p>\n<p><strong>Loja Can\u00e7\u00e3o Nova<\/strong> &#8211; R. S\u00e3o Bento, 43 &#8211; Centro, S\u00e3o Paulo\/SP<br \/>\n(Hor\u00e1rio de funcionamento: de segunda \u00e0 sexta-feira, das 09h \u00e0s 18h30, e aos s\u00e1bados, das 09h \u00e0s 13h00)<br \/>\n<strong>Informa\u00e7\u00f5es:<\/strong> (11) 3587-3141<\/p>\n<p><strong>Na Casa de Evangeliza\u00e7\u00e3o Can\u00e7\u00e3o Nova<\/strong> &#8211; R.Tamandar\u00e9, 355 &#8211; Liberdade, S\u00e3o Paulo\/SP<br \/>\n(Hor\u00e1rio de funcionamento: de segunda a sexta-feira, das 08h \u00e0s 12h00 \/ 13h \u00e0s 17h30)<br \/>\n<strong>Informa\u00e7\u00f5es:<\/strong> (11) 3382-9800 ou eventossp@cancaonova.com<\/p>\n<p><strong>Informa\u00e7\u00f5es:<\/strong><br \/>\n(011) 3382-9800 ou <a href=\"http:\/\/eventossp@cancaonova.com\">eventossp@cancaonova.com<\/a><\/p>\n","protected":false},"excerpt":{"rendered":"<p>No dia 15 de junho de 2014, das 07h30 \u00e0s 18h30 no Gin\u00e1sio do Ibirapuera, em S\u00e3o Paulo\/SP, com o tema: &#8220;Celebrando a Verdadeira Vit\u00f3ria&#8221;, a Can\u00e7\u00e3o Nova vai realizar mais um grande evento com as presen\u00e7as de Pe. Adriano&#8230;<\/p>\n","protected":false},"author":43,"featured_media":0,"comment_status":"open","ping_status":"closed","sticky":false,"template":"","format":"standard","meta":{"_mi_skip_tracking":false,"_monsterinsights_sitenote_active":false,"_monsterinsights_sitenote_note":"","_monsterinsights_sitenote_category":0,"footnotes":""},"categories":[16673,5841,19,15731,47,4861,6661,3691],"tags":[],"_links":{"self":[{"href":"https:\/\/blog.cancaonova.com\/saopaulo\/wp-json\/wp\/v2\/posts\/13063"}],"collection":[{"href":"https:\/\/blog.cancaonova.com\/saopaulo\/wp-json\/wp\/v2\/posts"}],"about":[{"href":"https:\/\/blog.cancaonova.com\/saopaulo\/wp-json\/wp\/v2\/types\/post"}],"author":[{"embeddable":true,"href":"https:\/\/blog.cancaonova.com\/saopaulo\/wp-json\/wp\/v2\/users\/43"}],"replies":[{"embeddable":true,"href":"https:\/\/blog.cancaonova.com\/saopaulo\/wp-json\/wp\/v2\/comments?post=13063"}],"version-history":[{"count":10,"href":"https:\/\/blog.cancaonova.com\/saopaulo\/wp-json\/wp\/v2\/posts\/13063\/revisions"}],"predecessor-version":[{"id":13133,"href":"https:\/\/blog.cancaonova.com\/saopaulo\/wp-json\/wp\/v2\/posts\/13063\/revisions\/13133"}],"wp:attachment":[{"href":"https:\/\/blog.cancaonova.com\/saopaulo\/wp-json\/wp\/v2\/media?parent=13063"}],"wp:term":[{"taxonomy":"category","embeddable":true,"href":"https:\/\/blog.cancaonova.com\/saopaulo\/wp-json\/wp\/v2\/categories?post=13063"},{"taxonomy":"post_tag","embeddable":true,"href":"https:\/\/blog.cancaonova.com\/saopaulo\/wp-json\/wp\/v2\/tags?post=13063"}],"curies":[{"name":"wp","href":"https:\/\/api.w.org\/{rel}","templated":true}]}}