{"id":13171,"date":"2014-07-21T14:36:11","date_gmt":"2014-07-21T17:36:11","guid":{"rendered":"http:\/\/blog.cancaonova.com\/saopaulo\/?p=13171"},"modified":"2014-07-21T20:58:57","modified_gmt":"2014-07-21T23:58:57","slug":"vigilia-cancao-nova-no-mes-de-agosto","status":"publish","type":"post","link":"https:\/\/blog.cancaonova.com\/saopaulo\/vigilia-cancao-nova-no-mes-de-agosto\/","title":{"rendered":"Vig\u00edlia Can\u00e7\u00e3o Nova no m\u00eas de Agosto."},"content":{"rendered":"<p><a href=\"http:\/\/blog.cancaonova.com\/saopaulo\/files\/2014\/07\/10370896_662623443815190_4337106346679675436_n.jpg\"><img loading=\"lazy\" decoding=\"async\" class=\"wp-image-13172 alignleft\" src=\"http:\/\/blog.cancaonova.com\/saopaulo\/files\/2014\/07\/10370896_662623443815190_4337106346679675436_n.jpg\" alt=\"Vig\u00edlia Can\u00e7\u00e3o Nova realizado pela  Comunidade Can\u00e7\u00e3o Nova em S\u00e3o Paulo  no dia 05 de Agosto de 2014, \u00e0s 22h00, na Bas\u00edlica Nossa Senhora da Penha, em S\u00e3o Paulo (SP),\" width=\"361\" height=\"510\" srcset=\"https:\/\/blog.cancaonova.com\/saopaulo\/files\/2014\/07\/10370896_662623443815190_4337106346679675436_n.jpg 370w, https:\/\/blog.cancaonova.com\/saopaulo\/files\/2014\/07\/10370896_662623443815190_4337106346679675436_n-212x300.jpg 212w\" sizes=\"(max-width: 361px) 100vw, 361px\" \/><\/a><\/p>\n<p>Vig\u00edlia Can\u00e7\u00e3o Nova realizado pela Comunidade Can\u00e7\u00e3o Nova em S\u00e3o Paulo no dia 02 de Agosto de 2014, \u00e0s 22h00, na Bas\u00edlica Nossa Senhora da Penha, em S\u00e3o Paulo (SP).<\/p>\n<p>Com o tema: &#8221;Deus converte o deserto em lago e a terra seca em fontes&#8217; (Sl 107,35). O evento \u00e9 transmitido ao vivo pela <a href=\"http:\/\/goo.gl\/3jHp0\">TV Can\u00e7\u00e3o Nova<\/a> \u00a0e <a href=\"http:\/\/blog.cancaonova.com\/america\/\">R\u00e1dio Am\u00e9rica<\/a>, e inicia com grupo de ora\u00e7\u00e3o, louvor, prega\u00e7\u00e3o, Missa, e na programa\u00e7\u00e3o Adora\u00e7\u00e3o ao Sant\u00edssimo Sacramento, confiss\u00f5es, momentos de clamor e intercess\u00e3o e Missa de encerramento.<\/p>\n<p>Nesta edi\u00e7\u00e3o estar\u00e3o presentes <a href=\"http:\/\/goo.gl\/mCEehA\" target=\"_blank\">Pe. Adriano Zandon\u00e1<\/a> e <a href=\"http:\/\/goo.gl\/ElnGpc\">Pe. Paulinho<\/a>\u00a0 da \u00a0Comunidade Can\u00e7\u00e3o\u00a0Nova. <a href=\"http:\/\/goo.gl\/RA4aAR\" target=\"_blank\">Padre Alexandre Alessio <\/a>-CR\u00a0e Minist\u00e9rio de M\u00fasica Can\u00e7\u00e3o Nova de S\u00e3o Paulo.<\/p>\n<p>&nbsp;<\/p>\n<p>&nbsp;<\/p>\n<p>A\u00a0Vig\u00edlia Can\u00e7\u00e3o Nova\u00a0\u00e9 um momento prop\u00edcio de ora\u00e7\u00e3o e comunh\u00e3o com Deus na presen\u00e7a do Sant\u00edssimo Sacramento. Toda a fam\u00edlia pode participar.<\/p>\n<p>Tome Nota!<\/p>\n<p>Data:<\/p>\n<p>12 de julho de 2014, \u00e0s 22h00.<\/p>\n<p>Presen\u00e7as confirmadas:<\/p>\n<p>Pe. Adriano Zandon\u00e1 (Comunidade Can\u00e7\u00e3o Nova)<br \/>\nPe. Paulinho (Comunidade Can\u00e7\u00e3o Nova)<br \/>\nPe. Alexandre Alessio<br \/>\nMinist\u00e9rio de M\u00fasica Can\u00e7\u00e3o Nova de S\u00e3o Paulo<\/p>\n<p>Local:<\/p>\n<p>Bas\u00edlica Nossa Senhora da Penha<br \/>\nR. Santo Afonso, 199 \u2013 Penha \u2013 S\u00e3o Paulo\/SP<\/p>\n<p>Como chegar:<\/p>\n<p>A Bas\u00edlica \u00e9 pr\u00f3xima a esta\u00e7\u00e3o Penha do metr\u00f4<\/p>\n<p>Informa\u00e7\u00f5es: \u00a0(011) 3382-9800 ou acesse : <a href=\"http:\/\/goo.gl\/mTTSA\" target=\"_blank\">Facebook\/cancaonovasp<\/a> \u00a0Twitter: <a href=\"https:\/\/twitter.com\/\" target=\"_blank\">@cancaonovasp\u00a0<\/a><\/p>\n","protected":false},"excerpt":{"rendered":"<p>Vig\u00edlia Can\u00e7\u00e3o Nova realizado pela Comunidade Can\u00e7\u00e3o Nova em S\u00e3o Paulo no dia 02 de Agosto de 2014, \u00e0s 22h00, na Bas\u00edlica Nossa Senhora da Penha, em S\u00e3o Paulo (SP). Com o tema: &#8221;Deus converte o deserto em lago e&#8230;<\/p>\n","protected":false},"author":43,"featured_media":0,"comment_status":"open","ping_status":"closed","sticky":false,"template":"","format":"standard","meta":{"_mi_skip_tracking":false,"_monsterinsights_sitenote_active":false,"_monsterinsights_sitenote_note":"","_monsterinsights_sitenote_category":0,"footnotes":""},"categories":[19,6661],"tags":[8331,24021,461,261],"_links":{"self":[{"href":"https:\/\/blog.cancaonova.com\/saopaulo\/wp-json\/wp\/v2\/posts\/13171"}],"collection":[{"href":"https:\/\/blog.cancaonova.com\/saopaulo\/wp-json\/wp\/v2\/posts"}],"about":[{"href":"https:\/\/blog.cancaonova.com\/saopaulo\/wp-json\/wp\/v2\/types\/post"}],"author":[{"embeddable":true,"href":"https:\/\/blog.cancaonova.com\/saopaulo\/wp-json\/wp\/v2\/users\/43"}],"replies":[{"embeddable":true,"href":"https:\/\/blog.cancaonova.com\/saopaulo\/wp-json\/wp\/v2\/comments?post=13171"}],"version-history":[{"count":4,"href":"https:\/\/blog.cancaonova.com\/saopaulo\/wp-json\/wp\/v2\/posts\/13171\/revisions"}],"predecessor-version":[{"id":13186,"href":"https:\/\/blog.cancaonova.com\/saopaulo\/wp-json\/wp\/v2\/posts\/13171\/revisions\/13186"}],"wp:attachment":[{"href":"https:\/\/blog.cancaonova.com\/saopaulo\/wp-json\/wp\/v2\/media?parent=13171"}],"wp:term":[{"taxonomy":"category","embeddable":true,"href":"https:\/\/blog.cancaonova.com\/saopaulo\/wp-json\/wp\/v2\/categories?post=13171"},{"taxonomy":"post_tag","embeddable":true,"href":"https:\/\/blog.cancaonova.com\/saopaulo\/wp-json\/wp\/v2\/tags?post=13171"}],"curies":[{"name":"wp","href":"https:\/\/api.w.org\/{rel}","templated":true}]}}