{"id":13258,"date":"2014-09-03T16:14:05","date_gmt":"2014-09-03T19:14:05","guid":{"rendered":"http:\/\/blog.cancaonova.com\/saopaulo\/?p=13258"},"modified":"2014-09-03T16:21:03","modified_gmt":"2014-09-03T19:21:03","slug":"cancao-nova-realiza-a-setima-vigilia-da-novena-2014","status":"publish","type":"post","link":"https:\/\/blog.cancaonova.com\/saopaulo\/cancao-nova-realiza-a-setima-vigilia-da-novena-2014\/","title":{"rendered":"Can\u00e7\u00e3o Nova realiza a s\u00e9tima Vig\u00edlia da Novena 2014"},"content":{"rendered":"<p style=\"text-align: center\"><strong><a href=\"http:\/\/blog.cancaonova.com\/saopaulo\/files\/2014\/09\/Vig\u00edlia-setembro_20141.jpg\"><img loading=\"lazy\" decoding=\"async\" class=\"size-full wp-image-13263\" src=\"http:\/\/blog.cancaonova.com\/saopaulo\/files\/2014\/09\/Vig\u00edlia-setembro_20141.jpg\" alt=\"Vig\u00edlia setembro_2014\" width=\"800\" height=\"1128\" srcset=\"https:\/\/blog.cancaonova.com\/saopaulo\/files\/2014\/09\/Vig\u00edlia-setembro_20141.jpg 800w, https:\/\/blog.cancaonova.com\/saopaulo\/files\/2014\/09\/Vig\u00edlia-setembro_20141-212x300.jpg 212w\" sizes=\"(max-width: 800px) 100vw, 800px\" \/><\/a><a href=\"http:\/\/blog.cancaonova.com\/saopaulo\/files\/2014\/09\/Vig\u00edlia-setembro_2014.jpg\"><br \/>\n<\/a><\/strong><\/p>\n<p style=\"text-align: left\">\n<p style=\"text-align: left\"><strong>CAN\u00c7\u00c3O NOVA REALIZA VIG\u00cdLIA NO M\u00caS DE SETEMBRO<br \/>\n<\/strong><\/p>\n<p style=\"text-align: justify\">A Comunidade Can\u00e7\u00e3o nova realiza no dia 20 de setembro de 2014 a grande Vig\u00edlia com o tema: <em>&#8220;Felizes s\u00e3o aqueles que n\u00e3o se deixam levar pelos conselhos dos maus&#8221; (Sl1,1)<\/em>. No in\u00edcio da Primavera, tempo das surpresas de Deus, a Can\u00e7\u00e3o Nova prop\u00f5e uma madrugada inteira de ora\u00e7\u00e3o e intercess\u00e3o a partir das 22h00, na Bas\u00edlica Nossa Senhora da Penha, em S\u00e3o Paulo (SP). Na programa\u00e7\u00e3o, haver\u00e1 Missas de abertura e encerramento, prega\u00e7\u00e3o da Palavra, adora\u00e7\u00e3o ao Sant\u00edssimo Sacramento, confiss\u00f5es, louvor e anima\u00e7\u00e3o, com presen\u00e7a de Pe. Adriano Zandon\u00e1, Pe. Emerson Pedroso e Minist\u00e9rio de M\u00fasica Can\u00e7\u00e3o Nova.<\/p>\n<p>Traga a sua fam\u00edlia e venha viver a s\u00e9tima edi\u00e7\u00e3o da Novena das Vig\u00edlias Can\u00e7\u00e3o Nova do ano de 2014, uma noite de muitas ben\u00e7\u00e3os e gra\u00e7as de Deus.<\/p>\n<p>&nbsp;<\/p>\n<p><strong>Tome Nota!<\/strong><\/p>\n<p>7\u00ba Vig\u00edlia da Novena Can\u00e7\u00e3o Nova<\/p>\n<p><strong>Data:<\/strong><\/p>\n<p>20 de setembro de 2014, a partir das 22h00<\/p>\n<p><strong>Tema:<\/strong><\/p>\n<p>&#8220;Felizes s\u00e3o aqueles que n\u00e3o se deixam levar pelos conselhos dos maus&#8221; (Sl1,1)<\/p>\n<p><strong>Presen\u00e7as:<\/strong><\/p>\n<p>Pe. Adriano Zandon\u00e1 (Mission\u00e1rio da Comunidade Can\u00e7\u00e3o Nova)<br \/>\nPe. Emerson Pedroso (Diocese de Osasco)<br \/>\nMinist\u00e9rio de M\u00fasica Can\u00e7\u00e3o Nova<\/p>\n<p><strong>Local:<\/strong><\/p>\n<p>Bas\u00edlica Nossa Senhora da Penha<br \/>\nR. Santo Afonso, 199, Penha, S\u00e3o Paulo (SP)<br \/>\n(Metr\u00f4 Penha)<\/p>\n<p><strong>Como chegar:<\/strong><\/p>\n<p>A Bas\u00edlica Nossa Senhora da Penha \u00e9 pr\u00f3xima a esta\u00e7\u00e3o Penha do metr\u00f4<\/p>\n<p>&nbsp;<\/p>\n<p><strong>Informa\u00e7\u00f5es:<\/strong><\/p>\n<p>&nbsp;<\/p>\n<p>(011) 3382-9800<br \/>\n<a href=\"mailto:eventossp@cancaonova.com\">eventossp@cancaonova.com<\/a><br \/>\nAcesse :<a href=\"http:\/\/www.facebook.com\/cancaonovasp\"> Facebook\/cancaonovasp<\/a> Twitter:<a href=\"http:\/\/twitter.com\/cancaonovasp\"> @cancaonovasp<\/a><\/p>\n","protected":false},"excerpt":{"rendered":"<p>CAN\u00c7\u00c3O NOVA REALIZA VIG\u00cdLIA NO M\u00caS DE SETEMBRO A Comunidade Can\u00e7\u00e3o nova realiza no dia 20 de setembro de 2014 a grande Vig\u00edlia com o tema: &#8220;Felizes s\u00e3o aqueles que n\u00e3o se deixam levar pelos conselhos dos maus&#8221; (Sl1,1). No&#8230;<\/p>\n","protected":false},"author":43,"featured_media":0,"comment_status":"open","ping_status":"closed","sticky":false,"template":"","format":"standard","meta":{"_mi_skip_tracking":false,"_monsterinsights_sitenote_active":false,"_monsterinsights_sitenote_note":"","_monsterinsights_sitenote_category":0,"footnotes":""},"categories":[114,5841,19,2431,15731,47,4861,6661,3691,16984],"tags":[],"_links":{"self":[{"href":"https:\/\/blog.cancaonova.com\/saopaulo\/wp-json\/wp\/v2\/posts\/13258"}],"collection":[{"href":"https:\/\/blog.cancaonova.com\/saopaulo\/wp-json\/wp\/v2\/posts"}],"about":[{"href":"https:\/\/blog.cancaonova.com\/saopaulo\/wp-json\/wp\/v2\/types\/post"}],"author":[{"embeddable":true,"href":"https:\/\/blog.cancaonova.com\/saopaulo\/wp-json\/wp\/v2\/users\/43"}],"replies":[{"embeddable":true,"href":"https:\/\/blog.cancaonova.com\/saopaulo\/wp-json\/wp\/v2\/comments?post=13258"}],"version-history":[{"count":3,"href":"https:\/\/blog.cancaonova.com\/saopaulo\/wp-json\/wp\/v2\/posts\/13258\/revisions"}],"predecessor-version":[{"id":13264,"href":"https:\/\/blog.cancaonova.com\/saopaulo\/wp-json\/wp\/v2\/posts\/13258\/revisions\/13264"}],"wp:attachment":[{"href":"https:\/\/blog.cancaonova.com\/saopaulo\/wp-json\/wp\/v2\/media?parent=13258"}],"wp:term":[{"taxonomy":"category","embeddable":true,"href":"https:\/\/blog.cancaonova.com\/saopaulo\/wp-json\/wp\/v2\/categories?post=13258"},{"taxonomy":"post_tag","embeddable":true,"href":"https:\/\/blog.cancaonova.com\/saopaulo\/wp-json\/wp\/v2\/tags?post=13258"}],"curies":[{"name":"wp","href":"https:\/\/api.w.org\/{rel}","templated":true}]}}