{"id":13287,"date":"2014-10-01T18:03:09","date_gmt":"2014-10-01T21:03:09","guid":{"rendered":"http:\/\/blog.cancaonova.com\/saopaulo\/?p=13287"},"modified":"2014-10-01T18:04:10","modified_gmt":"2014-10-01T21:04:10","slug":"cancao-nova-realiza-vigilia-no-mes-de-outubro","status":"publish","type":"post","link":"https:\/\/blog.cancaonova.com\/saopaulo\/cancao-nova-realiza-vigilia-no-mes-de-outubro\/","title":{"rendered":"Can\u00e7\u00e3o Nova realiza Vig\u00edlia no m\u00eas de outubro"},"content":{"rendered":"<p><strong><a href=\"http:\/\/blog.cancaonova.com\/saopaulo\/files\/2014\/10\/Blog_Cartaz-A3_Vig\u00edlia.png\"><img loading=\"lazy\" decoding=\"async\" class=\"size-full wp-image-13288 aligncenter\" src=\"http:\/\/blog.cancaonova.com\/saopaulo\/files\/2014\/10\/Blog_Cartaz-A3_Vig\u00edlia.png\" alt=\"Blog_Cartaz-A3_Vig\u00edlia\" width=\"800\" height=\"1131\" srcset=\"https:\/\/blog.cancaonova.com\/saopaulo\/files\/2014\/10\/Blog_Cartaz-A3_Vig\u00edlia.png 800w, https:\/\/blog.cancaonova.com\/saopaulo\/files\/2014\/10\/Blog_Cartaz-A3_Vig\u00edlia-212x300.png 212w\" sizes=\"(max-width: 800px) 100vw, 800px\" \/><\/a><br \/>\nCAN\u00c7\u00c3O NOVA REALIZA VIG\u00cdLIA NO M\u00caS DE OUTUBRO<\/strong><\/p>\n<p style=\"text-align: justify\">A Comunidade Can\u00e7\u00e3o Nova realiza no dia 11 de outubro de 2014 a grande Vig\u00edlia com o tema: \u201cP\u00f5e no Senhor as tuas del\u00edcias e o Senhor atender\u00e1 o que o seu cora\u00e7\u00e3o deseja\u201d (Sl 36,4). Ser\u00e1 uma madrugada inteira de ora\u00e7\u00e3o e intercess\u00e3o a partir das 22h00, na Bas\u00edlica Nossa Senhora da Penha, em S\u00e3o Paulo (SP). Na programa\u00e7\u00e3o, haver\u00e1 Missas de abertura e encerramento, prega\u00e7\u00e3o da Palavra, adora\u00e7\u00e3o ao Sant\u00edssimo Sacramento, confiss\u00f5es, louvor e anima\u00e7\u00e3o, com presen\u00e7a de Pe. Paulinho, Pe. Anderson Andrade e Minist\u00e9rio de M\u00fasica Can\u00e7\u00e3o Nova. Traga a sua fam\u00edlia e venha viver a oitava edi\u00e7\u00e3o da Novena das Vig\u00edlias Can\u00e7\u00e3o Nova do ano de 2014, uma noite de muitas ben\u00e7\u00e3os e gra\u00e7as de Deus.<\/p>\n<p><strong>Tome Nota!<\/strong><\/p>\n<p>8\u00ba Vig\u00edlia da Novena Can\u00e7\u00e3o Nova<\/p>\n<p><strong>Data:<\/strong><\/p>\n<p>11 de outubro de 2014, a partir das 22h00<\/p>\n<p><strong>Tema:<\/strong><\/p>\n<p>\u201cP\u00f5e no Senhor as tuas del\u00edcias e o Senhor atender\u00e1 o que o seu cora\u00e7\u00e3o deseja\u201d (Sl 36,4)<\/p>\n<p><strong>Presen\u00e7as:<\/strong><\/p>\n<p>Pe. Paulinho (Mission\u00e1rio da Comunidade Can\u00e7\u00e3o Nova)<br \/>\nPe. Anderson Andrade (Diocese de Santo Amaro)<br \/>\nMinist\u00e9rio de M\u00fasica Can\u00e7\u00e3o Nova<\/p>\n<p><strong>Local:<\/strong><\/p>\n<p>Bas\u00edlica Nossa Senhora da Penha<br \/>\nR. Santo Afonso, 199, Penha, S\u00e3o Paulo (SP)<br \/>\n(Metr\u00f4 Penha)<\/p>\n<p><strong>Como chegar:<\/strong><\/p>\n<p>A Bas\u00edlica Nossa Senhora da Penha \u00e9 pr\u00f3xima a esta\u00e7\u00e3o Penha do metr\u00f4<\/p>\n<p><strong>Informa\u00e7\u00f5es:<\/strong><\/p>\n<p>(011) 3382-9800<br \/>\n<a href=\"mailto:eventossp@cancaonova.com\">eventossp@cancaonova.com<\/a><br \/>\nAcesse : <a href=\"http:\/\/www.facebook\/cancaonovasp\">Facebook\/cancaonovasp<\/a> Twitter: <a href=\"http:\/\/twitter.com\/cancaonovasp\">@cancaonovasp<\/a><\/p>\n","protected":false},"excerpt":{"rendered":"<p>CAN\u00c7\u00c3O NOVA REALIZA VIG\u00cdLIA NO M\u00caS DE OUTUBRO A Comunidade Can\u00e7\u00e3o Nova realiza no dia 11 de outubro de 2014 a grande Vig\u00edlia com o tema: \u201cP\u00f5e no Senhor as tuas del\u00edcias e o Senhor atender\u00e1 o que o seu&#8230;<\/p>\n","protected":false},"author":43,"featured_media":0,"comment_status":"open","ping_status":"closed","sticky":false,"template":"","format":"standard","meta":{"_mi_skip_tracking":false,"_monsterinsights_sitenote_active":false,"_monsterinsights_sitenote_note":"","_monsterinsights_sitenote_category":0,"footnotes":""},"categories":[5841,19,15731,47,4861,6661,16984],"tags":[],"_links":{"self":[{"href":"https:\/\/blog.cancaonova.com\/saopaulo\/wp-json\/wp\/v2\/posts\/13287"}],"collection":[{"href":"https:\/\/blog.cancaonova.com\/saopaulo\/wp-json\/wp\/v2\/posts"}],"about":[{"href":"https:\/\/blog.cancaonova.com\/saopaulo\/wp-json\/wp\/v2\/types\/post"}],"author":[{"embeddable":true,"href":"https:\/\/blog.cancaonova.com\/saopaulo\/wp-json\/wp\/v2\/users\/43"}],"replies":[{"embeddable":true,"href":"https:\/\/blog.cancaonova.com\/saopaulo\/wp-json\/wp\/v2\/comments?post=13287"}],"version-history":[{"count":2,"href":"https:\/\/blog.cancaonova.com\/saopaulo\/wp-json\/wp\/v2\/posts\/13287\/revisions"}],"predecessor-version":[{"id":13290,"href":"https:\/\/blog.cancaonova.com\/saopaulo\/wp-json\/wp\/v2\/posts\/13287\/revisions\/13290"}],"wp:attachment":[{"href":"https:\/\/blog.cancaonova.com\/saopaulo\/wp-json\/wp\/v2\/media?parent=13287"}],"wp:term":[{"taxonomy":"category","embeddable":true,"href":"https:\/\/blog.cancaonova.com\/saopaulo\/wp-json\/wp\/v2\/categories?post=13287"},{"taxonomy":"post_tag","embeddable":true,"href":"https:\/\/blog.cancaonova.com\/saopaulo\/wp-json\/wp\/v2\/tags?post=13287"}],"curies":[{"name":"wp","href":"https:\/\/api.w.org\/{rel}","templated":true}]}}