{"id":13361,"date":"2014-10-22T14:48:13","date_gmt":"2014-10-22T17:48:13","guid":{"rendered":"http:\/\/blog.cancaonova.com\/saopaulo\/?p=13361"},"modified":"2014-10-22T14:56:03","modified_gmt":"2014-10-22T17:56:03","slug":"dom-odilo-fala-sobre-a-beatificacao-de-madre-assunta-marchetti","status":"publish","type":"post","link":"https:\/\/blog.cancaonova.com\/saopaulo\/dom-odilo-fala-sobre-a-beatificacao-de-madre-assunta-marchetti\/","title":{"rendered":"Dom Odilo fala sobre a beatifica\u00e7\u00e3o de Madre Assunta Marchetti"},"content":{"rendered":"<p style=\"text-align: justify\">Assista ao Programa Disc\u00edpulos e Mission\u00e1rios, \u00e0s ter\u00e7as-feiras, 19:30h, pela <a href=\"http:\/\/tv.cancaonova.com\/\">TV Can\u00e7\u00e3o Nova<\/a>. O programa \u00e9 apresentado por <a href=\"\/\/twitter.com\/DomOdiloScherer\">Dom Odilo Pedro Scherer<\/a> &#8211; <a href=\"\/\/www.arquidiocesedesaopaulo.org\">Arcebispo Metropolitano de S\u00e3o Paulo<\/a>.<\/p>\n<p style=\"text-align: justify\">O Cardeal metropolitano de S\u00e3o Paulo recorda que este \u00faltimo domingo foi dedicado especialmente\u00a0\u00e0s miss\u00f5es, e tamb\u00e9m convida a todos para a celebra\u00e7\u00e3o da beatifica\u00e7\u00e3o de Madre Assunta Marchetti. Ser\u00e1 neste s\u00e1bado, 25 de outubro de 2014, na Catedral da S\u00e9, \u00e0s 10h00, com transmiss\u00e3o ao vivo pela TV Can\u00e7\u00e3o Nova.<\/p>\n<p>Voc\u00ea conhece a hist\u00f3ria de Madre Assunta? Ent\u00e3o assista ao v\u00eddeo e conhe\u00e7a essa mais nova beata da Igreja!<\/p>\n<p><iframe loading=\"lazy\" title=\"DISC\u00c3\u008dPULOS E MISSION\u00c3\u0081RIOS - IGREJA MISSION\u00c3\u0081RIA \/ BEATIFICA\u00c3\u0087\u00c3\u0083O MADRE ASSUNTA - 21\/10\/2014-\" width=\"600\" height=\"450\" src=\"https:\/\/www.youtube.com\/embed\/vpaLYem9fFQ?feature=oembed&amp;rel=0\" frameborder=\"0\" allow=\"accelerometer; autoplay; clipboard-write; encrypted-media; gyroscope; picture-in-picture; web-share\" referrerpolicy=\"strict-origin-when-cross-origin\" allowfullscreen><\/iframe><\/p>\n","protected":false},"excerpt":{"rendered":"<p>Assista ao Programa Disc\u00edpulos e Mission\u00e1rios, \u00e0s ter\u00e7as-feiras, 19:30h, pela TV Can\u00e7\u00e3o Nova. O programa \u00e9 apresentado por Dom Odilo Pedro Scherer &#8211; Arcebispo Metropolitano de S\u00e3o Paulo. O Cardeal metropolitano de S\u00e3o Paulo recorda que este \u00faltimo domingo foi&#8230;<\/p>\n","protected":false},"author":43,"featured_media":0,"comment_status":"open","ping_status":"closed","sticky":false,"template":"","format":"standard","meta":{"_mi_skip_tracking":false,"_monsterinsights_sitenote_active":false,"_monsterinsights_sitenote_note":"","_monsterinsights_sitenote_category":0,"footnotes":""},"categories":[5841,19,23,3,32,47,4861,3691],"tags":[],"_links":{"self":[{"href":"https:\/\/blog.cancaonova.com\/saopaulo\/wp-json\/wp\/v2\/posts\/13361"}],"collection":[{"href":"https:\/\/blog.cancaonova.com\/saopaulo\/wp-json\/wp\/v2\/posts"}],"about":[{"href":"https:\/\/blog.cancaonova.com\/saopaulo\/wp-json\/wp\/v2\/types\/post"}],"author":[{"embeddable":true,"href":"https:\/\/blog.cancaonova.com\/saopaulo\/wp-json\/wp\/v2\/users\/43"}],"replies":[{"embeddable":true,"href":"https:\/\/blog.cancaonova.com\/saopaulo\/wp-json\/wp\/v2\/comments?post=13361"}],"version-history":[{"count":1,"href":"https:\/\/blog.cancaonova.com\/saopaulo\/wp-json\/wp\/v2\/posts\/13361\/revisions"}],"predecessor-version":[{"id":13362,"href":"https:\/\/blog.cancaonova.com\/saopaulo\/wp-json\/wp\/v2\/posts\/13361\/revisions\/13362"}],"wp:attachment":[{"href":"https:\/\/blog.cancaonova.com\/saopaulo\/wp-json\/wp\/v2\/media?parent=13361"}],"wp:term":[{"taxonomy":"category","embeddable":true,"href":"https:\/\/blog.cancaonova.com\/saopaulo\/wp-json\/wp\/v2\/categories?post=13361"},{"taxonomy":"post_tag","embeddable":true,"href":"https:\/\/blog.cancaonova.com\/saopaulo\/wp-json\/wp\/v2\/tags?post=13361"}],"curies":[{"name":"wp","href":"https:\/\/api.w.org\/{rel}","templated":true}]}}