{"id":13405,"date":"2014-11-11T09:38:06","date_gmt":"2014-11-11T12:38:06","guid":{"rendered":"http:\/\/blog.cancaonova.com\/saopaulo\/?p=13405"},"modified":"2014-11-12T15:07:45","modified_gmt":"2014-11-12T18:07:45","slug":"13405","status":"publish","type":"post","link":"https:\/\/blog.cancaonova.com\/saopaulo\/13405\/","title":{"rendered":"Can\u00e7\u00e3o Nova realiza Tr\u00edduo de Natal"},"content":{"rendered":"<p><a href=\"http:\/\/blog.cancaonova.com\/saopaulo\/files\/2014\/11\/Tr\u00edduo-de-Natal2.png\"><img loading=\"lazy\" decoding=\"async\" class=\"size-full wp-image-13414 aligncenter\" src=\"http:\/\/blog.cancaonova.com\/saopaulo\/files\/2014\/11\/Tr\u00edduo-de-Natal2.png\" alt=\"Tr\u00edduo-de-Natal\" width=\"800\" height=\"1131\" srcset=\"https:\/\/blog.cancaonova.com\/saopaulo\/files\/2014\/11\/Tr\u00edduo-de-Natal2.png 800w, https:\/\/blog.cancaonova.com\/saopaulo\/files\/2014\/11\/Tr\u00edduo-de-Natal2-212x300.png 212w\" sizes=\"(max-width: 800px) 100vw, 800px\" \/><\/a><\/p>\n<p><strong>CAN\u00c7\u00c3O NOVA REALIZA TR\u00cdDUO DE NATAL<\/strong><\/p>\n<p style=\"text-align: justify\">A Comunidade Can\u00e7\u00e3o Nova realiza nos dias 03, 10 e 17 de dezembro de 2014 (quartas-feiras), \u00e0s 20h00, o Tr\u00edduo de Natal, com Celebra\u00e7\u00f5es Eucar\u00edsticas presididas pelo Pe. Adriano Zandon\u00e1 e Pe. Paulinho, da Comunidade Can\u00e7\u00e3o Nova. O Tr\u00edduo \u00e9 uma forma de prepara\u00e7\u00e3o para a grande festa do nascimento de Jesus celebrada no dia 25 de dezembro, e contar\u00e1 com uma programa\u00e7\u00e3o rica em c\u00e2nticos natalinos, ora\u00e7\u00f5es lit\u00fargicas e medita\u00e7\u00f5es cheias de significados partilhados no tempo que antecede a Festa Lit\u00fargica do Natal, o Advento.<\/p>\n<p style=\"text-align: justify\">Participe e viva conosco este tempo de expectativa do Senhor que nasce no cora\u00e7\u00e3o de todos aqueles que creem!<\/p>\n<p><strong>Tome Nota!<\/strong><\/p>\n<p>Tr\u00edduo de Natal<\/p>\n<p><strong>Data:<\/strong><\/p>\n<p>03, 10 e 17 de dezembro (quartas-feiras), \u00e0s 20h00<\/p>\n<p><strong>Local:<\/strong><\/p>\n<p>Catedral Maronita Nossa Senhora do L\u00edbano<br \/>\nR. Tamandar\u00e9, 355, Liberdade, S\u00e3o Paulo\/SP<br \/>\n(metr\u00f4 S\u00e3o Joaquim ou Linha 4114-10 Vila Gumercindo)<\/p>\n<p><strong>Informa\u00e7\u00f5es:<\/strong><\/p>\n<p>(11) 3382-9800 ou <a href=\"mailto:eventossp@cancaonova.com\">eventossp@cancaonova.com<\/a><\/p>\n<p>&nbsp;<\/p>\n","protected":false},"excerpt":{"rendered":"<p>CAN\u00c7\u00c3O NOVA REALIZA TR\u00cdDUO DE NATAL A Comunidade Can\u00e7\u00e3o Nova realiza nos dias 03, 10 e 17 de dezembro de 2014 (quartas-feiras), \u00e0s 20h00, o Tr\u00edduo de Natal, com Celebra\u00e7\u00f5es Eucar\u00edsticas presididas pelo Pe. Adriano Zandon\u00e1 e Pe. Paulinho, da&#8230;<\/p>\n","protected":false},"author":43,"featured_media":0,"comment_status":"open","ping_status":"closed","sticky":false,"template":"","format":"standard","meta":{"_mi_skip_tracking":false,"_monsterinsights_sitenote_active":false,"_monsterinsights_sitenote_note":"","_monsterinsights_sitenote_category":0,"footnotes":""},"categories":[114,5841,19,23,15731,3,32,47,4861],"tags":[],"_links":{"self":[{"href":"https:\/\/blog.cancaonova.com\/saopaulo\/wp-json\/wp\/v2\/posts\/13405"}],"collection":[{"href":"https:\/\/blog.cancaonova.com\/saopaulo\/wp-json\/wp\/v2\/posts"}],"about":[{"href":"https:\/\/blog.cancaonova.com\/saopaulo\/wp-json\/wp\/v2\/types\/post"}],"author":[{"embeddable":true,"href":"https:\/\/blog.cancaonova.com\/saopaulo\/wp-json\/wp\/v2\/users\/43"}],"replies":[{"embeddable":true,"href":"https:\/\/blog.cancaonova.com\/saopaulo\/wp-json\/wp\/v2\/comments?post=13405"}],"version-history":[{"count":5,"href":"https:\/\/blog.cancaonova.com\/saopaulo\/wp-json\/wp\/v2\/posts\/13405\/revisions"}],"predecessor-version":[{"id":13415,"href":"https:\/\/blog.cancaonova.com\/saopaulo\/wp-json\/wp\/v2\/posts\/13405\/revisions\/13415"}],"wp:attachment":[{"href":"https:\/\/blog.cancaonova.com\/saopaulo\/wp-json\/wp\/v2\/media?parent=13405"}],"wp:term":[{"taxonomy":"category","embeddable":true,"href":"https:\/\/blog.cancaonova.com\/saopaulo\/wp-json\/wp\/v2\/categories?post=13405"},{"taxonomy":"post_tag","embeddable":true,"href":"https:\/\/blog.cancaonova.com\/saopaulo\/wp-json\/wp\/v2\/tags?post=13405"}],"curies":[{"name":"wp","href":"https:\/\/api.w.org\/{rel}","templated":true}]}}