{"id":13430,"date":"2015-03-19T12:00:26","date_gmt":"2015-03-19T15:00:26","guid":{"rendered":"http:\/\/blog.cancaonova.com\/saopaulo\/?p=13430"},"modified":"2015-03-19T12:08:55","modified_gmt":"2015-03-19T15:08:55","slug":"i-cancao-nova-abraca-sao-paulo-2015-sera-no-ginasio-do-ibirapuera","status":"publish","type":"post","link":"https:\/\/blog.cancaonova.com\/saopaulo\/i-cancao-nova-abraca-sao-paulo-2015-sera-no-ginasio-do-ibirapuera\/","title":{"rendered":"I Can\u00e7\u00e3o Nova Abra\u00e7a S\u00e3o Paulo 2015 ser\u00e1 no Gin\u00e1sio do Ibirapuera"},"content":{"rendered":"<p><a href=\"http:\/\/blog.cancaonova.com\/saopaulo\/files\/2015\/01\/E-FLYER-CN-Abra\u00e7a-2015_mudan\u00e7a-logotipo-2.png\"><img loading=\"lazy\" decoding=\"async\" class=\"size-full wp-image-13431 aligncenter\" src=\"http:\/\/blog.cancaonova.com\/saopaulo\/files\/2015\/01\/E-FLYER-CN-Abra\u00e7a-2015_mudan\u00e7a-logotipo-2.png\" alt=\"E-FLYER-CN-Abra\u00e7a-2015_mudan\u00e7a-logotipo-2\" width=\"800\" height=\"1125\" srcset=\"https:\/\/blog.cancaonova.com\/saopaulo\/files\/2015\/01\/E-FLYER-CN-Abra\u00e7a-2015_mudan\u00e7a-logotipo-2.png 800w, https:\/\/blog.cancaonova.com\/saopaulo\/files\/2015\/01\/E-FLYER-CN-Abra\u00e7a-2015_mudan\u00e7a-logotipo-2-213x300.png 213w\" sizes=\"(max-width: 800px) 100vw, 800px\" \/><\/a><\/p>\n<p><strong>I CAN\u00c7\u00c3O NOVA ABRA\u00c7A S\u00c3O PAULO 2015 SER\u00c1 NO GIN\u00c1SIO DO IBIRAPUERA<\/strong><br \/>\n<em>Evento re\u00fane milhares de pessoas para um dia inteiro de ora\u00e7\u00e3o na capital paulista<\/em><\/p>\n<p style=\"text-align: justify\">A Comunidade Can\u00e7\u00e3o Nova promove o I Kair\u00f3s Can\u00e7\u00e3o Nova Abra\u00e7a S\u00e3o Paulo 2015, e convida voc\u00ea para este imenso abra\u00e7o. O primeiro evento do ano acontecer\u00e1 no dia 22 de mar\u00e7o, no Gin\u00e1sio do Ibirapuera, S\u00e3o Paulo (SP). O tema deste evento norteia todas as iniciativas evangelizadoras da Can\u00e7\u00e3o Nova na capital paulista neste ano de 2015: &#8220;Agindo Deus, quem impedir\u00e1?&#8221; (Is 43,13). O encontro ser\u00e1 realizado das 07h30 \u00e0s 18h00. Os port\u00f5es estar\u00e3o abertos para receber os participantes a partir das 07h00. A programa\u00e7\u00e3o estar\u00e1 cheia de momentos de ora\u00e7\u00e3o. Haver\u00e1 tamb\u00e9m adora\u00e7\u00e3o, prega\u00e7\u00f5es e Missa de encerramento.<\/p>\n<p style=\"text-align: justify\">O I Can\u00e7\u00e3o Nova Abra\u00e7a S\u00e3o Paulo traz as presen\u00e7as de Pe. Adriano Zandon\u00e1, Pe. Paulinho, Pe. Chrystian Shankar, M\u00e1rcio Mendes, Celina Borges, Dunga, Felipe, Paula Guimar\u00e3es e Minist\u00e9rio de M\u00fasica Can\u00e7\u00e3o Nova. As vagas s\u00e3o limitadas. Para participar, basta adquirir o ingresso levando 1 kg de alimento n\u00e3o perec\u00edvel a um dos seguintes pontos de distribui\u00e7\u00e3o: Casa de Evangeliza\u00e7\u00e3o Can\u00e7\u00e3o Nova S\u00e3o Paulo e Loja Can\u00e7\u00e3o Nova de S\u00e3o Paulo.<\/p>\n<p style=\"text-align: justify\">A Can\u00e7\u00e3o Nova quer continuar levando este abra\u00e7o de Deus \u00e0 milhares de pessoas, de diversos lugares, ficando muito mais pr\u00f3xima dos S\u00f3cios Evangelizadores e daqueles que fazem esta obra acontecer aqui em S\u00e3o Paulo e em todo o mundo. Portanto, o convite \u00e9 para todos aqueles que desejam fazer esta experi\u00eancia de f\u00e9. Abrace voc\u00ea tamb\u00e9m! Porque quanto mais gente abra\u00e7a, mais a gente evangeliza.<\/p>\n<p><strong>Confira a programa\u00e7\u00e3o:<\/p>\n<p><a href=\"http:\/\/blog.cancaonova.com\/saopaulo\/files\/2014\/10\/Programa\u00e7\u00e3o1.png\"><img loading=\"lazy\" decoding=\"async\" class=\"aligncenter wp-image-13535\" src=\"http:\/\/blog.cancaonova.com\/saopaulo\/files\/2014\/10\/Programa\u00e7\u00e3o1-600x300.png\" alt=\"Programa\u00e7\u00e3o\" width=\"600\" height=\"300\" srcset=\"https:\/\/blog.cancaonova.com\/saopaulo\/files\/2014\/10\/Programa\u00e7\u00e3o1-600x300.png 600w, https:\/\/blog.cancaonova.com\/saopaulo\/files\/2014\/10\/Programa\u00e7\u00e3o1-300x150.png 300w, https:\/\/blog.cancaonova.com\/saopaulo\/files\/2014\/10\/Programa\u00e7\u00e3o1-150x75.png 150w\" sizes=\"(max-width: 600px) 100vw, 600px\" \/><\/a><\/strong><\/p>\n<p><strong>Tome Nota!<\/strong><\/p>\n<p>I Can\u00e7\u00e3o Nova Abra\u00e7a S\u00e3o Paulo 2015<\/p>\n<p><strong>Tema:<\/strong><\/p>\n<p>&#8220;Agindo Deus, quem impedir\u00e1?&#8221; (Is 43,13)<\/p>\n<p><strong>Data:<\/strong><\/p>\n<p>22 de mar\u00e7o de 2015, das 07h30 \u00e0s 18h00 (abertura dos port\u00f5es \u00e0s 07h00)<\/p>\n<p><strong>Presen\u00e7as Confirmadas:<\/strong><\/p>\n<p>Pe. Adriano Zandon\u00e1 (Mission\u00e1rio da Comunidade Can\u00e7\u00e3o Nova)<br \/>\nPe. Paulinho (Mission\u00e1rio da Comunidade Can\u00e7\u00e3o Nova<br \/>\nPe. Chrystian Shankar (sacerdote em Divin\u00f3polis &#8211; MG, apresentador da TV Can\u00e7\u00e3o Nova)<br \/>\nM\u00e1rcio Mendes &#8211; (pregador ministeriado em cura e liberta\u00e7\u00e3o, autor de livros e apresentador da TV Can\u00e7\u00e3o Nova)<br \/>\nCelina Borges (cantora cat\u00f3lica)<br \/>\nDunga (Mission\u00e1rio da Comunidade Can\u00e7\u00e3o Nova)<br \/>\nFelipe e Paula Guimar\u00e3es (Comunidade Can\u00e7\u00e3o Nova)<br \/>\nMinist\u00e9rio de M\u00fasica Can\u00e7\u00e3o Nova S\u00e3o Paulo<\/p>\n<p><strong>Local:<\/strong><\/p>\n<p>Gin\u00e1sio do Ibirapuera<br \/>\nR. Manoel da N\u00f3brega, 1361, Para\u00edso, S\u00e3o Paulo (SP)<\/p>\n<p><strong>Entrada:<\/strong><\/p>\n<p>Ingressos antecipados. Levar 1 Kg de alimento, o qual dever\u00e1 ser entregue no ato da retirada do ingresso.<\/p>\n<p><strong>Postos de distribui\u00e7\u00e3o dos ingressos:<\/strong><\/p>\n<p>Casa de Evangeliza\u00e7\u00e3o Can\u00e7\u00e3o Nova<br \/>\nR. Tamandar\u00e9, 355, Liberdade, S\u00e3o Paulo (SP)<br \/>\n(Metr\u00f4 S\u00e3o Joaquim ou Linha 4114-10 Vila Gumercindo)<br \/>\nInforma\u00e7\u00f5es: (11) 3382-9800(11) 3382-9800 ou eventossp@cancaonova.com<\/p>\n<p><strong>Loja Can\u00e7\u00e3o Nova<\/strong><br \/>\nR. S\u00e3o Bento, 43, Centro, S\u00e3o Paulo (SP)<br \/>\n(Metr\u00f4 S\u00e9)<br \/>\nInforma\u00e7\u00f5es: (11) 3587-3141(11) 3587-3141<\/p>\n<p><strong>Informa\u00e7\u00f5es gerais sobre o evento:<\/strong><br \/>\n(11) 3382-9800(11) 3382-9800 ou <a href=\"mailto:eventossp@cancaonova.com\">eventossp@cancaonova.com<\/a><br \/>\nAcesse: <a href=\"http:\/\/saopaulo.cancaonova.com\">saopaulo.cancaonova.com<\/a><\/p>\n","protected":false},"excerpt":{"rendered":"<p>I CAN\u00c7\u00c3O NOVA ABRA\u00c7A S\u00c3O PAULO 2015 SER\u00c1 NO GIN\u00c1SIO DO IBIRAPUERA Evento re\u00fane milhares de pessoas para um dia inteiro de ora\u00e7\u00e3o na capital paulista A Comunidade Can\u00e7\u00e3o Nova promove o I Kair\u00f3s Can\u00e7\u00e3o Nova Abra\u00e7a S\u00e3o Paulo 2015,&#8230;<\/p>\n","protected":false},"author":43,"featured_media":0,"comment_status":"open","ping_status":"closed","sticky":false,"template":"","format":"standard","meta":{"_mi_skip_tracking":false,"_monsterinsights_sitenote_active":false,"_monsterinsights_sitenote_note":"","_monsterinsights_sitenote_category":0,"footnotes":""},"categories":[156539,19,15731,47,4861,6661,3691],"tags":[],"_links":{"self":[{"href":"https:\/\/blog.cancaonova.com\/saopaulo\/wp-json\/wp\/v2\/posts\/13430"}],"collection":[{"href":"https:\/\/blog.cancaonova.com\/saopaulo\/wp-json\/wp\/v2\/posts"}],"about":[{"href":"https:\/\/blog.cancaonova.com\/saopaulo\/wp-json\/wp\/v2\/types\/post"}],"author":[{"embeddable":true,"href":"https:\/\/blog.cancaonova.com\/saopaulo\/wp-json\/wp\/v2\/users\/43"}],"replies":[{"embeddable":true,"href":"https:\/\/blog.cancaonova.com\/saopaulo\/wp-json\/wp\/v2\/comments?post=13430"}],"version-history":[{"count":7,"href":"https:\/\/blog.cancaonova.com\/saopaulo\/wp-json\/wp\/v2\/posts\/13430\/revisions"}],"predecessor-version":[{"id":13537,"href":"https:\/\/blog.cancaonova.com\/saopaulo\/wp-json\/wp\/v2\/posts\/13430\/revisions\/13537"}],"wp:attachment":[{"href":"https:\/\/blog.cancaonova.com\/saopaulo\/wp-json\/wp\/v2\/media?parent=13430"}],"wp:term":[{"taxonomy":"category","embeddable":true,"href":"https:\/\/blog.cancaonova.com\/saopaulo\/wp-json\/wp\/v2\/categories?post=13430"},{"taxonomy":"post_tag","embeddable":true,"href":"https:\/\/blog.cancaonova.com\/saopaulo\/wp-json\/wp\/v2\/tags?post=13430"}],"curies":[{"name":"wp","href":"https:\/\/api.w.org\/{rel}","templated":true}]}}