{"id":15100,"date":"2017-02-07T13:03:22","date_gmt":"2017-02-07T15:03:22","guid":{"rendered":"http:\/\/blog.cancaonova.com\/saopaulo\/?p=15100"},"modified":"2017-02-07T13:03:22","modified_gmt":"2017-02-07T15:03:22","slug":"ja-e-hora-de-despertar-cerco-de-jerico","status":"publish","type":"post","link":"https:\/\/blog.cancaonova.com\/saopaulo\/ja-e-hora-de-despertar-cerco-de-jerico\/","title":{"rendered":"\u201cJ\u00e1 \u00e9 hora de despertar!'' Cerco de Jeric\u00f3."},"content":{"rendered":"<p><img loading=\"lazy\" decoding=\"async\" class=\"wp-image-15101 alignleft\" src=\"http:\/\/blog.cancaonova.com\/saopaulo\/files\/2017\/02\/A3-CercodeJeric\u00f3-1-214x300.png\" alt=\"A3-CercodeJeric\u00f3 (1)\" width=\"404\" height=\"567\" srcset=\"https:\/\/blog.cancaonova.com\/saopaulo\/files\/2017\/02\/A3-CercodeJeric\u00f3-1-214x300.png 214w, https:\/\/blog.cancaonova.com\/saopaulo\/files\/2017\/02\/A3-CercodeJeric\u00f3-1.png 713w\" sizes=\"(max-width: 404px) 100vw, 404px\" \/><em>\u201cJ\u00e1 \u00e9 hora de despertar! <\/em><\/p>\n<p style=\"text-align: left\"><em>Despojemo-nos das a\u00e7\u00f5es das trevas e vistamos as armas da luz\u201d \u00a0 \u00a0\u00a0<\/em><em>(Rm 13, 11-12)<\/em><\/p>\n<p style=\"text-align: left\"><strong>CAN\u00c7\u00c3O NOVA REALIZA CERCO DE JERIC\u00d3<\/strong><\/p>\n<p style=\"text-align: left\">A Comunidade Can\u00e7\u00e3o Nova realiza, entre os dias 13 de fevereiro e 27 de mar\u00e7o, \u00e0s segundas-feiras, o grande <strong>Cerco de Jeric\u00f3<\/strong>, na Catedral Maronita Nossa Senhora do L\u00edbano, Liberdade, S\u00e3o Paulo (SP). Ao todo s\u00e3o sete Celebra\u00e7\u00f5es Eucar\u00edsticas presididas pelo <strong>Pe. Adriano Zandon\u00e1<\/strong> e transmitidas ao vivo pela TV Can\u00e7\u00e3o Nova, com in\u00edcio \u00e0s <strong>19h30h.<\/strong><\/p>\n<p style=\"text-align: left\">Cantores cat\u00f3licos v\u00e3o animar as Santas Missas, e cada encontro ser\u00e1 encerrado com a adora\u00e7\u00e3o ao Sant\u00edssimo Sacramento e a ora\u00e7\u00e3o de \u201cquebra das muralhas de Jeric\u00f3\u201d, um momento em que cada participante poder\u00e1 interceder pela quebra das \u201cmuralhas\u201d de sua vida pessoal e de seus relacionamentos familiares, e por diversas inten\u00e7\u00f5es.<\/p>\n<p style=\"text-align: left\"><strong>Confira a programa\u00e7\u00e3o e os temas de cada dia do Cerco de Jeric\u00f3:<\/strong><\/p>\n<p style=\"text-align: left\">13\/02: Derrubar muralhas pela for\u00e7a do amor e do cuidado<\/p>\n<p style=\"text-align: left\">20\/02: N\u00e3o desanime, o Senhor caminha contigo!<\/p>\n<p style=\"text-align: left\">27\/02: Derrubando as muralhas erguidas pelo pecado: liberta\u00e7\u00e3o dos jugos espirituais e comportamentais<\/p>\n<p style=\"text-align: left\">06\/03: Cultivar a f\u00e9 que abre portas e derruba muralhas<\/p>\n<p style=\"text-align: left\">13\/03: Curando as feridas emocionais para amadurecer<\/p>\n<p style=\"text-align: left\">20\/03: Libertar pela for\u00e7a do exemplo<\/p>\n<p style=\"text-align: left\">27\/03: Libertos para viver um novo tempo!<\/p>\n<p style=\"text-align: left\">Sobre o<strong> Cerco de Jeric\u00f3:<\/strong><\/p>\n<p style=\"text-align: left\">A pr\u00e1tica do Cerco de Jeric\u00f3, que foi baseada nas Sagradas Escrituras, nasceu na Pol\u00f4nia. Consiste na ora\u00e7\u00e3o incessante e suplicante,\u00a0durante sete dias e seis noites, diante do Sant\u00edssimo Sacramento exposto. No Antigo Testamento, depois da morte de Mois\u00e9s, Deus escolheu Josu\u00e9 para conduzir o povo hebreu. Deus disse ao sucessor de Mois\u00e9s que atravessasse o Jord\u00e3o com todo o povo e tomasse posse da Terra Prometida. A cidade de Jeric\u00f3 era uma fortaleza inexpugn\u00e1vel. Ao chegar junto \u00e0s muralhas de Jeric\u00f3, Josu\u00e9 ergueu os olhos e viu um anjo, com uma espada na m\u00e3o, que lhe deu ordens concretas e detalhadas. Ele e todo o povo executaram fielmente as ordens recebidas: durante seis dias, os valentes guerreiros de Israel deram uma volta em torno da cidade. No s\u00e9timo dia, deram sete voltas ao redor dela. Durante a s\u00e9tima volta, ao som da trombeta, todo o povo levantou um grande clamor e, pelo poder de Deus, as muralhas de Jeric\u00f3 ca\u00edram (<em>cf. Josu\u00e9 6, 1-19).<\/em><\/p>\n<p style=\"text-align: left\">Participe conosco desta maravilhosa jornada de ora\u00e7\u00e3o!<\/p>\n<p style=\"text-align: left\"><strong>\u00a0<\/strong><strong>Tome Nota!<br \/>\n<\/strong>Cerco de Jeric\u00f3<\/p>\n<p style=\"text-align: left\"><strong>Data:<br \/>\n<\/strong>13 de fevereiro \u00e0 27 de mar\u00e7o, \u00e0s segundas-feiras<\/p>\n<p style=\"text-align: left\"><strong>Hor\u00e1rio:<br \/>\n<\/strong>19h30 | Santa Missa (transmitida ao vivo pela TV Can\u00e7\u00e3o Nova)<\/p>\n<p style=\"text-align: left\">21h | Adora\u00e7\u00e3o ao Sant\u00edssimo Sacramento<\/p>\n<p style=\"text-align: left\"><strong>Local:<\/strong><\/p>\n<p style=\"text-align: left\">Catedral Maronita Nossa Senhora do L\u00edbano<\/p>\n<ol style=\"text-align: left\">\n<li>Tamandar\u00e9, 355, Liberdade, S\u00e3o Paulo (SP)<\/li>\n<\/ol>\n<p style=\"text-align: left\">(metr\u00f4 S\u00e3o Joaquim)<\/p>\n<p style=\"text-align: left\">\n<p style=\"text-align: left\"><strong>Celebrante<\/strong>: Pe. Adriano Zandon\u00e1<\/p>\n<p style=\"text-align: left\"><strong>\u00a0<\/strong><\/p>\n<p style=\"text-align: left\"><strong>Informa\u00e7\u00f5es:<\/strong><\/p>\n<p style=\"text-align: left\">(11) 33829800 ou <a href=\"mailto:eventossp@cancaonova.com\">eventossp@cancaonova.com<\/a><\/p>\n<p>&nbsp;<\/p>\n","protected":false},"excerpt":{"rendered":"<p>\u201cJ\u00e1 \u00e9 hora de despertar! Despojemo-nos das a\u00e7\u00f5es das trevas e vistamos as armas da luz\u201d \u00a0 \u00a0\u00a0(Rm 13, 11-12) CAN\u00c7\u00c3O NOVA REALIZA CERCO DE JERIC\u00d3 A Comunidade Can\u00e7\u00e3o Nova realiza, entre os dias 13 de fevereiro e 27 de&#8230;<\/p>\n","protected":false},"author":43,"featured_media":0,"comment_status":"open","ping_status":"closed","sticky":false,"template":"","format":"standard","meta":{"_mi_skip_tracking":false,"_monsterinsights_sitenote_active":false,"_monsterinsights_sitenote_note":"","_monsterinsights_sitenote_category":0,"footnotes":""},"categories":[156539,19],"tags":[15742,23150,261],"_links":{"self":[{"href":"https:\/\/blog.cancaonova.com\/saopaulo\/wp-json\/wp\/v2\/posts\/15100"}],"collection":[{"href":"https:\/\/blog.cancaonova.com\/saopaulo\/wp-json\/wp\/v2\/posts"}],"about":[{"href":"https:\/\/blog.cancaonova.com\/saopaulo\/wp-json\/wp\/v2\/types\/post"}],"author":[{"embeddable":true,"href":"https:\/\/blog.cancaonova.com\/saopaulo\/wp-json\/wp\/v2\/users\/43"}],"replies":[{"embeddable":true,"href":"https:\/\/blog.cancaonova.com\/saopaulo\/wp-json\/wp\/v2\/comments?post=15100"}],"version-history":[{"count":1,"href":"https:\/\/blog.cancaonova.com\/saopaulo\/wp-json\/wp\/v2\/posts\/15100\/revisions"}],"predecessor-version":[{"id":15102,"href":"https:\/\/blog.cancaonova.com\/saopaulo\/wp-json\/wp\/v2\/posts\/15100\/revisions\/15102"}],"wp:attachment":[{"href":"https:\/\/blog.cancaonova.com\/saopaulo\/wp-json\/wp\/v2\/media?parent=15100"}],"wp:term":[{"taxonomy":"category","embeddable":true,"href":"https:\/\/blog.cancaonova.com\/saopaulo\/wp-json\/wp\/v2\/categories?post=15100"},{"taxonomy":"post_tag","embeddable":true,"href":"https:\/\/blog.cancaonova.com\/saopaulo\/wp-json\/wp\/v2\/tags?post=15100"}],"curies":[{"name":"wp","href":"https:\/\/api.w.org\/{rel}","templated":true}]}}