{"id":15991,"date":"2018-01-15T20:06:33","date_gmt":"2018-01-15T22:06:33","guid":{"rendered":"http:\/\/blog.cancaonova.com\/saopaulo\/?p=15991"},"modified":"2018-03-05T14:18:38","modified_gmt":"2018-03-05T17:18:38","slug":"aprofundamento-de-cura-interior-para-familias-2018","status":"publish","type":"post","link":"https:\/\/blog.cancaonova.com\/saopaulo\/aprofundamento-de-cura-interior-para-familias-2018\/","title":{"rendered":"Aprofundamento de Cura Interior para Fam\u00edlias 2018."},"content":{"rendered":"<div><strong>Can\u00e7\u00e3o Nova realiza&nbsp;<span class=\"il\">Aprofundamento<\/span>&nbsp;de&nbsp;<span class=\"il\">Cura<\/span>&nbsp;Interior para Fam\u00edlias.<\/strong><\/div>\n<div>\n<p><img loading=\"lazy\" decoding=\"async\" class=\" wp-image-16070 alignleft\" src=\"http:\/\/blog.cancaonova.com\/saopaulo\/files\/2018\/01\/Aprofundamento-Cartaz-oficial-1-281x300.jpg\" alt=\"\" width=\"395\" height=\"421\">A Comunidade Can\u00e7\u00e3o Nova realiza, entre os dias 03 e 04 de mar\u00e7o de 2018, Aprofundamento de Cura Interior. O encontro ser\u00e1 realizado em novo local: Catedral Nossa Senhora do L\u00edbano.&nbsp;<\/p>\n<p class=\"m_-4655034856029305206gmail-western\"><span style=\"color: #222222\"><span style=\"font-family: arial, sans-serif\">Com o tema:&nbsp;<\/span><\/span><strong><span style=\"color: #222222\"><span style=\"font-family: arial, sans-serif\">&#8221;A Cura dos Relacionamentos Familiares&#8221;<\/span><\/span><\/strong><span style=\"color: #222222\"><span style=\"font-family: arial, sans-serif\">, o encontro tem como objetivo proporcionar aos participantes uma experi\u00eancia profunda com o amor de Deus que pode proporcionar a cura e a restaura\u00e7\u00e3o de nossos relacionamentos a partir da reconcilia\u00e7\u00e3o com os fatos da nossa pr\u00f3pria hist\u00f3ria.<\/span><\/span><\/p>\n<p class=\"m_-4655034856029305206gmail-western\"><span style=\"color: #222222\"><span style=\"font-family: arial, sans-serif\">Estar\u00e3o presentes para conduzir o evento: os Mission\u00e1rios da Comunidade Can\u00e7\u00e3o Nova:&nbsp;<\/span><\/span><em><a href=\"https:\/\/www.facebook.com\/pe.fabiocamargos\" target=\"_blank\" rel=\"noopener\"><span style=\"color: #1155cc\"><span style=\"font-family: arial, sans-serif\">Padre F\u00e1bio Camargos<\/span><\/span><\/a><\/em><span style=\"color: #222222\"><span style=\"font-family: arial, sans-serif\">,&nbsp;<\/span><\/span><a href=\"https:\/\/www.facebook.com\/dijanira.silvafonsecamorgado\" target=\"_blank\" rel=\"noopener\"><em><span style=\"color: #1155cc\"><span style=\"font-family: arial, sans-serif\">Dijanira Silva<\/span><\/span><\/em><span style=\"color: #1155cc\"><span style=\"font-family: arial, sans-serif\">,<\/span><\/span><\/a><span style=\"color: #222222\"><span style=\"font-family: arial, sans-serif\">&nbsp;o casal&nbsp;<\/span><\/span><em><a href=\"https:\/\/www.facebook.com\/ricardo.sartiida\" target=\"_blank\" rel=\"noopener\"><span style=\"color: #1155cc\"><span style=\"font-family: arial, sans-serif\">Ricardo Ida e Luciane Ida<\/span><\/span><\/a><\/em><span style=\"color: #222222\"><span style=\"font-family: arial, sans-serif\">, autores do livro &#8221;A Cura dos Relacionamentos Familiares&#8221;&nbsp;da Editora Can\u00e7\u00e3o Nova e&nbsp;<\/span><\/span><em><span style=\"color: #222222\"><span style=\"font-family: arial, sans-serif\">Padre Serginho<\/span><\/span><\/em><span style=\"color: #222222\"><span style=\"font-family: arial, sans-serif\">&nbsp;da Diocese de Campo Limpo.&nbsp;<\/span><\/span><\/p>\n<p class=\"m_-4655034856029305206gmail-western\">Inscri\u00e7\u00f5es:<\/p>\n<p class=\"m_-4655034856029305206gmail-western\"><span style=\"color: #292929\"><span style=\"font-family: Arial, sans-serif\">Para fazer a sua inscri\u00e7\u00e3o, basta&nbsp;<\/span><\/span><span style=\"color: #292929\"><span style=\"font-family: Arial, sans-serif\">se dirigir \u00e0 Casa de Evangeliza\u00e7\u00e3o da<\/span><\/span><a href=\"https:\/\/www.facebook.com\/cancaonovasp\" target=\"_blank\" rel=\"noopener\"><span style=\"color: #004d6c\"><span style=\"font-family: Arial, sans-serif\"><u>&nbsp;Can\u00e7\u00e3o Nova em S\u00e3o Paulo<\/u><\/span><\/span><\/a><span style=\"color: #292929\"><span style=\"font-family: Arial, sans-serif\">, localizada na&nbsp;<a href=\"https:\/\/maps.google.com\/?q=Rua+Tamandar%C3%A9,+355,+Liberdade&amp;entry=gmail&amp;source=g\">Rua Tamandar\u00e9, 355, Liberdade<\/a>&nbsp;(metr\u00f4 S\u00e3o Joaquim). Informe-se quanto aos hor\u00e1rios de funcionamento no seguinte telefone: (11) 3382-9800.<\/span><\/span><\/p>\n<p class=\"m_-4655034856029305206gmail-western\" align=\"JUSTIFY\"><span style=\"color: #292929\"><span style=\"font-family: Arial, sans-serif\">Voc\u00ea pode se inscrever tamb\u00e9m na Loja Can\u00e7\u00e3o Nova, Rua S\u00e3o Bento, 43, Centro (metr\u00f4 S\u00e9). Hor\u00e1rio de funcionamento: De segunda \u00e0 sexta, das 09h \u00e0s 18h. S\u00e1bados, das 09h \u00e0s 13h.<\/span><\/span><\/p>\n<p class=\"m_-4655034856029305206gmail-western\">Venha viver com a Can\u00e7\u00e3o Nova, uma um encontro profundo com o amor de Deus no Aprofundamento \u201c<strong>&#8216;A Cura dos Relacionamentos Familiares\u201d.<\/strong><\/p>\n<\/div>\n<div>&nbsp; &nbsp; &nbsp; &nbsp; &nbsp; &nbsp; &nbsp; &nbsp; &nbsp; &nbsp; &nbsp; &nbsp; &nbsp; &nbsp; &nbsp; &nbsp; &nbsp; &nbsp; &nbsp; &nbsp;<a href=\"https:\/\/www.sympla.com.br\/cancaonova\"><strong> Inscri\u00e7\u00f5es online&nbsp;<\/strong><\/a><\/div>\n<div><strong>Inscri\u00e7\u00f5es:<\/strong><\/div>\n<div>Valor da Inscri\u00e7\u00e3o: R$ 150,00 (individual).<\/div>\n<div><strong>Incluso:<\/strong> Coffe Break, bloco de notas, caneta e o livro \u201d A&nbsp;<span class=\"il\">Cura<\/span>&nbsp;dos Relacionamentos Familiares\u201d.<\/div>\n<div><b>Estacionamento:&nbsp;<\/b>Liberado no s\u00e1bado.<\/div>\n<div>\n<div><b>N\u00e3o incluso:&nbsp;<\/b><\/div>\n<div><b>Estacionamento:<\/b>&nbsp;No domingo devido a santa missa na Catedral Nossa Senhora do L\u00edbano, n\u00e3o ser\u00e1&nbsp;<span style=\"color: #292929;font-family: Arial, sans-serif\">poss\u00edvel<\/span>&nbsp;usa o estacionamento, somente nas vias p\u00fablica ou nos estacionamentos pagos.<\/div>\n<div>&nbsp;<\/div>\n<div><strong>Inscri\u00e7\u00f5es:<\/strong><\/div>\n<\/div>\n<div>Para realizar as inscri\u00e7\u00f5es, basta se dirigir a um dos seguintes locais:<\/div>\n<div>&nbsp;<\/div>\n<div><strong>Casa de Evangeliza\u00e7\u00e3o<\/strong><\/div>\n<div><a href=\"https:\/\/maps.google.com\/?q=Rua+Tamandar%C3%A9,+355,+Liberdade,+S%C3%A3o+Paulo\/SP&amp;entry=gmail&amp;source=g\" target=\"_blank\" rel=\"noopener\">Rua Tamandar\u00e9, 355, Liberdade, S\u00e3o Paulo\/SP<\/a><\/div>\n<div>(metr\u00f4 S\u00e3o Joaquim)<\/div>\n<div>Informa\u00e7\u00f5es: (11) 3382-9800 ou&nbsp;<a href=\"mailto:eventossp@cancaonova.com\" target=\"_blank\" rel=\"noopener\">eventossp@cancaonova.com<\/a><\/div>\n<div>&nbsp;<\/div>\n<div><strong>Loja Can\u00e7\u00e3o Nova<\/strong><\/div>\n<div><a href=\"https:\/\/maps.google.com\/?q=Rua+S%C3%A3o+Bento,+43,+Centro,+S%C3%A3o+Paulo+(SP&amp;entry=gmail&amp;source=g\" target=\"_blank\" rel=\"noopener\">Rua S\u00e3o Bento, 43, Centro, S\u00e3o Paulo (SP<\/a>)<\/div>\n<div>(metr\u00f4 S\u00e9)<\/div>\n<div>Informa\u00e7\u00f5es: (11) 3587-3141<\/div>\n<div>&nbsp;<\/div>\n<div><strong>Inscri\u00e7\u00f5es pela internet:<\/strong><\/div>\n<div>https:\/\/www.sympla.com.br\/cancaonova&nbsp;<\/div>\n<div>&nbsp;<\/div>\n<div><em><strong>\u201d\u00c9 de extrema urg\u00eancia trabalhar nossas feridas interiores em rela\u00e7\u00e3o \u00e0 fam\u00edlia para que ela seja, no mundo,&nbsp;<\/strong><\/em><em><strong>um sinal verdadeiro do amor de Deus.\u201d<a href=\"https:\/\/blog.cancaonova.com\/saopaulo\" target=\"_blank\" rel=\"noopener\">https:\/\/blog.cancaonova.com\/saopaulo<\/a>&nbsp;<\/strong><\/em><\/div>\n","protected":false},"excerpt":{"rendered":"<p>Can\u00e7\u00e3o Nova realiza&nbsp;Aprofundamento&nbsp;de&nbsp;Cura&nbsp;Interior para Fam\u00edlias. A Comunidade Can\u00e7\u00e3o Nova realiza, entre os dias 03 e 04 de mar\u00e7o de 2018, Aprofundamento de Cura Interior. O encontro ser\u00e1 realizado em novo local: Catedral Nossa Senhora do L\u00edbano.&nbsp; Com o tema:&nbsp;&#8221;A Cura&#8230;<\/p>\n","protected":false},"author":43,"featured_media":0,"comment_status":"open","ping_status":"closed","sticky":false,"template":"","format":"standard","meta":{"_mi_skip_tracking":false,"_monsterinsights_sitenote_active":false,"_monsterinsights_sitenote_note":"","_monsterinsights_sitenote_category":0,"footnotes":""},"categories":[173375,19,6661],"tags":[173375,2691,5011,2561,16851,51,4211],"_links":{"self":[{"href":"https:\/\/blog.cancaonova.com\/saopaulo\/wp-json\/wp\/v2\/posts\/15991"}],"collection":[{"href":"https:\/\/blog.cancaonova.com\/saopaulo\/wp-json\/wp\/v2\/posts"}],"about":[{"href":"https:\/\/blog.cancaonova.com\/saopaulo\/wp-json\/wp\/v2\/types\/post"}],"author":[{"embeddable":true,"href":"https:\/\/blog.cancaonova.com\/saopaulo\/wp-json\/wp\/v2\/users\/43"}],"replies":[{"embeddable":true,"href":"https:\/\/blog.cancaonova.com\/saopaulo\/wp-json\/wp\/v2\/comments?post=15991"}],"version-history":[{"count":18,"href":"https:\/\/blog.cancaonova.com\/saopaulo\/wp-json\/wp\/v2\/posts\/15991\/revisions"}],"predecessor-version":[{"id":16144,"href":"https:\/\/blog.cancaonova.com\/saopaulo\/wp-json\/wp\/v2\/posts\/15991\/revisions\/16144"}],"wp:attachment":[{"href":"https:\/\/blog.cancaonova.com\/saopaulo\/wp-json\/wp\/v2\/media?parent=15991"}],"wp:term":[{"taxonomy":"category","embeddable":true,"href":"https:\/\/blog.cancaonova.com\/saopaulo\/wp-json\/wp\/v2\/categories?post=15991"},{"taxonomy":"post_tag","embeddable":true,"href":"https:\/\/blog.cancaonova.com\/saopaulo\/wp-json\/wp\/v2\/tags?post=15991"}],"curies":[{"name":"wp","href":"https:\/\/api.w.org\/{rel}","templated":true}]}}