{"id":17137,"date":"2019-04-01T14:51:59","date_gmt":"2019-04-01T17:51:59","guid":{"rendered":"http:\/\/blog.cancaonova.com\/saopaulo\/?p=17137"},"modified":"2019-04-01T15:34:49","modified_gmt":"2019-04-01T18:34:49","slug":"cancao-nova-promove-s-o-s-oracao-e-feirao-da-providencia-na-capital-paulista","status":"publish","type":"post","link":"https:\/\/blog.cancaonova.com\/saopaulo\/cancao-nova-promove-s-o-s-oracao-e-feirao-da-providencia-na-capital-paulista\/","title":{"rendered":"Can\u00e7\u00e3o Nova promove S.O.S. Ora\u00e7\u00e3o e Feir\u00e3o da Provid\u00eancia na capital paulista"},"content":{"rendered":"<p><b>Can\u00e7\u00e3o Nova promove S.O.S. Ora\u00e7\u00e3o e Feir\u00e3o da Provid\u00eancia na capital paulista<\/b><\/p>\n<p><i><span style=\"font-weight: 400\">Atendimentos pessoais e bazar movimentam a &nbsp;Quarta-feira, no Bairro Liberdade<\/span><\/i><\/p>\n<p><span style=\"font-weight: 400\"><img loading=\"lazy\" decoding=\"async\" class=\"wp-image-17138 alignleft\" src=\"http:\/\/blog.cancaonova.com\/saopaulo\/files\/2019\/04\/Card-ora\u00e7\u00e3o-.jpg\" alt=\"\" width=\"394\" height=\"262\" srcset=\"https:\/\/blog.cancaonova.com\/saopaulo\/files\/2019\/04\/Card-ora\u00e7\u00e3o-.jpg 960w, https:\/\/blog.cancaonova.com\/saopaulo\/files\/2019\/04\/Card-ora\u00e7\u00e3o--300x199.jpg 300w, https:\/\/blog.cancaonova.com\/saopaulo\/files\/2019\/04\/Card-ora\u00e7\u00e3o--768x510.jpg 768w\" sizes=\"(max-width: 394px) 100vw, 394px\" \/>A Can\u00e7\u00e3o Nova, em S\u00e3o Paulo, realiza toda terceira quarta-feira do m\u00eas, um dia de feir\u00e3o e de S.O.S. Ora\u00e7\u00e3o. A Comunidade toda \u00e9 convidada a fazer algo a mais pela obra de Deus.<\/span><\/p>\n<p><span style=\"font-weight: 400\">As pessoas interessadas em receber ora\u00e7\u00e3o e que quiserem fazer doa\u00e7\u00f5es para a Can\u00e7\u00e3o Nova &nbsp;poder\u00e3o ir at\u00e9 a Catedral Nossa Senhora do L\u00edbano, na Rua Tamandar\u00e9, 355 &#8211; Liberdade a partir das 09h0 da manh\u00e3 (perto da Esta\u00e7\u00e3o de metr\u00f4 S\u00e3o Joaquim).<\/span><\/p>\n<p><span style=\"font-weight: 400\">As atividades encerram com a Santa Missa votiva a S\u00e3o Miguel Arcanjo pelos S\u00f3cios do Clube da Evangeliza\u00e7\u00e3o, \u00e0s 19h30, presidida por padre Anderson Mar\u00e7al.<\/span><\/p>\n<p><span style=\"font-weight: 400\">Um dia de grande gra\u00e7a. \u201c\u00c9 a provid\u00eancia de Deus agindo na Can\u00e7\u00e3o Nova e na vida das pessoas mais necessitadas de forma material e espiritual, que disp\u00f5e os cora\u00e7\u00f5es \u00e0 for\u00e7a de vontade e rende-os para colaborar com suas obras, essa \u00e9 a \u00fanica fonte que nos sustenta e faz com que possamos evangelizar at\u00e9 os confins do mundo, \u00e9 a bondade de um Deus que n\u00e3o deixa faltar nada a quem Nele confia\u201d, ensina o fundador da Can\u00e7\u00e3o Nova, Monsenhor Jonas Abib.<\/span><\/p>\n<p>&nbsp;<\/p>\n<p><b>SERVI\u00c7O<\/b><\/p>\n<p><span style=\"font-weight: 400\">Evento: Bazar e S.O.S. Ora\u00e7\u00e3o<\/span><\/p>\n<p><span style=\"font-weight: 400\">Data Inicial: 17 de Abril e toda terceira quarta de cada m\u00eas<\/span><\/p>\n<p><span style=\"font-weight: 400\">Local: <\/span><span style=\"font-weight: 400\">Catedral Nossa Senhora do L\u00edbano<\/span><\/p>\n<p><span style=\"font-weight: 400\">Endere\u00e7o: <\/span><span style=\"font-weight: 400\">Rua Tamandar\u00e9, 355 &#8211; Liberdade (perto da Esta\u00e7\u00e3o de Manh\u00e3 S\u00e3o Joaquim)<\/span><\/p>\n<p><span style=\"font-weight: 400\">Hor\u00e1rio: 09h30 \u00e0s 19h<\/span><\/p>\n<p><span style=\"font-weight: 400\">Mais informa\u00e7\u00f5es:<\/span><\/p>\n<p><span style=\"font-weight: 400\">https:\/\/saopaulo.cancaonova.com<\/span><\/p>\n<p><span style=\"font-weight: 400\">Telefone: (11) 3382 9800<\/span><\/p>\n<p><span style=\"font-weight: 400\">Email: eventossp@cancaonova.com &nbsp;<\/span><\/p>\n<p>&nbsp;<\/p>\n","protected":false},"excerpt":{"rendered":"<p>Can\u00e7\u00e3o Nova promove S.O.S. Ora\u00e7\u00e3o e Feir\u00e3o da Provid\u00eancia na capital paulista Atendimentos pessoais e bazar movimentam a &nbsp;Quarta-feira, no Bairro Liberdade A Can\u00e7\u00e3o Nova, em S\u00e3o Paulo, realiza toda terceira quarta-feira do m\u00eas, um dia de feir\u00e3o e de&#8230;<\/p>\n","protected":false},"author":43,"featured_media":17138,"comment_status":"open","ping_status":"closed","sticky":false,"template":"","format":"standard","meta":{"_mi_skip_tracking":false,"_monsterinsights_sitenote_active":false,"_monsterinsights_sitenote_note":"","_monsterinsights_sitenote_category":0,"footnotes":""},"categories":[19,47],"tags":[18028,461,196634,17604,261],"_links":{"self":[{"href":"https:\/\/blog.cancaonova.com\/saopaulo\/wp-json\/wp\/v2\/posts\/17137"}],"collection":[{"href":"https:\/\/blog.cancaonova.com\/saopaulo\/wp-json\/wp\/v2\/posts"}],"about":[{"href":"https:\/\/blog.cancaonova.com\/saopaulo\/wp-json\/wp\/v2\/types\/post"}],"author":[{"embeddable":true,"href":"https:\/\/blog.cancaonova.com\/saopaulo\/wp-json\/wp\/v2\/users\/43"}],"replies":[{"embeddable":true,"href":"https:\/\/blog.cancaonova.com\/saopaulo\/wp-json\/wp\/v2\/comments?post=17137"}],"version-history":[{"count":2,"href":"https:\/\/blog.cancaonova.com\/saopaulo\/wp-json\/wp\/v2\/posts\/17137\/revisions"}],"predecessor-version":[{"id":17140,"href":"https:\/\/blog.cancaonova.com\/saopaulo\/wp-json\/wp\/v2\/posts\/17137\/revisions\/17140"}],"wp:featuredmedia":[{"embeddable":true,"href":"https:\/\/blog.cancaonova.com\/saopaulo\/wp-json\/wp\/v2\/media\/17138"}],"wp:attachment":[{"href":"https:\/\/blog.cancaonova.com\/saopaulo\/wp-json\/wp\/v2\/media?parent=17137"}],"wp:term":[{"taxonomy":"category","embeddable":true,"href":"https:\/\/blog.cancaonova.com\/saopaulo\/wp-json\/wp\/v2\/categories?post=17137"},{"taxonomy":"post_tag","embeddable":true,"href":"https:\/\/blog.cancaonova.com\/saopaulo\/wp-json\/wp\/v2\/tags?post=17137"}],"curies":[{"name":"wp","href":"https:\/\/api.w.org\/{rel}","templated":true}]}}