{"id":17189,"date":"2019-05-06T09:35:47","date_gmt":"2019-05-06T12:35:47","guid":{"rendered":"http:\/\/blog.cancaonova.com\/saopaulo\/?p=17189"},"modified":"2019-05-06T09:58:00","modified_gmt":"2019-05-06T12:58:00","slug":"missa-em-acao-de-gracas-jubileu-de-prata-modo-segundo-elo","status":"publish","type":"post","link":"https:\/\/blog.cancaonova.com\/saopaulo\/missa-em-acao-de-gracas-jubileu-de-prata-modo-segundo-elo\/","title":{"rendered":"Missa em A\u00e7\u00e3o de Gra\u00e7as Jubileu de Prata do modo Segundo Elo"},"content":{"rendered":"<p style=\"text-align: left\">A Can\u00e7\u00e3o Nova em S\u00e3o Paulo celebra com alegria e gratid\u00e3o as Bodas de Prata dos Mission\u00e1rios com compromisso no Segundo Elo, 19h30 na Catedral Nossa&nbsp; Senhora do L\u00edbano, Rua: Tamandar\u00e9, 355 &#8211; Bairro Liberdade.&nbsp;<\/p>\n<p style=\"text-align: left\">Os Membros da Comunidade Can\u00e7\u00e3o Nova se distinguem em dois modos de compromisso, N\u00facleo e Segundo Elo:<\/p>\n<p>Segundo Elo<br \/>\nS\u00e3o aqueles que constituem alian\u00e7a em torno do N\u00facleo, n\u00e3o vivem em regime de dedica\u00e7\u00e3o integral, continuam a residir em suas pr\u00f3prias resid\u00eancias. S\u00e3o chamados a viver a identidade e miss\u00e3o da Comunidade Can\u00e7\u00e3o Nova nas condi\u00e7\u00f5es ordin\u00e1rias da pr\u00f3pria fam\u00edlia, profiss\u00e3o, vida social.<\/p>\n<div id=\"content-post\">\n<article id=\"post-8105\">\n<div>\n<p id=\"attachment_8514\" style=\"text-align: left\"><img loading=\"lazy\" decoding=\"async\" class=\"\" src=\"http:\/\/blog.cancaonova.com\/saopaulo\/files\/2019\/05\/e9788fdd-6596-44b5-a824-4cff508effde.jpg\" alt=\"\" width=\"541\" height=\"541\"><br \/>\n2 de Fevereiro \u2013 Nosso Compromisso<\/p>\n<p>&#8221;Em primeiro lugar, n\u00e3o se entra para uma comunidade de uma hora para outra; assim como n\u00e3o se casa com uma pessoa da noite para o dia.<\/p>\n<p>\u00c9 necess\u00e1rio um conhecimento de ambos os lados.&nbsp;Por isso, o primeiro passo \u00e9 conhecer melhor a Can\u00e7\u00e3o Nova e deixar que n\u00f3s tamb\u00e9m o (a) conhe\u00e7amos.<\/p>\n<p>Acreditamos que a Can\u00e7\u00e3o Nova n\u00e3o nasceu de um projeto humano, mas sim de uma iniciativa de Deus. N\u00e3o houve um projeto anterior que nos precedeu e determinou nossa maneira de vida e atividade. Tudo foi se mostrando pouco a pouco atrav\u00e9s dos acontecimentos: o nosso chamado, nosso modo de vida, nossa miss\u00e3o\u2026 Tudo nos foi dado. Isso d\u00e1 sabor e entusiasmo \u00e0 nossa vida, ela n\u00e3o \u00e9 est\u00e1tica, mas participa do dinamismo do Esp\u00edrito. Somos conduzidos pelo sopro de Deus.<\/p>\n<p>Padre Jonas debru\u00e7ando-se sobre os nossos documentos e a nossa hist\u00f3ria, define assim o caminho para os casais: o primeiro n\u00facleo que come\u00e7ou a experi\u00eancia de vida em comunidade era composto de oito jovens, entre rapazes e mo\u00e7as, Padre Jonas e tr\u00eas religiosas. Com o passar dos anos foram se destacando as caracter\u00edsticas da nossa vida. Elas dizem o que somos. Uma das caracter\u00edsticas \u00e9 que a Can\u00e7\u00e3o Nova \u00e9 uma Comunidade jovem.<\/p>\n<p>Ele diz:&nbsp;\u201cTenho a sensa\u00e7\u00e3o de que para vivenciar o novo que a Can\u00e7\u00e3o Nova traz em si \u00e9 preciso ter esp\u00edrito jovem, e a juventude da idade se ajusta bem a isso pela aus\u00eancia de mentalidade, estrutura de vida e compromisso j\u00e1 fixados e enrijecidos. A presen\u00e7a de jovens d\u00e1 uma cor peculiar \u00e0 Can\u00e7\u00e3o Nova.\u201d<\/p>\n<p>Hoje reconhecemos que aqueles que s\u00e3o chamados a ingressar no N\u00facleo da Comunidade precisam ser jovens em idade e precisam ter esp\u00edrito jovem. Eles se amoldam melhor \u00e0 nossa estrutura. A ess\u00eancia da nossa comunidade \u00e9 jovem. O Dom que recebemos de Deus \u00e9 de tal maneira que s\u00f3 os jovens conseguem se amoldar. Por tudo isso, diante do nosso Carisma, ele se posiciona assim\u201d:<\/p>\n<p>Os casais que s\u00e3o chamados ao N\u00facleo da Comunidade Can\u00e7\u00e3o Nova s\u00e3o aqueles que nasceram dos pr\u00f3prios jovens que j\u00e1 ingressaram na Comunidade, que j\u00e1 se amoldaram ao seu ritmo, ao seu modo de vida, \u00e0 sua miss\u00e3o; portanto, os casais que aqui est\u00e3o, s\u00e3o de jovens que namoram, noivam e se casam dentro da Can\u00e7\u00e3o Nova.<\/p>\n<p>Aqueles que j\u00e1 s\u00e3o casados j\u00e1 t\u00eam uma estrutura de vida, ou tem filhos, torna-se muito mais dif\u00edcil a adapta\u00e7\u00e3o ao modo de vida da Can\u00e7\u00e3o Nova. Para os casais, e tamb\u00e9m para pessoas solteiras \u2013 acima de 28 anos (com filhos ou sem filhos) -, e para vi\u00favos, Deus tem um chamado especial: serem membros&nbsp;Comunidade no modo de compromisso Segundo Elo&nbsp;&nbsp;ou serem engajados ou amigos.<\/p>\n<p>Tamb\u00e9m \u00e9 importante observar que, para ser um candidato da Can\u00e7\u00e3o Nova ao Segundo Elo, \u00e9 necess\u00e1rio certos requisitos que fazem parte do perfil de um candidato \u00e0 nossa Comunidade:<\/p>\n<p>A pessoa precisa identificar o chamado de Deus para fazer parte da Comunidade;<\/p>\n<p>\u201cToda voca\u00e7\u00e3o crist\u00e3 vem de Deus, \u00e9 dom divino. O primeiro crit\u00e9rio do discernimento \u00e9 a identifica\u00e7\u00e3o do chamado do Senhor\u201d (Documento da Pontif\u00edcia Obra para as Voca\u00e7\u00f5es Eclesi\u00e1sticas: Nova Voca\u00e7\u00e3o para uma nova Europa).<\/p>\n<p>A pessoa que se sente chamada \u00e0 Comunidade Can\u00e7\u00e3o Nova, precisa ter tido o seu encontro pessoal com Jesus no m\u00ednimo h\u00e1 tr\u00eas anos;<\/p>\n<p>\u201cA miss\u00e3o da Comunidade Can\u00e7\u00e3o Nova \u00e9 evangelizar, comunicar Jesus e a vida nova que Ele veio trazer\u201d (Estatuto Can\u00f4nico).<\/p>\n<p>A pessoa precisa participar da sua Comunidade Paroquial, no m\u00ednimo h\u00e1&nbsp;tr\u00eas&nbsp;anos. Ex: Catequese, Pastorais e Movimentos;<\/p>\n<p>\u201cA Comunidade Can\u00e7\u00e3o Nova, como associa\u00e7\u00e3o de fi\u00e9is crist\u00e3os, cultive e aprofunde, portanto sua perten\u00e7a e inteira comunh\u00e3o com a Igreja Cat\u00f3lica\u201d (Estatuto Can\u00f4nico)<\/p>\n<p>A pessoa deve ter tido o seu batismo no Esp\u00edrito Santo, no qual se inicia a viv\u00eancia da experi\u00eancia dos dons carism\u00e1ticos com a Renova\u00e7\u00e3o Carism\u00e1tica Cat\u00f3lica (RCC);<\/p>\n<p>\u201cO carisma Can\u00e7\u00e3o Nova s\u00f3 se realiza quando somos carism\u00e1ticos, e n\u00e3o existe outra maneira de realiz\u00e1-lo\u201d (Nossos Documentos, Vol. 02).<\/p>\n<p>A pessoa precisa trabalhar e ser respons\u00e1vel pelo seu sustento;<\/p>\n<p>\u201cSomos profissionais do Evangelho. \u00c9 por isto que o ser trabalhador torna-se uma caracter\u00edstica fundamental na Can\u00e7\u00e3o Nova\u201d (Nossos Documentos \u2013 Vol. 01).<\/p>\n<p>A pessoa precisa viver a castidade dentro do seu estado de vida e buscar maturidade e equil\u00edbrio afetivo e sexual;<\/p>\n<p>\u201cO nosso primeiro chamado \u00e9 viver em Comunidade. Todos t\u00eam necessidade do amor puro de seus irm\u00e3os para o seu equil\u00edbrio afetivo\u201d (Nossos Documentos \u2013Vol. 1). \u201cCastidade \u00e9 uma virtude moral. \u00c9 tamb\u00e9m um dom de Deus. O Esp\u00edrito Santo concede este dom de imitar a pureza de Cristo \u00e0quele que foi regenerado pela \u00e1gua do Batismo\u201d. (CIC 2345)<\/p>\n<p>A pessoa precisa ter uma vida de ora\u00e7\u00e3o, cultivando o seu relacionamento com Deus;<\/p>\n<p>\u201dEspiritualidade \u00e9 o nosso relacionamento com Deus\u201d. (Nossos Documentos Vol. 1) \u2013 \u201cA nossa vida de ora\u00e7\u00e3o deve ser a de Jesus. Jesus que se entregou totalmente ao an\u00fancio do Evangelho orava sem cessar, buscando ocasi\u00f5es para entrar em profunda intimidade com o Pai.\u201d (Nossos Documentos Vol. 2).<\/p>\n<p>A pessoa precisa viver os princ\u00edpios crist\u00e3os da nossa Igreja Cat\u00f3lica;<\/p>\n<p>\u201cOs membros do Segundo Elo sejam ajudados a descobrir e assumir as exig\u00eancias da sua voca\u00e7\u00e3o batismal\u201d (Estatuto Can\u00f4nico).<\/p>\n<p>A pessoa precisa residir pr\u00f3ximo a uma das Frentes de Miss\u00e3o da Can\u00e7\u00e3o Nova, de modo que, ao ingressar na Comunidade, o membro consiga participar das forma\u00e7\u00f5es e atividades semanalmente;<\/p>\n<p>\u201cSegundo Elo: s\u00e3o aqueles que constituem alian\u00e7a em torno do N\u00facleo, n\u00e3o vivem em regime de dedica\u00e7\u00e3o integral, continuam a residir em suas pr\u00f3prias resid\u00eancias. S\u00e3o chamados a viver a identidade e miss\u00e3o da Comunidade Can\u00e7\u00e3o Nova, nas condi\u00e7\u00f5es ordin\u00e1rias da pr\u00f3pria fam\u00edlia, profiss\u00e3o, vida social\u201d (ECN).<\/p>\n<p>Para haver um contato mais aprofundado com a Comunidade e seu Carisma, \u00e9 muito importante a aproxima\u00e7\u00e3o com uma das nossas Frentes de Miss\u00e3o. Antes de iniciar o caminho vocacional, a pessoa deve procurar conhecer, pessoalmente, a Comunidade Can\u00e7\u00e3o Nova, sua Sede em Cachoeira Paulista-SP ou uma de nossas Frentes de Miss\u00e3o;<\/p>\n<p>\u201cO conhecimento \u00e9 a base para um bom discernimento vocacional\u201d.<\/p>\n<p>Se ficou ainda alguma d\u00favida, acesse as&nbsp;<a href=\"http:\/\/comunidade.cancaonova.com\/vocacional\/procedimentos\/perguntas-mais-frequentes\/\" target=\"_blank\" rel=\"noopener\">Perguntas Mais Frequentes<\/a>&nbsp;ou entre em contato: vocacionalsp@cancaonova.com<br \/>\nFonte:<a href=\"https:\/\/blog.cancaonova.com\/vocacional\/discernimento-vocacional\/segundo-elo\/\"> Blog\/vocacionalcn<\/a><\/p>\n<\/div>\n<\/article>\n<\/div>\n","protected":false},"excerpt":{"rendered":"<p>A Can\u00e7\u00e3o Nova em S\u00e3o Paulo celebra com alegria e gratid\u00e3o as Bodas de Prata dos Mission\u00e1rios com compromisso no Segundo Elo, 19h30 na Catedral Nossa&nbsp; Senhora do L\u00edbano, Rua: Tamandar\u00e9, 355 &#8211; Bairro Liberdade.&nbsp; Os Membros da Comunidade Can\u00e7\u00e3o&#8230;<\/p>\n","protected":false},"author":43,"featured_media":17191,"comment_status":"open","ping_status":"closed","sticky":false,"template":"","format":"standard","meta":{"_mi_skip_tracking":false,"_monsterinsights_sitenote_active":false,"_monsterinsights_sitenote_note":"","_monsterinsights_sitenote_category":0,"footnotes":""},"categories":[19],"tags":[5011,16673,114,3691,141],"_links":{"self":[{"href":"https:\/\/blog.cancaonova.com\/saopaulo\/wp-json\/wp\/v2\/posts\/17189"}],"collection":[{"href":"https:\/\/blog.cancaonova.com\/saopaulo\/wp-json\/wp\/v2\/posts"}],"about":[{"href":"https:\/\/blog.cancaonova.com\/saopaulo\/wp-json\/wp\/v2\/types\/post"}],"author":[{"embeddable":true,"href":"https:\/\/blog.cancaonova.com\/saopaulo\/wp-json\/wp\/v2\/users\/43"}],"replies":[{"embeddable":true,"href":"https:\/\/blog.cancaonova.com\/saopaulo\/wp-json\/wp\/v2\/comments?post=17189"}],"version-history":[{"count":8,"href":"https:\/\/blog.cancaonova.com\/saopaulo\/wp-json\/wp\/v2\/posts\/17189\/revisions"}],"predecessor-version":[{"id":17199,"href":"https:\/\/blog.cancaonova.com\/saopaulo\/wp-json\/wp\/v2\/posts\/17189\/revisions\/17199"}],"wp:featuredmedia":[{"embeddable":true,"href":"https:\/\/blog.cancaonova.com\/saopaulo\/wp-json\/wp\/v2\/media\/17191"}],"wp:attachment":[{"href":"https:\/\/blog.cancaonova.com\/saopaulo\/wp-json\/wp\/v2\/media?parent=17189"}],"wp:term":[{"taxonomy":"category","embeddable":true,"href":"https:\/\/blog.cancaonova.com\/saopaulo\/wp-json\/wp\/v2\/categories?post=17189"},{"taxonomy":"post_tag","embeddable":true,"href":"https:\/\/blog.cancaonova.com\/saopaulo\/wp-json\/wp\/v2\/tags?post=17189"}],"curies":[{"name":"wp","href":"https:\/\/api.w.org\/{rel}","templated":true}]}}