{"id":17895,"date":"2020-12-21T22:35:51","date_gmt":"2020-12-22T01:35:51","guid":{"rendered":"http:\/\/blog.cancaonova.com\/saopaulo\/?p=17895"},"modified":"2021-01-21T16:02:44","modified_gmt":"2021-01-21T19:02:44","slug":"cancao-nova-abre-2021-com-cerco-de-jerico-e-missas-votivas-de-sao-miguel-arcanjo-na-catedral-nossa-senhora-libano-em-sao-paulo","status":"publish","type":"post","link":"https:\/\/blog.cancaonova.com\/saopaulo\/cancao-nova-abre-2021-com-cerco-de-jerico-e-missas-votivas-de-sao-miguel-arcanjo-na-catedral-nossa-senhora-libano-em-sao-paulo\/","title":{"rendered":"Can\u00e7\u00e3o Nova abre 2021 com Cerco de Jeric\u00f3 e Missas Votivas de S\u00e3o Miguel Arcanjo, na Catedral Nossa Senhora do L\u00edbano, em S\u00e3o Paulo"},"content":{"rendered":"<p>&nbsp;<\/p>\n<p>As atividades acontecer\u00e3o \u00e0s segundas e quartas-feiras, a partir de 4 de janeiro<\/p>\n<p>A partir do dia 4 de janeiro, a Can\u00e7\u00e3o Nova retoma as atividades da Casa de Miss\u00e3o, na Catedral Nossa Senhora do L\u00edbano, no Bairro Liberdade, com missas \u00e0s segundas e quartas-feiras.<\/p>\n<p>\u00c0s segundas-feiras, a Missa da Fam\u00edlia Can\u00e7\u00e3o Nova ter\u00e1 transmiss\u00e3o da TV Can\u00e7\u00e3o Nova, das 19h30 \u00e0s 21h. Dia 4, iniciar\u00e1 um Cerco de Jeric\u00f3 com o tema: &#8220;\u00c9 feliz quem coloca sua confian\u00e7a no Senhor&#8221; (Jr 17,2). Entre os padres presentes, Adriano Zandon\u00e1, Diogo Albuquerque, F\u00e1bio Lima e cantores Mar\u00edlia Mello e Nando Mendes.<\/p>\n<p>\u00c0s quartas-feiras, a Missa Votiva a S\u00e3o Miguel Arcanjo, \u00e0s 19h30, ser\u00e1 um momento especial de devo\u00e7\u00e3o e fortalecimento para iniciar 2021 sob a prote\u00e7\u00e3o de Deus.<\/p>\n<p>Antes de cada celebra\u00e7\u00e3o, o p\u00fablico poder\u00e1 participar de momentos de ora\u00e7\u00e3o com o Santo Ter\u00e7o, \u00e0s 18h, e Of\u00edcio de S\u00e3o Miguel Arcanjo.<\/p>\n<p>Com o objetivo de levar esperan\u00e7a ao povo de Deus, os mission\u00e1rios prepararam diversas atividades para 2021 com um agenda que busca abra\u00e7ar a cidade de S\u00e3o Paulo, com eventos como Kair\u00f3s, aprofundamentos presenciais e on-line, Vig\u00edlias na Bas\u00edlica da Penha, Ch\u00e1 Beneficente no Santu\u00e1rio Nossa Senhora da Salette.<\/p>\n<p>Desde 1993, a Miss\u00e3o Can\u00e7\u00e3o Nova S\u00e3o Paulo tem contribu\u00eddo com a evangeliza\u00e7\u00e3o na capital paulista por meio de Casa de Miss\u00e3o.<\/p>\n<p>&nbsp;<\/p>\n<p>Programa\u00e7\u00e3o completa do Cerco de Jeric\u00f3<\/p>\n<p>04\/01 \u00e1 15\/02\/21<\/p>\n<p>04\/01 &#8211; Pe. Elenildo CN<br \/>\nM\u00fasicos: Mar\u00edlia e Junior Alves<br \/>\n11\/01 &#8211; Pe. Diogo<br \/>\nM\u00fasico: Raquel<br \/>\n18\/01 &#8211; Pe. PH<br \/>\nM\u00fasico: Mar\u00edlia<br \/>\n25\/01 &#8211; Pe. F\u00e1bio Lima<br \/>\nM\u00fasico: Nando Mendes<br \/>\n01\/02 &#8211; Pe. Diogo<br \/>\nM\u00fasico: Nando Mendes<br \/>\n08\/02 &#8211; Pe. Edmilson Leite<br \/>\nM\u00fasico: Nando Mendes<br \/>\n15\/02 &#8211; Pe. Adriano Zandon\u00e1<br \/>\nM\u00fasico: Mar\u00edlia<\/p>\n<p>Espiritualidade &#8211; Ter\u00e7o Mariano em honra a Nossa Senhora de F\u00e1tima pelas Fam\u00edlias<\/p>\n<p>&nbsp;<\/p>\n","protected":false},"excerpt":{"rendered":"<p>&nbsp; As atividades acontecer\u00e3o \u00e0s segundas e quartas-feiras, a partir de 4 de janeiro A partir do dia 4 de janeiro, a Can\u00e7\u00e3o Nova retoma as atividades da Casa de Miss\u00e3o, na Catedral Nossa Senhora do L\u00edbano, no Bairro Liberdade,&#8230;<\/p>\n","protected":false},"author":43,"featured_media":17897,"comment_status":"open","ping_status":"closed","sticky":false,"template":"","format":"standard","meta":{"_mi_skip_tracking":false,"_monsterinsights_sitenote_active":false,"_monsterinsights_sitenote_note":"","_monsterinsights_sitenote_category":0,"footnotes":""},"categories":[19],"tags":[],"_links":{"self":[{"href":"https:\/\/blog.cancaonova.com\/saopaulo\/wp-json\/wp\/v2\/posts\/17895"}],"collection":[{"href":"https:\/\/blog.cancaonova.com\/saopaulo\/wp-json\/wp\/v2\/posts"}],"about":[{"href":"https:\/\/blog.cancaonova.com\/saopaulo\/wp-json\/wp\/v2\/types\/post"}],"author":[{"embeddable":true,"href":"https:\/\/blog.cancaonova.com\/saopaulo\/wp-json\/wp\/v2\/users\/43"}],"replies":[{"embeddable":true,"href":"https:\/\/blog.cancaonova.com\/saopaulo\/wp-json\/wp\/v2\/comments?post=17895"}],"version-history":[{"count":2,"href":"https:\/\/blog.cancaonova.com\/saopaulo\/wp-json\/wp\/v2\/posts\/17895\/revisions"}],"predecessor-version":[{"id":17907,"href":"https:\/\/blog.cancaonova.com\/saopaulo\/wp-json\/wp\/v2\/posts\/17895\/revisions\/17907"}],"wp:featuredmedia":[{"embeddable":true,"href":"https:\/\/blog.cancaonova.com\/saopaulo\/wp-json\/wp\/v2\/media\/17897"}],"wp:attachment":[{"href":"https:\/\/blog.cancaonova.com\/saopaulo\/wp-json\/wp\/v2\/media?parent=17895"}],"wp:term":[{"taxonomy":"category","embeddable":true,"href":"https:\/\/blog.cancaonova.com\/saopaulo\/wp-json\/wp\/v2\/categories?post=17895"},{"taxonomy":"post_tag","embeddable":true,"href":"https:\/\/blog.cancaonova.com\/saopaulo\/wp-json\/wp\/v2\/tags?post=17895"}],"curies":[{"name":"wp","href":"https:\/\/api.w.org\/{rel}","templated":true}]}}