{"id":17921,"date":"2021-01-22T13:28:19","date_gmt":"2021-01-22T16:28:19","guid":{"rendered":"http:\/\/blog.cancaonova.com\/saopaulo\/?p=17921"},"modified":"2021-02-09T11:34:23","modified_gmt":"2021-02-09T14:34:23","slug":"venha-participar-cerco-de-jerico","status":"publish","type":"post","link":"https:\/\/blog.cancaonova.com\/saopaulo\/venha-participar-cerco-de-jerico\/","title":{"rendered":"Venha participar do Cerco de Jeric\u00f3"},"content":{"rendered":"<p>Cerco de Jeric\u00f3, estamos na \u00faltima semana<\/p>\n<p><img loading=\"lazy\" decoding=\"async\" class=\"aligncenter size-full wp-image-17984\" src=\"http:\/\/blog.cancaonova.com\/saopaulo\/files\/2021\/01\/Padre-Adriano-15_02.jpg\" alt=\"\" width=\"1080\" height=\"1080\" srcset=\"https:\/\/blog.cancaonova.com\/saopaulo\/files\/2021\/01\/Padre-Adriano-15_02.jpg 1080w, https:\/\/blog.cancaonova.com\/saopaulo\/files\/2021\/01\/Padre-Adriano-15_02-150x150.jpg 150w, https:\/\/blog.cancaonova.com\/saopaulo\/files\/2021\/01\/Padre-Adriano-15_02-300x300.jpg 300w, https:\/\/blog.cancaonova.com\/saopaulo\/files\/2021\/01\/Padre-Adriano-15_02-768x768.jpg 768w\" sizes=\"(max-width: 1080px) 100vw, 1080px\" \/><\/p>\n<p>&nbsp;<\/p>\n<p>Acompanhe a programa\u00e7\u00e3o:<\/p>\n<p>04\/01 &#8211; Pe. Elenildo CN<br \/>\nM\u00fasicos: Mar\u00edlia e Junior Alves<br \/>\n11\/01 &#8211; Pe. Diogo<br \/>\nM\u00fasico: Raquel<br \/>\n18\/01 &#8211; Pe. PH<br \/>\nM\u00fasico: Mar\u00edlia<br \/>\n25\/01 &#8211; Pe. F\u00e1bio Lima<br \/>\nM\u00fasico: Nando Mendes<br \/>\n01\/02 &#8211; Pe. Diogo<br \/>\nM\u00fasico: Nando Mendes<br \/>\n08\/02 &#8211; Pe. Edmilson Leite<br \/>\nM\u00fasico: Nando Mendes<br \/>\n15\/02 &#8211; Pe. Adriano Zandon\u00e1<br \/>\nM\u00fasico: Mar\u00edlia<\/p>\n","protected":false},"excerpt":{"rendered":"<p>Cerco de Jeric\u00f3, estamos na \u00faltima semana &nbsp; Acompanhe a programa\u00e7\u00e3o: 04\/01 &#8211; Pe. Elenildo CN M\u00fasicos: Mar\u00edlia e Junior Alves 11\/01 &#8211; Pe. Diogo M\u00fasico: Raquel 18\/01 &#8211; Pe. PH M\u00fasico: Mar\u00edlia 25\/01 &#8211; Pe. F\u00e1bio Lima M\u00fasico: Nando&#8230;<\/p>\n","protected":false},"author":43,"featured_media":17992,"comment_status":"open","ping_status":"closed","sticky":false,"template":"","format":"standard","meta":{"_mi_skip_tracking":false,"_monsterinsights_sitenote_active":false,"_monsterinsights_sitenote_note":"","_monsterinsights_sitenote_category":0,"footnotes":""},"categories":[19,15731],"tags":[],"_links":{"self":[{"href":"https:\/\/blog.cancaonova.com\/saopaulo\/wp-json\/wp\/v2\/posts\/17921"}],"collection":[{"href":"https:\/\/blog.cancaonova.com\/saopaulo\/wp-json\/wp\/v2\/posts"}],"about":[{"href":"https:\/\/blog.cancaonova.com\/saopaulo\/wp-json\/wp\/v2\/types\/post"}],"author":[{"embeddable":true,"href":"https:\/\/blog.cancaonova.com\/saopaulo\/wp-json\/wp\/v2\/users\/43"}],"replies":[{"embeddable":true,"href":"https:\/\/blog.cancaonova.com\/saopaulo\/wp-json\/wp\/v2\/comments?post=17921"}],"version-history":[{"count":5,"href":"https:\/\/blog.cancaonova.com\/saopaulo\/wp-json\/wp\/v2\/posts\/17921\/revisions"}],"predecessor-version":[{"id":17985,"href":"https:\/\/blog.cancaonova.com\/saopaulo\/wp-json\/wp\/v2\/posts\/17921\/revisions\/17985"}],"wp:featuredmedia":[{"embeddable":true,"href":"https:\/\/blog.cancaonova.com\/saopaulo\/wp-json\/wp\/v2\/media\/17992"}],"wp:attachment":[{"href":"https:\/\/blog.cancaonova.com\/saopaulo\/wp-json\/wp\/v2\/media?parent=17921"}],"wp:term":[{"taxonomy":"category","embeddable":true,"href":"https:\/\/blog.cancaonova.com\/saopaulo\/wp-json\/wp\/v2\/categories?post=17921"},{"taxonomy":"post_tag","embeddable":true,"href":"https:\/\/blog.cancaonova.com\/saopaulo\/wp-json\/wp\/v2\/tags?post=17921"}],"curies":[{"name":"wp","href":"https:\/\/api.w.org\/{rel}","templated":true}]}}