{"id":18002,"date":"2021-02-23T09:53:08","date_gmt":"2021-02-23T12:53:08","guid":{"rendered":"http:\/\/blog.cancaonova.com\/saopaulo\/?p=18002"},"modified":"2021-02-25T16:20:36","modified_gmt":"2021-02-25T19:20:36","slug":"sao-jose-mestre-de-oracao-e-coragem","status":"publish","type":"post","link":"https:\/\/blog.cancaonova.com\/saopaulo\/sao-jose-mestre-de-oracao-e-coragem\/","title":{"rendered":"S\u00e3o Jos\u00e9, mestre de ora\u00e7\u00e3o e coragem"},"content":{"rendered":"<p><a href=\"http:\/\/blog.cancaonova.com\/saopaulo\/files\/2021\/02\/Ano-S\u00e3o-Jos\u00e9.jpeg\"><img loading=\"lazy\" decoding=\"async\" class=\"alignnone wp-image-18003 size-full\" src=\"http:\/\/blog.cancaonova.com\/saopaulo\/files\/2021\/02\/Ano-S\u00e3o-Jos\u00e9.jpeg\" alt=\"\" width=\"1280\" height=\"960\" srcset=\"https:\/\/blog.cancaonova.com\/saopaulo\/files\/2021\/02\/Ano-S\u00e3o-Jos\u00e9.jpeg 1280w, https:\/\/blog.cancaonova.com\/saopaulo\/files\/2021\/02\/Ano-S\u00e3o-Jos\u00e9-300x225.jpeg 300w, https:\/\/blog.cancaonova.com\/saopaulo\/files\/2021\/02\/Ano-S\u00e3o-Jos\u00e9-768x576.jpeg 768w\" sizes=\"(max-width: 1280px) 100vw, 1280px\" \/><\/a><\/p>\n<p>O ano dedicado a S\u00e3o Jos\u00e9 \u00e9 uma oportunidade\u00a0para crescer em virtudes como trabalho, coragem e f\u00e9<\/p>\n<p>De S\u00e3o Jos\u00e9, a B\u00edblia n\u00e3o cita nenhuma frase. O Evangelista Mateus o define como um \u201chomem justo\u201d. A Sagrada Escritura cita alguns epis\u00f3dios relacionados a Jos\u00e9 que assumiu a miss\u00e3o de ser esposo de Maria e pai adotivo de Jesus.<br \/>\nNeste ano, toda a Igreja \u00e9 convidada a viver o Ano de S\u00e3o Jos\u00e9. A celebra\u00e7\u00e3o nasce do cora\u00e7\u00e3o do Papa Francisco em comemora\u00e7\u00e3o aos 150 anos da proclama\u00e7\u00e3o de S\u00e3o Jos\u00e9 como guardi\u00e3o universal da Igreja, pelo Papa Pio IX. Neste ano, fomos presenteados com a Carta Apost\u00f3lica Patris Corde \u201cCora\u00e7\u00e3o de Pai\u201d.<br \/>\nGra\u00e7as ao testemunho de in\u00fameros devotos de S\u00e3o Jos\u00e9 ao longo dos anos, \u00e9 poss\u00edvel reconhecer no Pai adotivo de Jesus diversas virtudes como fortaleza, justi\u00e7a, f\u00e9, ora\u00e7\u00e3o, pureza e discernimento espiritual. Escolhido por Deus para ser esposo de Maria Virgem, Jos\u00e9 precisou viver a pureza e cuidar para que a M\u00e3e de Deus se mantivesse separada por Deus. Santa Teresa d\u2019\u00c1vila orienta: \u201cquem n\u00e3o encontrar mestre que lhe ensine ora\u00e7\u00e3o, tome a este glorioso Santo por mestre e n\u00e3o errar\u00e1 no caminho\u201d<br \/>\nEm uma \u00e9poca em que as pessoas t\u00eam dificuldade para tomar decis\u00f5es acertas, Jos\u00e9 pode ser uma inspira\u00e7\u00e3o de discernimento espiritual. Ouvir a Deus e estar atento aos sinais do Senhor era algo constante na vida de S\u00e3o Jos\u00e9. Frequentemente, entendia os planos de Deus atrav\u00e9s dos sonhos. \u201cO sonho \u00e9 um lugar privilegiado para buscar a verdade, porque ali n\u00e3o nos defendemos da verdade. Deus fala tamb\u00e9m nos sonhos. Nem sempre, porque normalmente \u00e9 o nosso inconsciente que vem, mas Deus muitas vezes escolheu falar nos sonhos. E o fez muitas vezes, na B\u00edblia. Mas Jos\u00e9 era o homem dos sonhos, mas n\u00e3o era um sonhador! N\u00e3o tinha fantasias. Um sonhador \u00e9 outra coisa: \u00e9 aquele que est\u00e1 no ar e n\u00e3o tem os p\u00e9s no ch\u00e3o. Jos\u00e9 tinha os p\u00e9s no ch\u00e3o. S\u00e3o Jos\u00e9 tinha os p\u00e9s no ch\u00e3o, mas era aberto\u201d, afirma o Papa Francisco.<br \/>\nPe\u00e7amos a intercess\u00e3o de S\u00e3o Jos\u00e9 com esta ora\u00e7\u00e3o ensinada pelo Papa Francisco que est\u00e1 na carta Com Cora\u00e7\u00e3o de Pai:<br \/>\nSalve, guardi\u00e3o do Redentor<br \/>\ne esposo da Virgem Maria!<br \/>\nA v\u00f3s, Deus confiou o seu Filho;<br \/>\nem v\u00f3s, Maria depositou a sua confian\u00e7a;<br \/>\nconvosco, Cristo tornou-Se homem.<br \/>\n\u00d3 Bem-aventurado Jos\u00e9, mostrai-vos pai tamb\u00e9m para n\u00f3s<br \/>\ne guiai-nos no caminho da vida.<br \/>\nAlcan\u00e7ai-nos gra\u00e7a, miseric\u00f3rdia e coragem,<br \/>\ne defendei-nos de todo o mal. Am\u00e9m.<\/p>\n","protected":false},"excerpt":{"rendered":"<p>O ano dedicado a S\u00e3o Jos\u00e9 \u00e9 uma oportunidade\u00a0para crescer em virtudes como trabalho, coragem e f\u00e9 De S\u00e3o Jos\u00e9, a B\u00edblia n\u00e3o cita nenhuma frase. O Evangelista Mateus o define como um \u201chomem justo\u201d. A Sagrada Escritura cita alguns&#8230;<\/p>\n","protected":false},"author":4742,"featured_media":18009,"comment_status":"open","ping_status":"closed","sticky":false,"template":"","format":"standard","meta":{"_mi_skip_tracking":false,"_monsterinsights_sitenote_active":false,"_monsterinsights_sitenote_note":"","_monsterinsights_sitenote_category":0,"footnotes":""},"categories":[19],"tags":[],"_links":{"self":[{"href":"https:\/\/blog.cancaonova.com\/saopaulo\/wp-json\/wp\/v2\/posts\/18002"}],"collection":[{"href":"https:\/\/blog.cancaonova.com\/saopaulo\/wp-json\/wp\/v2\/posts"}],"about":[{"href":"https:\/\/blog.cancaonova.com\/saopaulo\/wp-json\/wp\/v2\/types\/post"}],"author":[{"embeddable":true,"href":"https:\/\/blog.cancaonova.com\/saopaulo\/wp-json\/wp\/v2\/users\/4742"}],"replies":[{"embeddable":true,"href":"https:\/\/blog.cancaonova.com\/saopaulo\/wp-json\/wp\/v2\/comments?post=18002"}],"version-history":[{"count":2,"href":"https:\/\/blog.cancaonova.com\/saopaulo\/wp-json\/wp\/v2\/posts\/18002\/revisions"}],"predecessor-version":[{"id":18007,"href":"https:\/\/blog.cancaonova.com\/saopaulo\/wp-json\/wp\/v2\/posts\/18002\/revisions\/18007"}],"wp:featuredmedia":[{"embeddable":true,"href":"https:\/\/blog.cancaonova.com\/saopaulo\/wp-json\/wp\/v2\/media\/18009"}],"wp:attachment":[{"href":"https:\/\/blog.cancaonova.com\/saopaulo\/wp-json\/wp\/v2\/media?parent=18002"}],"wp:term":[{"taxonomy":"category","embeddable":true,"href":"https:\/\/blog.cancaonova.com\/saopaulo\/wp-json\/wp\/v2\/categories?post=18002"},{"taxonomy":"post_tag","embeddable":true,"href":"https:\/\/blog.cancaonova.com\/saopaulo\/wp-json\/wp\/v2\/tags?post=18002"}],"curies":[{"name":"wp","href":"https:\/\/api.w.org\/{rel}","templated":true}]}}