{"id":18025,"date":"2021-03-15T09:50:29","date_gmt":"2021-03-15T12:50:29","guid":{"rendered":"http:\/\/blog.cancaonova.com\/saopaulo\/?p=18025"},"modified":"2021-03-15T09:56:14","modified_gmt":"2021-03-15T12:56:14","slug":"fase-emergencial-veja-como-entrar-em-contato-conosco","status":"publish","type":"post","link":"https:\/\/blog.cancaonova.com\/saopaulo\/fase-emergencial-veja-como-entrar-em-contato-conosco\/","title":{"rendered":"Fase emergencial veja como entrar em contato conosco"},"content":{"rendered":"<p>&#8220;Orar \u00e9 uma necessidade vital&#8221;<\/p>\n<p>A cidade S\u00e3o Paulo entrou na fase emergencial por causa da pandemia. Diante das novas restri\u00e7\u00f5es, as atividades presenciais da Casa de Miss\u00e3o na Catedral Nossa Senhora do L\u00edbano (segundas e quartas-feiras) est\u00e3o suspensas at\u00e9 o dia 30\/03.<\/p>\n<p>Voc\u00ea poder\u00e1 acompanhar a Santa Missa das segundas-feiras, pela TV Can\u00e7\u00e3o Nova, canal aberto 59.1<\/p>\n<p>Entre em contato pelos telefones e e-mail.<br \/>\nDeixe seu pedido de ora\u00e7\u00e3o, vamos rezar por voc\u00ea!<\/p>\n<p><strong>Telefones<\/strong><\/p>\n<p>Eventos Can\u00e7\u00e3o Nova: (+55) 11 99122-3483<br \/>\nClube da Evangeliza\u00e7\u00e3o: (+55) 11 94520-1506<br \/>\nLoja Can\u00e7\u00e3o Nova: (+55) 11 99121-1116<br \/>\nComunica\u00e7\u00e3o: (+55) 1194500-4915<br \/>\nTV Can\u00e7\u00e3o Nova: (+55) 11 5080-5230<br \/>\nR\u00e1dio Am\u00e9rica: (+55) 11 94035-9617<\/p>\n<p><strong>E-mails<\/strong><\/p>\n<p>Eventos Can\u00e7\u00e3o Nova: eventossp@cancaonova.com<br \/>\nClube da Evangeliza\u00e7\u00e3o: clubesp@cancaonova.com<br \/>\nVocacional: vocacionalsp@cancaonova.com<br \/>\nLoja Can\u00e7\u00e3o Nova: lojasp@cancaonova.com<br \/>\nComunica\u00e7\u00e3o: comunicacaosp@cancaonova.com<br \/>\nTV Can\u00e7\u00e3o Nova: jornalismosp@cancaonova.com<br \/>\nR\u00e1dio Am\u00e9rica: america@cancaonova.com<\/p>\n<p>&nbsp;<\/p>\n","protected":false},"excerpt":{"rendered":"<p>&#8220;Orar \u00e9 uma necessidade vital&#8221; A cidade S\u00e3o Paulo entrou na fase emergencial por causa da pandemia. Diante das novas restri\u00e7\u00f5es, as atividades presenciais da Casa de Miss\u00e3o na Catedral Nossa Senhora do L\u00edbano (segundas e quartas-feiras) est\u00e3o suspensas at\u00e9&#8230;<\/p>\n","protected":false},"author":43,"featured_media":18028,"comment_status":"open","ping_status":"closed","sticky":false,"template":"","format":"standard","meta":{"_mi_skip_tracking":false,"_monsterinsights_sitenote_active":false,"_monsterinsights_sitenote_note":"","_monsterinsights_sitenote_category":0,"footnotes":""},"categories":[19],"tags":[],"_links":{"self":[{"href":"https:\/\/blog.cancaonova.com\/saopaulo\/wp-json\/wp\/v2\/posts\/18025"}],"collection":[{"href":"https:\/\/blog.cancaonova.com\/saopaulo\/wp-json\/wp\/v2\/posts"}],"about":[{"href":"https:\/\/blog.cancaonova.com\/saopaulo\/wp-json\/wp\/v2\/types\/post"}],"author":[{"embeddable":true,"href":"https:\/\/blog.cancaonova.com\/saopaulo\/wp-json\/wp\/v2\/users\/43"}],"replies":[{"embeddable":true,"href":"https:\/\/blog.cancaonova.com\/saopaulo\/wp-json\/wp\/v2\/comments?post=18025"}],"version-history":[{"count":1,"href":"https:\/\/blog.cancaonova.com\/saopaulo\/wp-json\/wp\/v2\/posts\/18025\/revisions"}],"predecessor-version":[{"id":18027,"href":"https:\/\/blog.cancaonova.com\/saopaulo\/wp-json\/wp\/v2\/posts\/18025\/revisions\/18027"}],"wp:featuredmedia":[{"embeddable":true,"href":"https:\/\/blog.cancaonova.com\/saopaulo\/wp-json\/wp\/v2\/media\/18028"}],"wp:attachment":[{"href":"https:\/\/blog.cancaonova.com\/saopaulo\/wp-json\/wp\/v2\/media?parent=18025"}],"wp:term":[{"taxonomy":"category","embeddable":true,"href":"https:\/\/blog.cancaonova.com\/saopaulo\/wp-json\/wp\/v2\/categories?post=18025"},{"taxonomy":"post_tag","embeddable":true,"href":"https:\/\/blog.cancaonova.com\/saopaulo\/wp-json\/wp\/v2\/tags?post=18025"}],"curies":[{"name":"wp","href":"https:\/\/api.w.org\/{rel}","templated":true}]}}