{"id":18030,"date":"2021-03-16T21:26:09","date_gmt":"2021-03-17T00:26:09","guid":{"rendered":"http:\/\/blog.cancaonova.com\/saopaulo\/?p=18030"},"modified":"2021-03-16T22:27:46","modified_gmt":"2021-03-17T01:27:46","slug":"neste-sabado-participe-da-formacao-line-sobre-sao-jose-com-frei-patricio-irma-ana-paula-e-marilia-mello","status":"publish","type":"post","link":"https:\/\/blog.cancaonova.com\/saopaulo\/neste-sabado-participe-da-formacao-line-sobre-sao-jose-com-frei-patricio-irma-ana-paula-e-marilia-mello\/","title":{"rendered":"Neste s\u00e1bado, participe da forma\u00e7\u00e3o on-line sobre S\u00e3o Jos\u00e9 com Frei Patr\u00edcio, Irm\u00e3 Ana Paula e Mar\u00edlia Mello"},"content":{"rendered":"<p><img loading=\"lazy\" decoding=\"async\" class=\"aligncenter size-full wp-image-18031\" src=\"http:\/\/blog.cancaonova.com\/saopaulo\/files\/2021\/03\/S\u00e3o-Jos\u00e9.jpeg\" alt=\"\" width=\"1080\" height=\"1080\" srcset=\"https:\/\/blog.cancaonova.com\/saopaulo\/files\/2021\/03\/S\u00e3o-Jos\u00e9.jpeg 1080w, https:\/\/blog.cancaonova.com\/saopaulo\/files\/2021\/03\/S\u00e3o-Jos\u00e9-150x150.jpeg 150w, https:\/\/blog.cancaonova.com\/saopaulo\/files\/2021\/03\/S\u00e3o-Jos\u00e9-300x300.jpeg 300w, https:\/\/blog.cancaonova.com\/saopaulo\/files\/2021\/03\/S\u00e3o-Jos\u00e9-768x768.jpeg 768w\" sizes=\"(max-width: 1080px) 100vw, 1080px\" \/><\/p>\n<p>Vagas limitadas.<br \/>\nFa\u00e7a sua inscri\u00e7\u00e3o atrav\u00e9s do Whatsapp 11 99122 3483 (Eventos CNSP)<br \/>\nGaranta sua participa\u00e7\u00e3o no evento sob o tema\u201cNa Oficina de S\u00e3o Jos\u00e9, somos restaurados\u201d<\/p>\n<p>Na semana em que a Igreja celebra seu Patrono, S\u00e3o Jos\u00e9, a Can\u00e7\u00e3o Nova oferece a voc\u00ea um momento de forma\u00e7\u00e3o com Frei Patr\u00edcio Sciadini (OCD), um dos maiores especialistas do mundo em espiritualidade carmelita. Atrav\u00e9s de uma plataforma virtual, ser\u00e1 poss\u00edvel acompanhar a prega\u00e7\u00e3o ao vivo do Cairo, no Egito, sobre o tema \u201cCaminhando com S\u00e3o Jos\u00e9\u201d, t\u00edtulo do livro que acaba de ser lan\u00e7ado pela Editora Can\u00e7\u00e3o Nova em parceria com a Editora Angelus.<\/p>\n<p>A anima\u00e7\u00e3o da tarde de s\u00e1bado ficar\u00e1 por conta de Mar\u00edlia Mello. A programa\u00e7\u00e3o encerra com a participa\u00e7\u00e3o da Irm\u00e3 Ana Paula (CMES) que far\u00e1 um momento especial sobre o tema \u201cRestaurados pelo testemunho de S\u00e3o Jos\u00e9\u201d.<\/p>\n<p>O encontro virtual ser\u00e1 uma excelente oportunidade para aprofundar a devo\u00e7\u00e3o a S\u00e3o Jos\u00e9, neste ano especial dos 150 anos da sua declara\u00e7\u00e3o como padroeiro universal da Igreja feita pelo Papa Pio IX, em 8 de dezembro de 1870.<\/p>\n<p>Servi\u00e7o:<\/p>\n<p><strong>TAXA DE CONTRIBUI\u00c7\u00c3O:<\/strong> Se poss\u00edvel, a partir de R$ 10,00 ou qualquer outro valor para a Manuten\u00e7\u00e3o da nossa Miss\u00e3o (dever\u00e1 ser Depositado ou transferido em Conta-corrente que compartilharemos ao entrarem em contato no Whatsapp)<\/p>\n<p>OBS: Aqueles que n\u00e3o podem contribuir com algum valor e queiram fazer a forma\u00e7\u00e3o, tamb\u00e9m entre em contato pelo nosso Whatsapp.<\/p>\n<p>Inscri\u00e7\u00f5es no Telefone\/Whatsapp: 11 99122 3483 (Eventos Can\u00e7\u00e3o Nova-SP)<br \/>\nData: 20\/03\/21<br \/>\nHora: 14h30 \u00e0s 17h<br \/>\nObs.: ao se inscrever, voc\u00ea receber\u00e1 o acesso para a plataforma virtual.<\/p>\n<p>Programa\u00e7\u00e3o:<br \/>\n14h30 &#8211; Acolhida e anima\u00e7\u00e3o com Mar\u00edlia Mello<br \/>\n15h &#8211; Prega\u00e7\u00e3o: Frei Patr\u00edcio Sciadini \/ Tema: Caminhando com S\u00e3o Jos\u00e9<br \/>\n15h45 &#8211; Intervalo<br \/>\n16h &#8211; Anima\u00e7\u00e3o com Mar\u00edlia Mello<br \/>\n16h15 &#8211; Coloca\u00e7\u00e3o e ora\u00e7\u00e3o: Irm\u00e3 Ana Paula (CMES) &#8211; Tema: Restaurados pelo testemunho de S\u00e3o Jos\u00e9<br \/>\n17h &#8211; Encerramento<\/p>\n","protected":false},"excerpt":{"rendered":"<p>Vagas limitadas. Fa\u00e7a sua inscri\u00e7\u00e3o atrav\u00e9s do Whatsapp 11 99122 3483 (Eventos CNSP) Garanta sua participa\u00e7\u00e3o no evento sob o tema\u201cNa Oficina de S\u00e3o Jos\u00e9, somos restaurados\u201d Na semana em que a Igreja celebra seu Patrono, S\u00e3o Jos\u00e9, a Can\u00e7\u00e3o&#8230;<\/p>\n","protected":false},"author":43,"featured_media":18033,"comment_status":"open","ping_status":"closed","sticky":false,"template":"","format":"standard","meta":{"_mi_skip_tracking":false,"_monsterinsights_sitenote_active":false,"_monsterinsights_sitenote_note":"","_monsterinsights_sitenote_category":0,"footnotes":""},"categories":[19],"tags":[],"_links":{"self":[{"href":"https:\/\/blog.cancaonova.com\/saopaulo\/wp-json\/wp\/v2\/posts\/18030"}],"collection":[{"href":"https:\/\/blog.cancaonova.com\/saopaulo\/wp-json\/wp\/v2\/posts"}],"about":[{"href":"https:\/\/blog.cancaonova.com\/saopaulo\/wp-json\/wp\/v2\/types\/post"}],"author":[{"embeddable":true,"href":"https:\/\/blog.cancaonova.com\/saopaulo\/wp-json\/wp\/v2\/users\/43"}],"replies":[{"embeddable":true,"href":"https:\/\/blog.cancaonova.com\/saopaulo\/wp-json\/wp\/v2\/comments?post=18030"}],"version-history":[{"count":3,"href":"https:\/\/blog.cancaonova.com\/saopaulo\/wp-json\/wp\/v2\/posts\/18030\/revisions"}],"predecessor-version":[{"id":18035,"href":"https:\/\/blog.cancaonova.com\/saopaulo\/wp-json\/wp\/v2\/posts\/18030\/revisions\/18035"}],"wp:featuredmedia":[{"embeddable":true,"href":"https:\/\/blog.cancaonova.com\/saopaulo\/wp-json\/wp\/v2\/media\/18033"}],"wp:attachment":[{"href":"https:\/\/blog.cancaonova.com\/saopaulo\/wp-json\/wp\/v2\/media?parent=18030"}],"wp:term":[{"taxonomy":"category","embeddable":true,"href":"https:\/\/blog.cancaonova.com\/saopaulo\/wp-json\/wp\/v2\/categories?post=18030"},{"taxonomy":"post_tag","embeddable":true,"href":"https:\/\/blog.cancaonova.com\/saopaulo\/wp-json\/wp\/v2\/tags?post=18030"}],"curies":[{"name":"wp","href":"https:\/\/api.w.org\/{rel}","templated":true}]}}