{"id":18037,"date":"2021-03-22T14:42:25","date_gmt":"2021-03-22T17:42:25","guid":{"rendered":"http:\/\/blog.cancaonova.com\/saopaulo\/?p=18037"},"modified":"2021-03-22T15:00:43","modified_gmt":"2021-03-22T18:00:43","slug":"vigilia-cancao-nova-acontece-neste-sabado-27","status":"publish","type":"post","link":"https:\/\/blog.cancaonova.com\/saopaulo\/vigilia-cancao-nova-acontece-neste-sabado-27\/","title":{"rendered":"Vig\u00edlia Can\u00e7\u00e3o Nova  acontece neste s\u00e1bado, 27"},"content":{"rendered":"<p><img loading=\"lazy\" decoding=\"async\" class=\"aligncenter size-full wp-image-18039\" src=\"http:\/\/blog.cancaonova.com\/saopaulo\/files\/2021\/03\/Card-Vigilia-oficial-.jpg\" alt=\"\" width=\"965\" height=\"1080\" srcset=\"https:\/\/blog.cancaonova.com\/saopaulo\/files\/2021\/03\/Card-Vigilia-oficial-.jpg 965w, https:\/\/blog.cancaonova.com\/saopaulo\/files\/2021\/03\/Card-Vigilia-oficial--268x300.jpg 268w, https:\/\/blog.cancaonova.com\/saopaulo\/files\/2021\/03\/Card-Vigilia-oficial--768x860.jpg 768w\" sizes=\"(max-width: 965px) 100vw, 965px\" \/><\/p>\n<p><i><span style=\"font-weight: 400\">O evento poder\u00e1 ser acompanhado pela\u00a0<\/span><\/i><i><span style=\"font-weight: 400\">TV Can\u00e7\u00e3o Nova,\u00a0 R\u00e1dio Am\u00e9rica AM 780 e pelas redes sociais<\/span><\/i><\/p>\n<p>&nbsp;<\/p>\n<p><span style=\"font-weight: 400\">Acompanhe a Vig\u00edlia Can\u00e7\u00e3o Nova neste s\u00e1bado 27\/03, atrav\u00e9s do Sistema Can\u00e7\u00e3o Nova de Comunica\u00e7\u00e3o.\u00a0 Padre Edimilson Leite, Tarciana Matos, Natalia dos Santos e mission\u00e1rios da Can\u00e7\u00e3o Nova conduzir\u00e3o\u00a0 essa noite de grande clamor por intercess\u00e3o de S\u00e3o Jos\u00e9. A programa\u00e7\u00e3o come\u00e7a, \u00e0s 23h, com a Santa Missa.<\/span><\/p>\n<p>&nbsp;<\/p>\n<p><span style=\"font-weight: 400\">Sob o tema \u201cCom o cora\u00e7\u00e3o do Pai: Do amor de S\u00e3o Jos\u00e9 ao Cora\u00e7\u00e3o Salvador de Jesus\u201d,\u00a0 o evento ser\u00e1 uma oportunidade de continuar um aprofundamento na vida e miss\u00e3o de S\u00e3o Jos\u00e9, ele que foi escolhido para ser o patrono da Igreja nesse ano de tantos desafios. <\/span><span style=\"font-weight: 400\">Esse encontro \u00e9 uma \u00f3tima op\u00e7\u00e3o para se preparar bem para Semana Santa que se aproxima.\u00a0<\/span><\/p>\n<p><b>CONFIRA A PROGRAMA\u00c7\u00c3O<\/b><\/p>\n<p><span style=\"font-weight: 400\">23h00 In\u00edcio &#8211; Anima\u00e7\u00e3o &#8211; Natalia dos Santos<\/span><\/p>\n<p><span style=\"font-weight: 400\">23h30 In\u00edcio &#8211; Santa Missa &#8211; Pe. Edimilson Leite<\/span><\/p>\n<p><span style=\"font-weight: 400\">00h27 Intervalo<\/span><\/p>\n<p><span style=\"font-weight: 400\">01h00 Anima\u00e7\u00e3o Natalia dos Santos<\/span><\/p>\n<p><span style=\"font-weight: 400\">01h20 Prega\u00e7\u00e3o: Tarciana Matos<\/span><\/p>\n<p><span style=\"font-weight: 400\">02h10 Adora\u00e7\u00e3o ao Sant\u00edssimo: Pe Edimilson Leite e Tarciana<\/span><\/p>\n<p><span style=\"font-weight: 400\">02h57 Ter\u00e7o da Miseric\u00f3rdia<\/span><\/p>\n<p><span style=\"font-weight: 400\">03h27 Encerramento com b\u00ean\u00e7\u00e3o do Sant\u00edssimo<\/span><\/p>\n<p>&nbsp;<\/p>\n<p><b>SERVI\u00c7O:<\/b><\/p>\n<p><span style=\"font-weight: 400\">Evento: Vig\u00edlia Can\u00e7\u00e3o Nova \u2013 Tema:\u00a0<\/span><\/p>\n<p><span style=\"font-weight: 400\">\u201cCom o cora\u00e7\u00e3o do Pai: Do amor de S\u00e3o Jos\u00e9 ao Cora\u00e7\u00e3o Salvador de Jesus\u201d<\/span><\/p>\n<p><span style=\"font-weight: 400\">Data: 27 de Mar\u00e7o 2021<\/span><\/p>\n<p><span style=\"font-weight: 400\">Hor\u00e1rio: In\u00edcio \u00e0s 23h, no s\u00e1bado<\/span><\/p>\n<p><span style=\"font-weight: 400\">Mais informa\u00e7\u00f5es: saopaulo.cancaonova.com<\/span><\/p>\n<p><span style=\"font-weight: 400\">Email: eventossp@cancaonova.com\u00a0\u00a0<\/span><\/p>\n<p>&nbsp;<\/p>\n","protected":false},"excerpt":{"rendered":"<p>O evento poder\u00e1 ser acompanhado pela\u00a0TV Can\u00e7\u00e3o Nova,\u00a0 R\u00e1dio Am\u00e9rica AM 780 e pelas redes sociais &nbsp; Acompanhe a Vig\u00edlia Can\u00e7\u00e3o Nova neste s\u00e1bado 27\/03, atrav\u00e9s do Sistema Can\u00e7\u00e3o Nova de Comunica\u00e7\u00e3o.\u00a0 Padre Edimilson Leite, Tarciana Matos, Natalia dos Santos&#8230;<\/p>\n","protected":false},"author":43,"featured_media":18043,"comment_status":"open","ping_status":"closed","sticky":false,"template":"","format":"standard","meta":{"_mi_skip_tracking":false,"_monsterinsights_sitenote_active":false,"_monsterinsights_sitenote_note":"","_monsterinsights_sitenote_category":0,"footnotes":""},"categories":[19],"tags":[],"_links":{"self":[{"href":"https:\/\/blog.cancaonova.com\/saopaulo\/wp-json\/wp\/v2\/posts\/18037"}],"collection":[{"href":"https:\/\/blog.cancaonova.com\/saopaulo\/wp-json\/wp\/v2\/posts"}],"about":[{"href":"https:\/\/blog.cancaonova.com\/saopaulo\/wp-json\/wp\/v2\/types\/post"}],"author":[{"embeddable":true,"href":"https:\/\/blog.cancaonova.com\/saopaulo\/wp-json\/wp\/v2\/users\/43"}],"replies":[{"embeddable":true,"href":"https:\/\/blog.cancaonova.com\/saopaulo\/wp-json\/wp\/v2\/comments?post=18037"}],"version-history":[{"count":1,"href":"https:\/\/blog.cancaonova.com\/saopaulo\/wp-json\/wp\/v2\/posts\/18037\/revisions"}],"predecessor-version":[{"id":18040,"href":"https:\/\/blog.cancaonova.com\/saopaulo\/wp-json\/wp\/v2\/posts\/18037\/revisions\/18040"}],"wp:featuredmedia":[{"embeddable":true,"href":"https:\/\/blog.cancaonova.com\/saopaulo\/wp-json\/wp\/v2\/media\/18043"}],"wp:attachment":[{"href":"https:\/\/blog.cancaonova.com\/saopaulo\/wp-json\/wp\/v2\/media?parent=18037"}],"wp:term":[{"taxonomy":"category","embeddable":true,"href":"https:\/\/blog.cancaonova.com\/saopaulo\/wp-json\/wp\/v2\/categories?post=18037"},{"taxonomy":"post_tag","embeddable":true,"href":"https:\/\/blog.cancaonova.com\/saopaulo\/wp-json\/wp\/v2\/tags?post=18037"}],"curies":[{"name":"wp","href":"https:\/\/api.w.org\/{rel}","templated":true}]}}