{"id":18045,"date":"2021-04-09T13:32:54","date_gmt":"2021-04-09T16:32:54","guid":{"rendered":"http:\/\/blog.cancaonova.com\/saopaulo\/?p=18045"},"modified":"2021-04-09T15:14:51","modified_gmt":"2021-04-09T18:14:51","slug":"aprofundamento-de-cura-interior","status":"publish","type":"post","link":"https:\/\/blog.cancaonova.com\/saopaulo\/aprofundamento-de-cura-interior\/","title":{"rendered":"Aprofundamento de Cura Interior"},"content":{"rendered":"<p><b>Participe do Aprofundamento de Cura Interior ON-LINE<\/b><\/p>\n<p><b>Inscreva-se aqui:<a href=\"https:\/\/bit.ly\/3fY27TQ\" target=\"_blank\" rel=\"noopener\">\u00a0https:\/\/bit.ly\/3fY27TQ<\/a><\/b><\/p>\n<p><img loading=\"lazy\" decoding=\"async\" class=\"aligncenter size-full wp-image-18046\" src=\"http:\/\/blog.cancaonova.com\/saopaulo\/files\/2021\/04\/Card-Aprofundamento-.jpg\" alt=\"\" width=\"1080\" height=\"1080\" srcset=\"https:\/\/blog.cancaonova.com\/saopaulo\/files\/2021\/04\/Card-Aprofundamento-.jpg 1080w, https:\/\/blog.cancaonova.com\/saopaulo\/files\/2021\/04\/Card-Aprofundamento--150x150.jpg 150w, https:\/\/blog.cancaonova.com\/saopaulo\/files\/2021\/04\/Card-Aprofundamento--300x300.jpg 300w, https:\/\/blog.cancaonova.com\/saopaulo\/files\/2021\/04\/Card-Aprofundamento--768x768.jpg 768w\" sizes=\"(max-width: 1080px) 100vw, 1080px\" \/><\/p>\n<p><i><span style=\"font-weight: 400\">Uma tarde especial com Dijanira Silva e os padres Serginho e Jo\u00e3o Gualberto no Evento\u00a0<\/span><\/i><\/p>\n<p><i><span style=\"font-weight: 400\">&#8220;Deus n\u00e3o se esqueceu de Voc\u00ea&#8221;<\/span><\/i><\/p>\n<p><span style=\"font-weight: 400\">A Can\u00e7\u00e3o Nova realiza no dia 24 de abril de 2021 a terceira edi\u00e7\u00e3o do Aprofundamento de Cura Interior com o tema \u201cDeus n\u00e3o esqueceu de voc\u00ea\u201d (cf. Is 49,15).\u00a0<\/span><\/p>\n<p><span style=\"font-weight: 400\">Dijanira Silva, os padres Serginho e Jo\u00e3o Gualberto e Comunidade Can\u00e7\u00e3o Nova ir\u00e3o conduzir prega\u00e7\u00f5es e momento profundo de ora\u00e7\u00e3o diante do Sant\u00edssimo Sacramento. Tudo isso em uma plataforma virtual para que voc\u00ea possa participar em sua casa atrav\u00e9s de seu celular ou computador.\u00a0<\/span><\/p>\n<p><span style=\"font-weight: 400\">O encontro on-line tem o objetivo de levar os participantes a uma experi\u00eancia de restaura\u00e7\u00e3o e de cura das viv\u00eancias dolorosas do passado.\u00a0<\/span><\/p>\n<p><span style=\"font-weight: 400\">Venha participar desse momento especial de gra\u00e7as. As inscri\u00e7\u00f5es j\u00e1 est\u00e3o dispon\u00edveis no site\u00a0 https:\/\/saopaulo.cancaonova.com<\/span><\/p>\n<p><b>SERVI\u00c7O<\/b><\/p>\n<p><span style=\"font-weight: 400\">Evento: Aprofundamento de Cura Interior<\/span><\/p>\n<p><span style=\"font-weight: 400\">Data: 24 de Abril<\/span><\/p>\n<p><span style=\"font-weight: 400\">Hor\u00e1rio: 14h \u00e0s 18h<\/span><\/p>\n<p><span style=\"font-weight: 400\">Taxa de Contribui\u00e7\u00e3o: se poss\u00edvel, a partir de R$ 15,00 ou qualquer outro valor para a Manuten\u00e7\u00e3o da nossa Miss\u00e3o\u00a0<\/span><\/p>\n<p><span style=\"font-weight: 400\">OBS: O comprovante de pagamento deve ser enviado no Whatsapp (11) 99122-3483.<\/span><\/p>\n<p>&nbsp;<\/p>\n","protected":false},"excerpt":{"rendered":"<p>Participe do Aprofundamento de Cura Interior ON-LINE Inscreva-se aqui:\u00a0https:\/\/bit.ly\/3fY27TQ Uma tarde especial com Dijanira Silva e os padres Serginho e Jo\u00e3o Gualberto no Evento\u00a0 &#8220;Deus n\u00e3o se esqueceu de Voc\u00ea&#8221; A Can\u00e7\u00e3o Nova realiza no dia 24 de abril de&#8230;<\/p>\n","protected":false},"author":43,"featured_media":18047,"comment_status":"open","ping_status":"closed","sticky":false,"template":"","format":"standard","meta":{"_mi_skip_tracking":false,"_monsterinsights_sitenote_active":false,"_monsterinsights_sitenote_note":"","_monsterinsights_sitenote_category":0,"footnotes":""},"categories":[19],"tags":[],"_links":{"self":[{"href":"https:\/\/blog.cancaonova.com\/saopaulo\/wp-json\/wp\/v2\/posts\/18045"}],"collection":[{"href":"https:\/\/blog.cancaonova.com\/saopaulo\/wp-json\/wp\/v2\/posts"}],"about":[{"href":"https:\/\/blog.cancaonova.com\/saopaulo\/wp-json\/wp\/v2\/types\/post"}],"author":[{"embeddable":true,"href":"https:\/\/blog.cancaonova.com\/saopaulo\/wp-json\/wp\/v2\/users\/43"}],"replies":[{"embeddable":true,"href":"https:\/\/blog.cancaonova.com\/saopaulo\/wp-json\/wp\/v2\/comments?post=18045"}],"version-history":[{"count":6,"href":"https:\/\/blog.cancaonova.com\/saopaulo\/wp-json\/wp\/v2\/posts\/18045\/revisions"}],"predecessor-version":[{"id":18054,"href":"https:\/\/blog.cancaonova.com\/saopaulo\/wp-json\/wp\/v2\/posts\/18045\/revisions\/18054"}],"wp:featuredmedia":[{"embeddable":true,"href":"https:\/\/blog.cancaonova.com\/saopaulo\/wp-json\/wp\/v2\/media\/18047"}],"wp:attachment":[{"href":"https:\/\/blog.cancaonova.com\/saopaulo\/wp-json\/wp\/v2\/media?parent=18045"}],"wp:term":[{"taxonomy":"category","embeddable":true,"href":"https:\/\/blog.cancaonova.com\/saopaulo\/wp-json\/wp\/v2\/categories?post=18045"},{"taxonomy":"post_tag","embeddable":true,"href":"https:\/\/blog.cancaonova.com\/saopaulo\/wp-json\/wp\/v2\/tags?post=18045"}],"curies":[{"name":"wp","href":"https:\/\/api.w.org\/{rel}","templated":true}]}}