{"id":18065,"date":"2021-05-03T20:21:19","date_gmt":"2021-05-03T23:21:19","guid":{"rendered":"http:\/\/blog.cancaonova.com\/saopaulo\/?p=18065"},"modified":"2021-05-03T20:42:08","modified_gmt":"2021-05-03T23:42:08","slug":"bazar-especial-dia-das-maes-e-missa-na-catedral-nossa-senhora-libano-nesta-quinta-06-de-maio","status":"publish","type":"post","link":"https:\/\/blog.cancaonova.com\/saopaulo\/bazar-especial-dia-das-maes-e-missa-na-catedral-nossa-senhora-libano-nesta-quinta-06-de-maio\/","title":{"rendered":"Bazar Especial Dia das M\u00e3es e Missa na Catedral Nossa Senhora do L\u00edbano nesta quinta, 06 de maio"},"content":{"rendered":"<p>Um dia de grandes promo\u00e7\u00f5es e espiritualidade<br \/>\nna Casa de Miss\u00e3o da Can\u00e7\u00e3o Nova em S\u00e3o Paulo (Rua Tamandar\u00e9, 355)<\/p>\n<p><img loading=\"lazy\" decoding=\"async\" class=\"aligncenter size-full wp-image-18066\" src=\"http:\/\/blog.cancaonova.com\/saopaulo\/files\/2021\/05\/Bazar-m\u00e3es.jpeg\" alt=\"\" width=\"1080\" height=\"1080\" srcset=\"https:\/\/blog.cancaonova.com\/saopaulo\/files\/2021\/05\/Bazar-m\u00e3es.jpeg 1080w, https:\/\/blog.cancaonova.com\/saopaulo\/files\/2021\/05\/Bazar-m\u00e3es-150x150.jpeg 150w, https:\/\/blog.cancaonova.com\/saopaulo\/files\/2021\/05\/Bazar-m\u00e3es-300x300.jpeg 300w, https:\/\/blog.cancaonova.com\/saopaulo\/files\/2021\/05\/Bazar-m\u00e3es-768x768.jpeg 768w\" sizes=\"(max-width: 1080px) 100vw, 1080px\" \/><\/p>\n<p>A Comunidade Can\u00e7\u00e3o Nova realiza nesta quinta-feira, 06, o &#8220;Bazar especial Dia das M\u00e3es&#8221;. O Feir\u00e3o acontecer\u00e1 a partir das 11h no espa\u00e7o da Catedral Maronita Nossa Senhora do L\u00edbano. O Brech\u00f3 traz artigos de decora\u00e7\u00e3o, roupas, sapatos, pe\u00e7as de vestu\u00e1rio novas e semi-novas, com descontos e pre\u00e7os acess\u00edveis.<\/p>\n<p>A programa\u00e7\u00e3o termina com a Santa Missa \u00e0s 15h. Al\u00e9m de adquirir pe\u00e7as novas e viver uma tarde agrad\u00e1vel, o visitante poder\u00e1 vivenciar momentos na presen\u00e7a de Deus al\u00e9m de desfrutar da Lanchonete, e contribuir para manuten\u00e7\u00e3o das atividades evangelizadoras da Miss\u00e3o Can\u00e7\u00e3o Nova de S\u00e3o Paulo.<\/p>\n<p>Venha conhecer nossa Casa de Miss\u00e3o e visitar nosso bazar!<\/p>\n<p>SERVI\u00c7O<br \/>\nEvento: Bazar Especial Dia das M\u00e3es<br \/>\nData: 06 de Maio<br \/>\nEndere\u00e7o: Catedral Maronita Nossa Senhora do L\u00edbano<br \/>\nR. Tamandar\u00e9, 355, Liberdade, S\u00e3o Paulo,SP<br \/>\n(metr\u00f4 S\u00e3o Joaquim)<br \/>\nHor\u00e1rio: 11h \u00e0s 16h<br \/>\nMais informa\u00e7\u00f5es:<br \/>\nhttps:\/\/saopaulo.cancaonova.com<br \/>\nTelefone: (11) 3382 9800<br \/>\nEmail: eventossp@cancaonova.com<\/p>\n","protected":false},"excerpt":{"rendered":"<p>Um dia de grandes promo\u00e7\u00f5es e espiritualidade na Casa de Miss\u00e3o da Can\u00e7\u00e3o Nova em S\u00e3o Paulo (Rua Tamandar\u00e9, 355) A Comunidade Can\u00e7\u00e3o Nova realiza nesta quinta-feira, 06, o &#8220;Bazar especial Dia das M\u00e3es&#8221;. O Feir\u00e3o acontecer\u00e1 a partir das&#8230;<\/p>\n","protected":false},"author":43,"featured_media":18067,"comment_status":"open","ping_status":"closed","sticky":false,"template":"","format":"standard","meta":{"_mi_skip_tracking":false,"_monsterinsights_sitenote_active":false,"_monsterinsights_sitenote_note":"","_monsterinsights_sitenote_category":0,"footnotes":""},"categories":[19],"tags":[],"_links":{"self":[{"href":"https:\/\/blog.cancaonova.com\/saopaulo\/wp-json\/wp\/v2\/posts\/18065"}],"collection":[{"href":"https:\/\/blog.cancaonova.com\/saopaulo\/wp-json\/wp\/v2\/posts"}],"about":[{"href":"https:\/\/blog.cancaonova.com\/saopaulo\/wp-json\/wp\/v2\/types\/post"}],"author":[{"embeddable":true,"href":"https:\/\/blog.cancaonova.com\/saopaulo\/wp-json\/wp\/v2\/users\/43"}],"replies":[{"embeddable":true,"href":"https:\/\/blog.cancaonova.com\/saopaulo\/wp-json\/wp\/v2\/comments?post=18065"}],"version-history":[{"count":3,"href":"https:\/\/blog.cancaonova.com\/saopaulo\/wp-json\/wp\/v2\/posts\/18065\/revisions"}],"predecessor-version":[{"id":18074,"href":"https:\/\/blog.cancaonova.com\/saopaulo\/wp-json\/wp\/v2\/posts\/18065\/revisions\/18074"}],"wp:featuredmedia":[{"embeddable":true,"href":"https:\/\/blog.cancaonova.com\/saopaulo\/wp-json\/wp\/v2\/media\/18067"}],"wp:attachment":[{"href":"https:\/\/blog.cancaonova.com\/saopaulo\/wp-json\/wp\/v2\/media?parent=18065"}],"wp:term":[{"taxonomy":"category","embeddable":true,"href":"https:\/\/blog.cancaonova.com\/saopaulo\/wp-json\/wp\/v2\/categories?post=18065"},{"taxonomy":"post_tag","embeddable":true,"href":"https:\/\/blog.cancaonova.com\/saopaulo\/wp-json\/wp\/v2\/tags?post=18065"}],"curies":[{"name":"wp","href":"https:\/\/api.w.org\/{rel}","templated":true}]}}