{"id":18096,"date":"2021-06-01T21:02:48","date_gmt":"2021-06-02T00:02:48","guid":{"rendered":"http:\/\/blog.cancaonova.com\/saopaulo\/?p=18096"},"modified":"2021-06-02T15:21:42","modified_gmt":"2021-06-02T18:21:42","slug":"tempo-forte-pela-cura-das-geracoes-por-intercessao-sao-miguel-arcanjo-partir-desta-quarta-0206-na-catedral-libano","status":"publish","type":"post","link":"https:\/\/blog.cancaonova.com\/saopaulo\/tempo-forte-pela-cura-das-geracoes-por-intercessao-sao-miguel-arcanjo-partir-desta-quarta-0206-na-catedral-libano\/","title":{"rendered":"Tempo forte pela Cura das Gera\u00e7\u00f5es por intercess\u00e3o S\u00e3o Miguel Arcanjo a partir desta quarta, 02\/06, na Catedral do L\u00edbano"},"content":{"rendered":"<p><i><span style=\"font-weight: 400\">Ser\u00e3o nove encontros, cada uma rezando por uma gera\u00e7\u00e3o dos seus antepassados<\/span><\/i><\/p>\n<p><span style=\"font-weight: 400\">Para n\u00f3s crist\u00e3os, a cura entre as gera\u00e7\u00f5es \u00e9 uma oportunidade de nos libertar das influ\u00eancias familiares negativas do passado que podem estar repercutindo em nossa vida.<\/span><\/p>\n<p><span style=\"font-weight: 400\">Pensando nisso a Comunidade Can\u00e7\u00e3o Nova de S\u00e3o Paulo vai realizar nove encontros de ora\u00e7\u00e3o de 02 de junho a 28 de julho, todas as quartas-feiras ser\u00e3o momentos de profunda ora\u00e7\u00e3o para que toda nossa gera\u00e7\u00e3o seja visitada e curada por intercess\u00e3o do Arcanjo S\u00e3o Miguel.<\/span><\/p>\n<p><span style=\"font-weight: 400\">Para participar voc\u00ea precisa vir e escrever o nome de seus antepassados, pois iremos coloc\u00e1-los todos sob o altar. Existem algumas perguntas que n\u00e3o sabemos como responder, como por exemplo: Por que ser\u00e1 que em algumas fam\u00edlias, h\u00e1 pessoas que morrem, todas elas com a mesma doen\u00e7a? Voc\u00ea j\u00e1 ouviu falar de fam\u00edlias em que todas as gera\u00e7\u00f5es, houve algu\u00e9m que morreu de problemas do cora\u00e7\u00e3o? Ou de fam\u00edlias inteiras perdidas no ocultismo e nas falsas doutrinas? Ou ent\u00e3o de pessoas que temem quando algum dos seus vai viajar, porque naquela casa acontecem muitos acidentes de carro e muitos deles fatais?<\/span><\/p>\n<p><span style=\"font-weight: 400\">A cura entre gera\u00e7\u00f5es sugere a possibilidade de os atos e efeitos negativos de nossos antepassados poderem de algum modo entrar em nosso sangue e pesar sobre nossa vida e gera\u00e7\u00f5es futuras. Trata-se de curar e libertar a liga\u00e7\u00e3o com essas ra\u00edzes perturbadoras. Em poucas palavras, cura entre gera\u00e7\u00f5es \u00e9 a cura dos vivos, atrav\u00e9s da ora\u00e7\u00e3o pelos mortos.<\/span><\/p>\n<p><span style=\"font-weight: 400\">Muitos desses problemas podem ser sanados quando oramos para a cura entre as gera\u00e7\u00f5es, uma das muitas \u00e1reas do minist\u00e9rio de cura. Gra\u00e7as a Deus, com o aprofundamento da f\u00e9 e o avan\u00e7o da ci\u00eancia, muitos irm\u00e3os t\u00eam sido agraciados com os benef\u00edcios deste poderoso minist\u00e9rio.<\/span><\/p>\n<p>&nbsp;<\/p>\n<p><b>SERVI\u00c7O<\/b><\/p>\n<p><span style=\"font-weight: 400\">Evento: Ora\u00e7\u00e3o de Cura das Gera\u00e7\u00f5es com S\u00e3o Miguel Arcanjo<\/span><\/p>\n<p><span style=\"font-weight: 400\">Data: 02 de junho a 28 de julho<\/span><\/p>\n<p><span style=\"font-weight: 400\">Local: Catedral Nossa Senhora do L\u00edbano<\/span><\/p>\n<p><span style=\"font-weight: 400\">Endere\u00e7o: <\/span><span style=\"font-weight: 400\">Rua Tamandar\u00e9, 355 &#8211; Liberdade,<\/span><span style=\"font-weight: 400\">\u00a0 S\u00e3o Paulo (SP)<\/span><\/p>\n<p><span style=\"font-weight: 400\">Hor\u00e1rio: 19h30<\/span><\/p>\n<p><span style=\"font-weight: 400\">Mais informa\u00e7\u00f5es:<\/span><\/p>\n<p><span style=\"font-weight: 400\">https:\/\/saopaulo.cancaonova.com<\/span><\/p>\n<p><span style=\"font-weight: 400\">Telefone: (11) 97782 4171<\/span><\/p>\n<p><span style=\"font-weight: 400\">Email: eventossp@cancaonova.com\u00a0\u00a0<\/span><\/p>\n","protected":false},"excerpt":{"rendered":"<p>Ser\u00e3o nove encontros, cada uma rezando por uma gera\u00e7\u00e3o dos seus antepassados Para n\u00f3s crist\u00e3os, a cura entre as gera\u00e7\u00f5es \u00e9 uma oportunidade de nos libertar das influ\u00eancias familiares negativas do passado que podem estar repercutindo em nossa vida. Pensando&#8230;<\/p>\n","protected":false},"author":43,"featured_media":18099,"comment_status":"open","ping_status":"closed","sticky":false,"template":"","format":"standard","meta":{"_mi_skip_tracking":false,"_monsterinsights_sitenote_active":false,"_monsterinsights_sitenote_note":"","_monsterinsights_sitenote_category":0,"footnotes":""},"categories":[19],"tags":[],"_links":{"self":[{"href":"https:\/\/blog.cancaonova.com\/saopaulo\/wp-json\/wp\/v2\/posts\/18096"}],"collection":[{"href":"https:\/\/blog.cancaonova.com\/saopaulo\/wp-json\/wp\/v2\/posts"}],"about":[{"href":"https:\/\/blog.cancaonova.com\/saopaulo\/wp-json\/wp\/v2\/types\/post"}],"author":[{"embeddable":true,"href":"https:\/\/blog.cancaonova.com\/saopaulo\/wp-json\/wp\/v2\/users\/43"}],"replies":[{"embeddable":true,"href":"https:\/\/blog.cancaonova.com\/saopaulo\/wp-json\/wp\/v2\/comments?post=18096"}],"version-history":[{"count":1,"href":"https:\/\/blog.cancaonova.com\/saopaulo\/wp-json\/wp\/v2\/posts\/18096\/revisions"}],"predecessor-version":[{"id":18098,"href":"https:\/\/blog.cancaonova.com\/saopaulo\/wp-json\/wp\/v2\/posts\/18096\/revisions\/18098"}],"wp:featuredmedia":[{"embeddable":true,"href":"https:\/\/blog.cancaonova.com\/saopaulo\/wp-json\/wp\/v2\/media\/18099"}],"wp:attachment":[{"href":"https:\/\/blog.cancaonova.com\/saopaulo\/wp-json\/wp\/v2\/media?parent=18096"}],"wp:term":[{"taxonomy":"category","embeddable":true,"href":"https:\/\/blog.cancaonova.com\/saopaulo\/wp-json\/wp\/v2\/categories?post=18096"},{"taxonomy":"post_tag","embeddable":true,"href":"https:\/\/blog.cancaonova.com\/saopaulo\/wp-json\/wp\/v2\/tags?post=18096"}],"curies":[{"name":"wp","href":"https:\/\/api.w.org\/{rel}","templated":true}]}}