{"id":18100,"date":"2021-06-04T12:55:37","date_gmt":"2021-06-04T15:55:37","guid":{"rendered":"http:\/\/blog.cancaonova.com\/saopaulo\/?p=18100"},"modified":"2021-06-07T19:59:57","modified_gmt":"2021-06-07T22:59:57","slug":"em-junho-cancao-nova-em-sao-paulo-levara-voce-uma-experiencia-com-o-coracao-de-jesus","status":"publish","type":"post","link":"https:\/\/blog.cancaonova.com\/saopaulo\/em-junho-cancao-nova-em-sao-paulo-levara-voce-uma-experiencia-com-o-coracao-de-jesus\/","title":{"rendered":"Em junho, Can\u00e7\u00e3o Nova em S\u00e3o Paulo levar\u00e1 voc\u00ea a uma experi\u00eancia com o Cora\u00e7\u00e3o de Jesus"},"content":{"rendered":"<p><i><span style=\"font-weight: 400\">Nas missas da Segunda-feira na Catedral do L\u00edbano, voc\u00ea \u00e9 convidado a adentrar o Cora\u00e7\u00e3o de Cristo<\/span><\/i><\/p>\n<p>&nbsp;<\/p>\n<p><span style=\"font-weight: 400\">Neste m\u00eas de maneira especial somos convidados a contemplar e experimentar o infinito Amor do Cora\u00e7\u00e3o de Jesus por n\u00f3s.<\/span><\/p>\n<p>&nbsp;<\/p>\n<p><span style=\"font-weight: 400\">Pensando nisso a Comunidade Can\u00e7\u00e3o Nova de S\u00e3o Paulo vai realizar neste m\u00eas de junho nas segundas-feiras a missa em honra ao Sagrado Cora\u00e7\u00e3o de Jesus, meditando as promessas feitas a Santa Margarida.<\/span><\/p>\n<p>&nbsp;<\/p>\n<p><span style=\"font-weight: 400\">Esta devo\u00e7\u00e3o ficou conhecida em dezembro de 1673, quando Jesus Cristo apareceu a Santa Margarida Maria Alacoque, uma freira que pertencia \u00e0 Ordem da Visita\u00e7\u00e3o. A apari\u00e7\u00e3o aconteceu durante uma exposi\u00e7\u00e3o do Sant\u00edssimo Sacramento. Mostrando o seu Cora\u00e7\u00e3o transpassado pela espada, Jesus disse a Santa Margarida: Eis o cora\u00e7\u00e3o que tanto tem amado os homens e em recompensa n\u00e3o recebe da maior parte deles, sen\u00e3o ingratid\u00f5es pelas irrever\u00eancias e sacril\u00e9gios, friezas e desprezos que tem por mim nesse sacramento do Amor.<\/span><\/p>\n<p>&nbsp;<\/p>\n<p><b>SERVI\u00c7O<\/b><\/p>\n<p><span style=\"font-weight: 400\">Evento: Missa em honra ao Sagrado Cora\u00e7\u00e3o de Jesus<\/span><\/p>\n<p><span style=\"font-weight: 400\">Data: Todas as segundas de junho<\/span><\/p>\n<p><span style=\"font-weight: 400\">Local: Catedral Nossa Senhora do L\u00edbano<\/span><\/p>\n<p><span style=\"font-weight: 400\">Endere\u00e7o: <\/span><span style=\"font-weight: 400\">Rua Tamandar\u00e9, 355 &#8211; Liberdade <\/span><span style=\"font-weight: 400\">,<\/span><span style=\"font-weight: 400\">\u00a0 S\u00e3o Paulo (SP)<\/span><\/p>\n<p><span style=\"font-weight: 400\">Hor\u00e1rio: 19h30<\/span><\/p>\n<p><span style=\"font-weight: 400\">Mais informa\u00e7\u00f5es:<\/span><\/p>\n<p><span style=\"font-weight: 400\">https:\/\/saopaulo.cancaonova.com<\/span><\/p>\n<p><span style=\"font-weight: 400\">Telefone: (11) 97782 4171<\/span><\/p>\n<p><span style=\"font-weight: 400\">Email: eventossp@cancaonova.com <\/span><\/p>\n","protected":false},"excerpt":{"rendered":"<p>Nas missas da Segunda-feira na Catedral do L\u00edbano, voc\u00ea \u00e9 convidado a adentrar o Cora\u00e7\u00e3o de Cristo &nbsp; Neste m\u00eas de maneira especial somos convidados a contemplar e experimentar o infinito Amor do Cora\u00e7\u00e3o de Jesus por n\u00f3s. &nbsp; Pensando&#8230;<\/p>\n","protected":false},"author":43,"featured_media":18111,"comment_status":"open","ping_status":"closed","sticky":false,"template":"","format":"standard","meta":{"_mi_skip_tracking":false,"_monsterinsights_sitenote_active":false,"_monsterinsights_sitenote_note":"","_monsterinsights_sitenote_category":0,"footnotes":""},"categories":[19],"tags":[],"_links":{"self":[{"href":"https:\/\/blog.cancaonova.com\/saopaulo\/wp-json\/wp\/v2\/posts\/18100"}],"collection":[{"href":"https:\/\/blog.cancaonova.com\/saopaulo\/wp-json\/wp\/v2\/posts"}],"about":[{"href":"https:\/\/blog.cancaonova.com\/saopaulo\/wp-json\/wp\/v2\/types\/post"}],"author":[{"embeddable":true,"href":"https:\/\/blog.cancaonova.com\/saopaulo\/wp-json\/wp\/v2\/users\/43"}],"replies":[{"embeddable":true,"href":"https:\/\/blog.cancaonova.com\/saopaulo\/wp-json\/wp\/v2\/comments?post=18100"}],"version-history":[{"count":1,"href":"https:\/\/blog.cancaonova.com\/saopaulo\/wp-json\/wp\/v2\/posts\/18100\/revisions"}],"predecessor-version":[{"id":18102,"href":"https:\/\/blog.cancaonova.com\/saopaulo\/wp-json\/wp\/v2\/posts\/18100\/revisions\/18102"}],"wp:featuredmedia":[{"embeddable":true,"href":"https:\/\/blog.cancaonova.com\/saopaulo\/wp-json\/wp\/v2\/media\/18111"}],"wp:attachment":[{"href":"https:\/\/blog.cancaonova.com\/saopaulo\/wp-json\/wp\/v2\/media?parent=18100"}],"wp:term":[{"taxonomy":"category","embeddable":true,"href":"https:\/\/blog.cancaonova.com\/saopaulo\/wp-json\/wp\/v2\/categories?post=18100"},{"taxonomy":"post_tag","embeddable":true,"href":"https:\/\/blog.cancaonova.com\/saopaulo\/wp-json\/wp\/v2\/tags?post=18100"}],"curies":[{"name":"wp","href":"https:\/\/api.w.org\/{rel}","templated":true}]}}