{"id":18104,"date":"2021-06-07T12:45:53","date_gmt":"2021-06-07T15:45:53","guid":{"rendered":"http:\/\/blog.cancaonova.com\/saopaulo\/?p=18104"},"modified":"2021-06-07T12:50:26","modified_gmt":"2021-06-07T15:50:26","slug":"cancao-nova-em-sao-paulo-realiza-vigilia-vinde-mim-todos-vos","status":"publish","type":"post","link":"https:\/\/blog.cancaonova.com\/saopaulo\/cancao-nova-em-sao-paulo-realiza-vigilia-vinde-mim-todos-vos\/","title":{"rendered":"Can\u00e7\u00e3o Nova em S\u00e3o Paulo realiza Vig\u00edlia  \u201cVinde a mim todos V\u00f3s\u201d"},"content":{"rendered":"<p><i><span style=\"font-weight: 400\">Pe. Diogo Albuquerque, Dauana Sales e Danusa Rego conduzem a noite de ora\u00e7\u00e3o no<\/span><\/i><\/p>\n<p><i><span style=\"font-weight: 400\">Sistema Can\u00e7\u00e3o Nova de Comunica\u00e7\u00e3o\u00a0<\/span><\/i><\/p>\n<p>&nbsp;<\/p>\n<p><span style=\"font-weight: 400\">A Can\u00e7\u00e3o Nova em S\u00e3o Paulo realiza na madrugada do s\u00e1bado 19\/06, a Vig\u00edlia \u201cVinde a mim todos V\u00f3s\u201d. No est\u00fadio da Can\u00e7\u00e3o Nova, Padre Diogo Albuquerque,\u00a0 Dauana Sales, Danusa Rego e mission\u00e1rios da Can\u00e7\u00e3o Nova conduzir\u00e3o muito louvor, prega\u00e7\u00f5es e momentos de ora\u00e7\u00e3o. A programa\u00e7\u00e3o come\u00e7a \u00e0s 23h, com a Santa Missa.<\/span><\/p>\n<p>&nbsp;<\/p>\n<p><span style=\"font-weight: 400\">\u00c9 Jesus quem faz esse convite, Ele se dirige \u00e0queles que est\u00e3o cansados, aqueles que est\u00e3o sofrendo. O convite vinde a mim, pode significar uma mudan\u00e7a de vida, uma convers\u00e3o, um al\u00edvio para seus cansa\u00e7os. Participe e convide sua fam\u00edlia para viver esse momento de gra\u00e7a.<\/span><\/p>\n<p><b>Confira a programa\u00e7\u00e3o<\/b><\/p>\n<p><span style=\"font-weight: 400\">Programa\u00e7\u00e3o:<\/span><\/p>\n<p><span style=\"font-weight: 400\">23h\u00a0 Anima\u00e7\u00e3o<\/span><\/p>\n<p><span style=\"font-weight: 400\">23h30 Santa Missa &#8211; Pe. Diogo Albuquerque<\/span><\/p>\n<p><span style=\"font-weight: 400\">00h27 Intervalo<\/span><\/p>\n<p><span style=\"font-weight: 400\">01h00 Anima\u00e7\u00e3o\u00a0<\/span><\/p>\n<p><span style=\"font-weight: 400\">01h20 Prega\u00e7\u00e3o: Danusa Rego<\/span><\/p>\n<p><span style=\"font-weight: 400\">02h10 Adora\u00e7\u00e3o ao Sant\u00edssimo<\/span><\/p>\n<p><span style=\"font-weight: 400\">02h57 Ter\u00e7o da Miseric\u00f3rdia<\/span><\/p>\n<p><span style=\"font-weight: 400\">03h27 Encerramento com b\u00ean\u00e7\u00e3o do Sant\u00edssimo<\/span><\/p>\n<p>&nbsp;<\/p>\n<p><b>SERVI\u00c7O:<\/b><\/p>\n<p><span style=\"font-weight: 400\">Evento: Vig\u00edlia Can\u00e7\u00e3o Nova \u2013 Tema: <\/span><span style=\"font-weight: 400\">\u201cVinde a mim todos V\u00f3s\u201d<\/span><span style=\"font-weight: 400\">\u00a0\u00a0<\/span><\/p>\n<p><span style=\"font-weight: 400\">Data: 19 de Junho 2021<\/span><\/p>\n<p><span style=\"font-weight: 400\">Hor\u00e1rio: 23h, de s\u00e1bado<\/span><\/p>\n<p><span style=\"font-weight: 400\">Mais informa\u00e7\u00f5es: saopaulo.cancaonova.com<\/span><\/p>\n<p><span style=\"font-weight: 400\">Telefone: (11) 3382 9800<\/span><\/p>\n<p><span style=\"font-weight: 400\">Email: eventossp@cancaonova.com\u00a0\u00a0<\/span><\/p>\n","protected":false},"excerpt":{"rendered":"<p>Pe. Diogo Albuquerque, Dauana Sales e Danusa Rego conduzem a noite de ora\u00e7\u00e3o no Sistema Can\u00e7\u00e3o Nova de Comunica\u00e7\u00e3o\u00a0 &nbsp; A Can\u00e7\u00e3o Nova em S\u00e3o Paulo realiza na madrugada do s\u00e1bado 19\/06, a Vig\u00edlia \u201cVinde a mim todos V\u00f3s\u201d. No&#8230;<\/p>\n","protected":false},"author":43,"featured_media":18107,"comment_status":"open","ping_status":"closed","sticky":false,"template":"","format":"standard","meta":{"_mi_skip_tracking":false,"_monsterinsights_sitenote_active":false,"_monsterinsights_sitenote_note":"","_monsterinsights_sitenote_category":0,"footnotes":""},"categories":[19],"tags":[],"_links":{"self":[{"href":"https:\/\/blog.cancaonova.com\/saopaulo\/wp-json\/wp\/v2\/posts\/18104"}],"collection":[{"href":"https:\/\/blog.cancaonova.com\/saopaulo\/wp-json\/wp\/v2\/posts"}],"about":[{"href":"https:\/\/blog.cancaonova.com\/saopaulo\/wp-json\/wp\/v2\/types\/post"}],"author":[{"embeddable":true,"href":"https:\/\/blog.cancaonova.com\/saopaulo\/wp-json\/wp\/v2\/users\/43"}],"replies":[{"embeddable":true,"href":"https:\/\/blog.cancaonova.com\/saopaulo\/wp-json\/wp\/v2\/comments?post=18104"}],"version-history":[{"count":1,"href":"https:\/\/blog.cancaonova.com\/saopaulo\/wp-json\/wp\/v2\/posts\/18104\/revisions"}],"predecessor-version":[{"id":18106,"href":"https:\/\/blog.cancaonova.com\/saopaulo\/wp-json\/wp\/v2\/posts\/18104\/revisions\/18106"}],"wp:featuredmedia":[{"embeddable":true,"href":"https:\/\/blog.cancaonova.com\/saopaulo\/wp-json\/wp\/v2\/media\/18107"}],"wp:attachment":[{"href":"https:\/\/blog.cancaonova.com\/saopaulo\/wp-json\/wp\/v2\/media?parent=18104"}],"wp:term":[{"taxonomy":"category","embeddable":true,"href":"https:\/\/blog.cancaonova.com\/saopaulo\/wp-json\/wp\/v2\/categories?post=18104"},{"taxonomy":"post_tag","embeddable":true,"href":"https:\/\/blog.cancaonova.com\/saopaulo\/wp-json\/wp\/v2\/tags?post=18104"}],"curies":[{"name":"wp","href":"https:\/\/api.w.org\/{rel}","templated":true}]}}