{"id":18116,"date":"2021-07-05T12:03:37","date_gmt":"2021-07-05T15:03:37","guid":{"rendered":"http:\/\/blog.cancaonova.com\/saopaulo\/?p=18116"},"modified":"2021-07-05T12:03:37","modified_gmt":"2021-07-05T15:03:37","slug":"clamor-sangue-de-jesus-sera-tema-de-nova-campanha-de-oracao-na-cancao-nova-de-sao-paulo","status":"publish","type":"post","link":"https:\/\/blog.cancaonova.com\/saopaulo\/clamor-sangue-de-jesus-sera-tema-de-nova-campanha-de-oracao-na-cancao-nova-de-sao-paulo\/","title":{"rendered":"Clamor do Sangue de Jesus ser\u00e1 tema de nova Campanha de Ora\u00e7\u00e3o na Can\u00e7\u00e3o Nova de S\u00e3o Paulo"},"content":{"rendered":"<p><i><span style=\"font-weight: 400\">Todas as segundas-feiras na Catedral do L\u00edbano, vamos rezar para que o Senhor sele cada pessoa, fato ou acontecimento por meio dos quais o inimigo nos queira prejudicar<\/span><\/i><\/p>\n<p><span style=\"font-weight: 400\">A Comunidade Can\u00e7\u00e3o Nova de S\u00e3o Paulo realiza toda segunda-feira de julho a missa em honra ao precios\u00edssimo Sangue de Jesus que nos cura e nos liberta. Durante essas semanas iremos rezar a ora\u00e7\u00e3o do Precios\u00edssimo Sangue e teremos a cada noite um clamor de ora\u00e7\u00e3o para que o Senhor Jesus Cristo sele cada pessoa, fato ou acontecimento por meio dos quais o inimigo nos queira prejudicar.<\/span><\/p>\n<p><span style=\"font-weight: 400\">Esse Sangue Redentor est\u00e1 \u00e0 nossa disposi\u00e7\u00e3o no sacrif\u00edcio da Santa Missa e tamb\u00e9m no sacramento da confiss\u00e3o. Pelo minist\u00e9rio da Igreja e dos sacerdotes, o Cristo nos perdoa dos pecados e lava a nossa alma com o Seu precioso Sangue.<\/span><\/p>\n<p><b>Tradi\u00e7\u00e3o da Igreja<\/b><\/p>\n<p><span style=\"font-weight: 400\">Julho \u00e9 m\u00eas dedicado \u00e0 devo\u00e7\u00e3o ao Precios\u00edssimo Sangue de Cristo, derramado pelo perd\u00e3o dos nossos pecados. O Sangue de Cristo representa a Sua vida humana e divina, de valor infinito, oferecida \u00e0 Justi\u00e7a Divina para o perd\u00e3o dos pecados de todos os homens de todos os tempos e lugares. \u201cIsto \u00e9 meu sangue, o sangue da Nova Alian\u00e7a, derramado por muitos homens em remiss\u00e3o dos pecados\u201d (Mt 26, 28).<\/span><\/p>\n<p>&nbsp;<\/p>\n<p><b>ORA\u00c7\u00c3O<\/b><\/p>\n<p><i><span style=\"font-weight: 400\">Com o poder do Sangue de Jesus, selamos toda pot\u00eancia destruidora no ar, na terra, na \u00e1gua, no fogo, abaixo da terra, nos abismos do inferno e no mundo do qual hoje nos moveremos.<\/span><\/i><\/p>\n<p><i><span style=\"font-weight: 400\">Com o poder do Sangue de Jesus, rompemos toda interfer\u00eancia e a\u00e7\u00e3o do maligno. N\u00f3s Vos pedimos, Senhor, que envieis ao nosso lar e local de trabalho a Sant\u00edssima Virgem Maria acompanhada de S\u00e3o Miguel, S\u00e3o Gabriel, S\u00e3o Rafael e toda sua corte de santos anjos.<\/span><\/i><\/p>\n<p><i><span style=\"font-weight: 400\">Com o poder do Sangue de Jesus, lacramos nossa casa, todos os que nela habitam (nomear cada um), as pessoas que o Senhor a ela enviar\u00e1, assim como todos os alimentos e os bens que generosamente nos concede para nosso sustento.<\/span><\/i><\/p>\n<p><i><span style=\"font-weight: 400\">Com o poder do Sangue de Jesus, lacramos terras, portas, janelas, objetos, paredes e pisos, o ar que respiramos, e na f\u00e9 colocamos um c\u00edrculo de Seu Sangue ao redor de toda nossa fam\u00edlia.<\/span><\/i><\/p>\n<p><i><span style=\"font-weight: 400\">Com o poder do Sangue de Jesus, lacramos os lugares onde vamos estar, neste dia, e as pessoas, empresas e institui\u00e7\u00f5es com quem vamos tratar.<\/span><\/i><\/p>\n<p><i><span style=\"font-weight: 400\">Com o poder do Sangue de Jesus, lacramos nosso trabalho material e espiritual, os neg\u00f3cios de nossa fam\u00edlia, os ve\u00edculos, estradas, ares, ruas e qualquer meio de transporte que haveremos de utilizar.<\/span><\/i><\/p>\n<p><i><span style=\"font-weight: 400\">Com Vosso Precios\u00edssimo Sangue, lacramos atos, mentes e cora\u00e7\u00f5es de nossa P\u00e1tria, a fim de que Vossa paz e Vosso Cora\u00e7\u00e3o nela reinem.<\/span><\/i><\/p>\n<p><i><span style=\"font-weight: 400\">N\u00f3s Vos agradecemos, Senhor, pelo Vosso Precios\u00edssimo Sangue, pelo qual n\u00f3s fomos salvos e preservados de todo mal. Am\u00e9m.&#8221;<\/span><\/i><\/p>\n<p><b>TEMAS DAS SEMANAS<\/b><\/p>\n<p><span style=\"font-weight: 400\">\u201cO Sangue de Cristo me lava e liberta\u201d<\/span><\/p>\n<p><b>Segunda: 05\/07<\/b><span style=\"font-weight: 400\"> \u201cTenhamos, irm\u00e3os, uma confian\u00e7a jubilosa de entrar no santu\u00e1rio do C\u00e9u por virtude do Sangue de Jesus \u201d (Hb 10,19)\u00a0\u00a0\u00a0\u00a0\u00a0\u00a0\u00a0\u00a0\u00a0<\/span><\/p>\n<p><b>Segunda: 12\/07 <\/b><span style=\"font-weight: 400\">\u201cEles venceram ao drag\u00e3o pela for\u00e7a do Sangue do Cordeiro\u201d (Ap 12, 11)\u00a0\u00a0\u00a0\u00a0\u00a0\u00a0\u00a0\u00a0\u00a0\u00a0\u00a0\u00a0\u00a0\u00a0\u00a0\u00a0\u00a0\u00a0\u00a0\u00a0\u00a0\u00a0\u00a0\u00a0\u00a0\u00a0\u00a0<\/span><\/p>\n<p><b>Segunda: 19\/07<\/b><span style=\"font-weight: 400\"> &#8220;Um dos soldados abriu-lhe o lado com uma lan\u00e7a e, imediatamente, saiu sangue e \u00e1gua&#8221; (Jo 19, 34)<\/span><\/p>\n<p><b>Segunda: 26\/07<\/b><span style=\"font-weight: 400\"> \u201cFelizes os que tiveram suas vestimentas lavadas no Sangue do Cordeiro!\u201d (Ap 22,14)<\/span><\/p>\n<p><b>SERVI\u00c7O<\/b><\/p>\n<p><span style=\"font-weight: 400\">Evento: Missa em honra Precios\u00edssimo Sangue de Jesus<\/span><\/p>\n<p><span style=\"font-weight: 400\">Data: Todas as segundas de julho<\/span><\/p>\n<p><span style=\"font-weight: 400\">Local: Catedral Nossa Senhora do L\u00edbano<\/span><\/p>\n<p><span style=\"font-weight: 400\">Endere\u00e7o: <\/span><span style=\"font-weight: 400\">Rua Tamandar\u00e9, 355 &#8211; Liberdade <\/span><span style=\"font-weight: 400\">,<\/span><span style=\"font-weight: 400\">\u00a0 S\u00e3o Paulo (SP)<\/span><\/p>\n<p><span style=\"font-weight: 400\">Hor\u00e1rio: 19h30<\/span><\/p>\n<p><span style=\"font-weight: 400\">Mais informa\u00e7\u00f5es:<\/span><\/p>\n<p><span style=\"font-weight: 400\">https:\/\/saopaulo.cancaonova.com<\/span><\/p>\n<p><span style=\"font-weight: 400\">Telefone: (11) 97782 4171<\/span><\/p>\n<p><span style=\"font-weight: 400\">Email: eventossp@cancaonova.com\u00a0<\/span><\/p>\n","protected":false},"excerpt":{"rendered":"<p>Todas as segundas-feiras na Catedral do L\u00edbano, vamos rezar para que o Senhor sele cada pessoa, fato ou acontecimento por meio dos quais o inimigo nos queira prejudicar A Comunidade Can\u00e7\u00e3o Nova de S\u00e3o Paulo realiza toda segunda-feira de julho&#8230;<\/p>\n","protected":false},"author":43,"featured_media":18117,"comment_status":"open","ping_status":"closed","sticky":false,"template":"","format":"standard","meta":{"_mi_skip_tracking":false,"_monsterinsights_sitenote_active":false,"_monsterinsights_sitenote_note":"","_monsterinsights_sitenote_category":0,"footnotes":""},"categories":[19],"tags":[],"_links":{"self":[{"href":"https:\/\/blog.cancaonova.com\/saopaulo\/wp-json\/wp\/v2\/posts\/18116"}],"collection":[{"href":"https:\/\/blog.cancaonova.com\/saopaulo\/wp-json\/wp\/v2\/posts"}],"about":[{"href":"https:\/\/blog.cancaonova.com\/saopaulo\/wp-json\/wp\/v2\/types\/post"}],"author":[{"embeddable":true,"href":"https:\/\/blog.cancaonova.com\/saopaulo\/wp-json\/wp\/v2\/users\/43"}],"replies":[{"embeddable":true,"href":"https:\/\/blog.cancaonova.com\/saopaulo\/wp-json\/wp\/v2\/comments?post=18116"}],"version-history":[{"count":1,"href":"https:\/\/blog.cancaonova.com\/saopaulo\/wp-json\/wp\/v2\/posts\/18116\/revisions"}],"predecessor-version":[{"id":18118,"href":"https:\/\/blog.cancaonova.com\/saopaulo\/wp-json\/wp\/v2\/posts\/18116\/revisions\/18118"}],"wp:featuredmedia":[{"embeddable":true,"href":"https:\/\/blog.cancaonova.com\/saopaulo\/wp-json\/wp\/v2\/media\/18117"}],"wp:attachment":[{"href":"https:\/\/blog.cancaonova.com\/saopaulo\/wp-json\/wp\/v2\/media?parent=18116"}],"wp:term":[{"taxonomy":"category","embeddable":true,"href":"https:\/\/blog.cancaonova.com\/saopaulo\/wp-json\/wp\/v2\/categories?post=18116"},{"taxonomy":"post_tag","embeddable":true,"href":"https:\/\/blog.cancaonova.com\/saopaulo\/wp-json\/wp\/v2\/tags?post=18116"}],"curies":[{"name":"wp","href":"https:\/\/api.w.org\/{rel}","templated":true}]}}