{"id":18132,"date":"2021-08-02T09:11:20","date_gmt":"2021-08-02T12:11:20","guid":{"rendered":"http:\/\/blog.cancaonova.com\/saopaulo\/?p=18132"},"modified":"2021-08-03T11:59:40","modified_gmt":"2021-08-03T14:59:40","slug":"em-ano-da-familia-cancao-nova-realiza-cerco-de-jerico-familias-erguei-vos-em-ordem-de-batalha","status":"publish","type":"post","link":"https:\/\/blog.cancaonova.com\/saopaulo\/em-ano-da-familia-cancao-nova-realiza-cerco-de-jerico-familias-erguei-vos-em-ordem-de-batalha\/","title":{"rendered":"Em ano da fam\u00edlia, Can\u00e7\u00e3o Nova realiza Cerco de Jeric\u00f3  \"Fam\u00edlias, Erguei-vos em Ordem de Batalha\u201d"},"content":{"rendered":"<p><i><span style=\"font-weight: 400\">Proposta \u00e9 ajudar no fortalecimento espiritual das fam\u00edlias em resposta ao apelo do\u00a0<\/span><\/i><i><span style=\"font-weight: 400\">Papa Francisco para 2021 como Ano \u201cFam\u00edlia Amoris Laetitia\u201d<\/span><\/i><\/p>\n<p><span style=\"font-weight: 400\">Em sintonia com a proposta da Igreja, a Can\u00e7\u00e3o Nova realiza em S\u00e3o Paulo sete semanas de ora\u00e7\u00e3o voltadas para as realidades familiares com presen\u00e7a dos padres Adriano Zandon\u00e1, Diogo Albuquerque, F\u00e1bio Lima, Halan Melo, Jo\u00e3o Gualberto.<\/span><\/p>\n<p><span style=\"font-weight: 400\">Todas as segundas-feiras, na Catedral Nossa Senhora do L\u00edbano. Com o tema, \u201cFam\u00edlias, Erguei-vos em Ordem de Batalha\u201d, o Cerco de Jeric\u00f3 acontece de 2 de agosto a 13 de setembro. A programa\u00e7\u00e3o come\u00e7a \u00e0s 18h\u00a0 com o Ter\u00e7o Mariano. Em seguida, a Santa Missa, \u00e0s 19h30, com transmiss\u00e3o da TV Can\u00e7\u00e3o Nova. Em seguida, a Adora\u00e7\u00e3o ao Sant\u00edssimo, \u00e0s 21h.<\/span><\/p>\n<p><span style=\"font-weight: 400\">A experi\u00eancia da pandemia destacou o papel central da fam\u00edlia como Igreja dom\u00e9stica e tamb\u00e9m a import\u00e2ncia dos la\u00e7os entre as fam\u00edlias, que fazem da Igreja uma &#8220;fam\u00edlia de fam\u00edlias&#8221; (AL 87). Por meio das iniciativas espirituais, pastorais e culturais planejadas no Ano \u201cFam\u00edlia <\/span><i><span style=\"font-weight: 400\">Amoris Laetitia<\/span><\/i><span style=\"font-weight: 400\">\u201d o Papa Francisco pretende dirigir-se a todas as comunidades eclesiais do mundo, exortando cada pessoa a ser uma testemunha do amor familiar.<\/span><\/p>\n<p>&nbsp;<\/p>\n<p><b>SERVI\u00c7O<\/b><\/p>\n<p><span style=\"font-weight: 400\">Evento: Cerco de Jeric\u00f3 pelas Fam\u00edlias<\/span><\/p>\n<p><span style=\"font-weight: 400\">Data: 02 de Agosto \u00e0 13 de Setembro<\/span><\/p>\n<p><span style=\"font-weight: 400\">Local: Catedral Nossa Senhora do L\u00edbano<\/span><\/p>\n<p><span style=\"font-weight: 400\">Endere\u00e7o: <\/span><span style=\"font-weight: 400\">Rua Tamandar\u00e9, 355 &#8211; Liberdade <\/span><span style=\"font-weight: 400\">,<\/span><span style=\"font-weight: 400\">\u00a0 S\u00e3o Paulo (SP)<\/span><\/p>\n<p><span style=\"font-weight: 400\">Hor\u00e1rio: 19h30<\/span><\/p>\n<p><span style=\"font-weight: 400\">Mais informa\u00e7\u00f5es:<\/span><\/p>\n<p><span style=\"font-weight: 400\">https:\/\/saopaulo.cancaonova.com<\/span><\/p>\n<p><span style=\"font-weight: 400\">Telefone: (11) 97782 4171<\/span><\/p>\n<p><span style=\"font-weight: 400\">Email: eventossp@cancaonova.com <\/span><\/p>\n","protected":false},"excerpt":{"rendered":"<p>Proposta \u00e9 ajudar no fortalecimento espiritual das fam\u00edlias em resposta ao apelo do\u00a0Papa Francisco para 2021 como Ano \u201cFam\u00edlia Amoris Laetitia\u201d Em sintonia com a proposta da Igreja, a Can\u00e7\u00e3o Nova realiza em S\u00e3o Paulo sete semanas de ora\u00e7\u00e3o voltadas&#8230;<\/p>\n","protected":false},"author":43,"featured_media":18136,"comment_status":"open","ping_status":"closed","sticky":false,"template":"","format":"standard","meta":{"_mi_skip_tracking":false,"_monsterinsights_sitenote_active":false,"_monsterinsights_sitenote_note":"","_monsterinsights_sitenote_category":0,"footnotes":""},"categories":[19],"tags":[],"_links":{"self":[{"href":"https:\/\/blog.cancaonova.com\/saopaulo\/wp-json\/wp\/v2\/posts\/18132"}],"collection":[{"href":"https:\/\/blog.cancaonova.com\/saopaulo\/wp-json\/wp\/v2\/posts"}],"about":[{"href":"https:\/\/blog.cancaonova.com\/saopaulo\/wp-json\/wp\/v2\/types\/post"}],"author":[{"embeddable":true,"href":"https:\/\/blog.cancaonova.com\/saopaulo\/wp-json\/wp\/v2\/users\/43"}],"replies":[{"embeddable":true,"href":"https:\/\/blog.cancaonova.com\/saopaulo\/wp-json\/wp\/v2\/comments?post=18132"}],"version-history":[{"count":1,"href":"https:\/\/blog.cancaonova.com\/saopaulo\/wp-json\/wp\/v2\/posts\/18132\/revisions"}],"predecessor-version":[{"id":18134,"href":"https:\/\/blog.cancaonova.com\/saopaulo\/wp-json\/wp\/v2\/posts\/18132\/revisions\/18134"}],"wp:featuredmedia":[{"embeddable":true,"href":"https:\/\/blog.cancaonova.com\/saopaulo\/wp-json\/wp\/v2\/media\/18136"}],"wp:attachment":[{"href":"https:\/\/blog.cancaonova.com\/saopaulo\/wp-json\/wp\/v2\/media?parent=18132"}],"wp:term":[{"taxonomy":"category","embeddable":true,"href":"https:\/\/blog.cancaonova.com\/saopaulo\/wp-json\/wp\/v2\/categories?post=18132"},{"taxonomy":"post_tag","embeddable":true,"href":"https:\/\/blog.cancaonova.com\/saopaulo\/wp-json\/wp\/v2\/tags?post=18132"}],"curies":[{"name":"wp","href":"https:\/\/api.w.org\/{rel}","templated":true}]}}