{"id":18183,"date":"2021-10-04T16:14:53","date_gmt":"2021-10-04T19:14:53","guid":{"rendered":"http:\/\/blog.cancaonova.com\/saopaulo\/?p=18183"},"modified":"2021-10-04T16:14:53","modified_gmt":"2021-10-04T19:14:53","slug":"18183","status":"publish","type":"post","link":"https:\/\/blog.cancaonova.com\/saopaulo\/18183\/","title":{"rendered":"Canc\u00e3o Nova em S\u00e3o Paulo tem programa\u00e7\u00e3o especial em Outubro"},"content":{"rendered":"<p>&nbsp;<\/p>\n<div id=\"attachment_18185\" style=\"width: 519px\" class=\"wp-caption aligncenter\"><img loading=\"lazy\" decoding=\"async\" aria-describedby=\"caption-attachment-18185\" class=\"wp-image-18185\" title=\"Can\u00e7\u00e3o Nova\/S\u00e3o Paulo \" src=\"http:\/\/blog.cancaonova.com\/saopaulo\/files\/2021\/10\/Card-M\u00eas-de-Mariano-.jpg\" alt=\"Vamos caminhar neste m\u00eas  de forma de crescermos no amor e desejar sermos inteiros de Maria, com nossa  entrega total \u00e0 a\u00e7\u00e3o do  Esp\u00edrito Santo: Ele  que ir\u00e1  conduzir o nosso apostolado.   Maria, Estrela da Evangeliza\u00e7\u00e3o, ensina-nos  a viver o apostolado como seu Filho Jesus! \" width=\"509\" height=\"509\" srcset=\"https:\/\/blog.cancaonova.com\/saopaulo\/files\/2021\/10\/Card-M\u00eas-de-Mariano-.jpg 1080w, https:\/\/blog.cancaonova.com\/saopaulo\/files\/2021\/10\/Card-M\u00eas-de-Mariano--150x150.jpg 150w, https:\/\/blog.cancaonova.com\/saopaulo\/files\/2021\/10\/Card-M\u00eas-de-Mariano--300x300.jpg 300w, https:\/\/blog.cancaonova.com\/saopaulo\/files\/2021\/10\/Card-M\u00eas-de-Mariano--768x768.jpg 768w\" sizes=\"(max-width: 509px) 100vw, 509px\" \/><p id=\"caption-attachment-18185\" class=\"wp-caption-text\">\u00a0 \u00a0 \u00a0 \u00a0 \u00a0 \u00a0 \u00a0 \u00a0 \u00a0 \u00a0 \u00a0 \u00a0 \u00a0 \u00a0 \u00a0 \u00a0 \u00a0 \u00a0 \u00a0 \u00a0 \u00a0 \u00a0 \u00a0 Can\u00e7\u00e3o Nova S\u00e3o Paulo\u00a0\u00a0<\/p><\/div>\n<p>&nbsp;<\/p>\n<p><i><span style=\"font-weight: 400\">Padre Adriano Zandon\u00e1 tem presen\u00e7a confirmada\u00a0 na Can\u00e7\u00e3o Nova em S\u00e3o Paulo\u00a0 neste m\u00eas dedicado \u00e0s miss\u00f5es.<br \/>\n<\/span><\/i><i><span style=\"font-weight: 400\"><br \/>\n<\/span><\/i><i><span style=\"font-weight: 400\">O m\u00eas de outubro \u00e9 destacado como um m\u00eas Mariano por causa das\u00a0 apari\u00e7\u00f5es e\u00a0 principalmente no Brasil onde temos a M\u00e3e de Deus como padroeira. Al\u00e9m de encontramos na\u00a0 liturgia\u00a0 grandes santos que em sua hist\u00f3ria narram suas experi\u00eancias com\u00a0 Nossa Senhora. Eles tiveram Ela como um modelo de evangelizadora e viveram sua entrega motivados pelo seu testemunho de amor, obedi\u00eancia e confian\u00e7a no Pai. Entre esses santos podemos destacar, Santa Teresinha e S\u00e3o Jo\u00e3o Paulo II que na sua trajet\u00f3ria fez de sua vida uma grande entrega vivendo o\u00a0 &#8220;Totus Tuus&#8221;-\u00a0 Todo de Maria.<br \/>\n<\/span><\/i><i><span style=\"font-weight: 400\">Vamos caminhar neste m\u00eas\u00a0 de forma de crescermos no amor e desejar sermos inteiros de Maria, com nossa\u00a0 entrega total \u00e0 a\u00e7\u00e3o do\u00a0 Esp\u00edrito Santo: Ele\u00a0 que ir\u00e1\u00a0 conduzir o nosso apostolado.\u00a0<\/span><\/i><\/p>\n<p><i><span style=\"font-weight: 400\">Maria, Estrela da Evangeliza\u00e7\u00e3o, ensina-nos\u00a0 a viver o apostolado como seu Filho Jesus!<\/span><\/i><\/p>\n<p><i><span style=\"font-weight: 400\">04\/10 I \u2018\u2019Temos confian\u00e7a em ti, \u00f3 M\u00e3e.\u2019\u2019 Pe F\u00e1bio Lima<\/span><\/i><\/p>\n<p><i><span style=\"font-weight: 400\">11\/10 I \u2018\u2019Frutos de uma entrega total.\u2019\u2019 Pe Adriano Zandon\u00e1\u00a0<\/span><\/i><\/p>\n<p><i><span style=\"font-weight: 400\">18\/10 I\u00a0 \u2018\u2019Inteiros na vontade de Deus.\u2019\u2019 Pe Diogo Albuquerque\u00a0<\/span><\/i><\/p>\n<p><i><span style=\"font-weight: 400\">25\/10 I \u2018\u2019O &#8216;sim&#8217; que nos trouxe a liberta\u00e7\u00e3o.\u2019\u2019\u00a0 Pe Edmilson Leite\u00a0\u00a0\u00a0\u00a0<\/span><\/i><\/p>\n<p>&nbsp;<\/p>\n<p><i><span style=\"font-weight: 400\">SERVI\u00c7O<\/span><\/i><\/p>\n<p><i><span style=\"font-weight: 400\">Evento: Maria,\u00a0<\/span><\/i><\/p>\n<p><i><span style=\"font-weight: 400\">Data: Todas as segundas de julho<\/span><\/i><\/p>\n<p><i><span style=\"font-weight: 400\">Local: Catedral Nossa Senhora do L\u00edbano<\/span><\/i><\/p>\n<p><i><span style=\"font-weight: 400\">Endere\u00e7o: Rua Tamandar\u00e9, 355 \u2013 Liberdade ,\u00a0 S\u00e3o Paulo (SP)<\/span><\/i><\/p>\n<p><i><span style=\"font-weight: 400\">Hor\u00e1rio 18h &#8211; Ter\u00e7o Mariano \/\u00a0 19h30 &#8211;\u00a0 Santa Missa e Adora\u00e7\u00e3o ao Sant\u00edssimo\u00a0<\/span><\/i><\/p>\n<p><i><span style=\"font-weight: 400\">Mais informa\u00e7\u00f5es:\u00a0<\/span><\/i><\/p>\n<p><i><span style=\"font-weight: 400\">https:\/\/saopaulo.cancaonova.com<\/span><\/i><\/p>\n<p><i><span style=\"font-weight: 400\">Telefone: (11) 97782 4171<\/span><\/i><\/p>\n<p><i><span style=\"font-weight: 400\">Email: eventossp@cancaonova.com <\/span><\/i><\/p>\n<p>&nbsp;<\/p>\n","protected":false},"excerpt":{"rendered":"<p>&nbsp; &nbsp; Padre Adriano Zandon\u00e1 tem presen\u00e7a confirmada\u00a0 na Can\u00e7\u00e3o Nova em S\u00e3o Paulo\u00a0 neste m\u00eas dedicado \u00e0s miss\u00f5es. O m\u00eas de outubro \u00e9 destacado como um m\u00eas Mariano por causa das\u00a0 apari\u00e7\u00f5es e\u00a0 principalmente no Brasil onde temos a&#8230;<\/p>\n","protected":false},"author":43,"featured_media":18187,"comment_status":"open","ping_status":"closed","sticky":false,"template":"","format":"standard","meta":{"_mi_skip_tracking":false,"_monsterinsights_sitenote_active":false,"_monsterinsights_sitenote_note":"","_monsterinsights_sitenote_category":0,"footnotes":""},"categories":[19],"tags":[19641,2251,35032,451,196691,34141],"_links":{"self":[{"href":"https:\/\/blog.cancaonova.com\/saopaulo\/wp-json\/wp\/v2\/posts\/18183"}],"collection":[{"href":"https:\/\/blog.cancaonova.com\/saopaulo\/wp-json\/wp\/v2\/posts"}],"about":[{"href":"https:\/\/blog.cancaonova.com\/saopaulo\/wp-json\/wp\/v2\/types\/post"}],"author":[{"embeddable":true,"href":"https:\/\/blog.cancaonova.com\/saopaulo\/wp-json\/wp\/v2\/users\/43"}],"replies":[{"embeddable":true,"href":"https:\/\/blog.cancaonova.com\/saopaulo\/wp-json\/wp\/v2\/comments?post=18183"}],"version-history":[{"count":1,"href":"https:\/\/blog.cancaonova.com\/saopaulo\/wp-json\/wp\/v2\/posts\/18183\/revisions"}],"predecessor-version":[{"id":18188,"href":"https:\/\/blog.cancaonova.com\/saopaulo\/wp-json\/wp\/v2\/posts\/18183\/revisions\/18188"}],"wp:featuredmedia":[{"embeddable":true,"href":"https:\/\/blog.cancaonova.com\/saopaulo\/wp-json\/wp\/v2\/media\/18187"}],"wp:attachment":[{"href":"https:\/\/blog.cancaonova.com\/saopaulo\/wp-json\/wp\/v2\/media?parent=18183"}],"wp:term":[{"taxonomy":"category","embeddable":true,"href":"https:\/\/blog.cancaonova.com\/saopaulo\/wp-json\/wp\/v2\/categories?post=18183"},{"taxonomy":"post_tag","embeddable":true,"href":"https:\/\/blog.cancaonova.com\/saopaulo\/wp-json\/wp\/v2\/tags?post=18183"}],"curies":[{"name":"wp","href":"https:\/\/api.w.org\/{rel}","templated":true}]}}