{"id":18197,"date":"2021-10-06T12:25:23","date_gmt":"2021-10-06T15:25:23","guid":{"rendered":"http:\/\/blog.cancaonova.com\/saopaulo\/?p=18197"},"modified":"2021-10-06T12:28:57","modified_gmt":"2021-10-06T15:28:57","slug":"cancao-nova-em-sao-paulo-e-espiritualidade-de-sao-miguel-arcanjo","status":"publish","type":"post","link":"https:\/\/blog.cancaonova.com\/saopaulo\/cancao-nova-em-sao-paulo-e-espiritualidade-de-sao-miguel-arcanjo\/","title":{"rendered":"Can\u00e7\u00e3o Nova em S\u00e3o Paulo e a espiritualidade de S\u00e3o Miguel Arcanjo"},"content":{"rendered":"<p><span style=\"font-weight: 400\">Todas as quartas-feiras nossa espiritualidade acontece\u00a0 pela intercess\u00e3o de S\u00e3o Miguel Arcanjo.<br \/>\n<\/span><span style=\"font-weight: 400\">Voc\u00ea ainda vive algum combate?<br \/>\n<\/span><span style=\"font-weight: 400\">Precisa da interven\u00e7\u00e3o Divina para te ajudar?<br \/>\n<\/span><span style=\"font-weight: 400\">Acredite, tem um Anjo no c\u00e9u combatendo por voc\u00ea!<br \/>\nEstamos vivendo muitas inseguran\u00e7as em nossas vidas, mas com a vida de ora\u00e7\u00e3o ficamos mais fortalecidos confiantes\u00a0 na intercess\u00e3o e a interven\u00e7\u00e3o Divina.\u00a0 Creia!\u00a0<\/span><\/p>\n<p><img loading=\"lazy\" decoding=\"async\" class=\"aligncenter wp-image-18198\" src=\"http:\/\/blog.cancaonova.com\/saopaulo\/files\/2021\/10\/Card-quarta-feira-.jpg\" alt=\"\" width=\"329\" height=\"329\" srcset=\"https:\/\/blog.cancaonova.com\/saopaulo\/files\/2021\/10\/Card-quarta-feira-.jpg 1080w, https:\/\/blog.cancaonova.com\/saopaulo\/files\/2021\/10\/Card-quarta-feira--150x150.jpg 150w, https:\/\/blog.cancaonova.com\/saopaulo\/files\/2021\/10\/Card-quarta-feira--300x300.jpg 300w, https:\/\/blog.cancaonova.com\/saopaulo\/files\/2021\/10\/Card-quarta-feira--768x768.jpg 768w\" sizes=\"(max-width: 329px) 100vw, 329px\" \/><\/p>\n<p><span style=\"font-weight: 400\">\u201cHouve uma batalha no c\u00e9u. Miguel e seus anjos tiveram de combater o Drag\u00e3o. O Drag\u00e3o e seus anjos travaram combate, mas n\u00e3o prevaleceram. E j\u00e1 n\u00e3o havia lugar no c\u00e9u para eles. Foi ent\u00e3o precipitado o grande Drag\u00e3o, a primitiva Serpente, chamado Dem\u00f4nio e Satan\u00e1s, o sedutor do mundo inteiro. Foi precipitado na terra, e com eles os seus anjos\u201d (Ap 12, 7-9).<\/span><\/p>\n<p><span style=\"font-weight: 400\">Neste m\u00eas de outubro, o padre Diogo Albuquerque, padre Anderson Guerra e padre Jo\u00e3o Gualberto t\u00eam presen\u00e7a confirmada para rezar com todos os fi\u00e9is e lev\u00e1-los\u00a0 a confiar em Deus,\u00a0 pedir a prote\u00e7\u00e3o e defesa de todo mal, pela intercess\u00e3o de S\u00e3o Miguel Arcanjo.\u00a0<\/span><\/p>\n<p><span style=\"font-weight: 400\">\u27a1\ufe0f\ud83d\ude07Programa\u00e7\u00e3o da Quarta-feira\u00a0<\/span><span style=\"font-weight: 400\"><br \/>\n<\/span><span style=\"font-weight: 400\">18h \u2013 Ter\u00e7o e Of\u00edcio<\/span><span style=\"font-weight: 400\"><br \/>\n<\/span><span style=\"font-weight: 400\">19h30 \u2013 Santa Missa e Adora\u00e7\u00e3o\u00a0<\/span><\/p>\n<p><span style=\"font-weight: 400\">Presen\u00e7as confirmadas\u00a0<\/span><\/p>\n<p><span style=\"font-weight: 400\">06\/10 &#8211; Padre Diogo Albuquerque <\/span><span style=\"font-weight: 400\"><br \/>\n<\/span><span style=\"font-weight: 400\">13\/10 &#8211; Padre Anderson Guerra<\/span><span style=\"font-weight: 400\"><br \/>\n<\/span><span style=\"font-weight: 400\">27\/10 &#8211; Padre Jo\u00e3o Gualberto\u00a0<\/span><\/p>\n<p><strong>Visite a Casa de Miss\u00e3o e conhe\u00e7a nossa:<\/strong><br \/>\nLoja Can\u00e7\u00e3o Nova promocional<br \/>\nClube da Evangeliza\u00e7\u00e3o<br \/>\nBazar da Provid\u00eancia<br \/>\nLanchonete<\/p>\n<p>Nossa programa\u00e7\u00e3o semanal acontece nas segundas, quartas e sextas-feiras.<\/p>\n<p><span style=\"font-weight: 400\">Catedral Nossa Senhora do L\u00edbano<br \/>\n<\/span><span style=\"font-weight: 400\">Rua: Tamandar\u00e9, 355 \u2013 Bairro Liberdade<br \/>\n<\/span><span style=\"font-weight: 400\">(pr\u00f3ximo ao metr\u00f4 S\u00e3o Joaquim)<\/span><\/p>\n<p><span style=\"font-weight: 400\">Se os combates forem todos os dias, S\u00e3o Miguel vai nos defender!\u00a0<\/span><\/p>\n","protected":false},"excerpt":{"rendered":"<p>Todas as quartas-feiras nossa espiritualidade acontece\u00a0 pela intercess\u00e3o de S\u00e3o Miguel Arcanjo. Voc\u00ea ainda vive algum combate? Precisa da interven\u00e7\u00e3o Divina para te ajudar? Acredite, tem um Anjo no c\u00e9u combatendo por voc\u00ea! Estamos vivendo muitas inseguran\u00e7as em nossas vidas,&#8230;<\/p>\n","protected":false},"author":43,"featured_media":18202,"comment_status":"open","ping_status":"closed","sticky":false,"template":"","format":"standard","meta":{"_mi_skip_tracking":false,"_monsterinsights_sitenote_active":false,"_monsterinsights_sitenote_note":"","_monsterinsights_sitenote_category":0,"footnotes":""},"categories":[19],"tags":[19195,15401,24009,24323,18385],"_links":{"self":[{"href":"https:\/\/blog.cancaonova.com\/saopaulo\/wp-json\/wp\/v2\/posts\/18197"}],"collection":[{"href":"https:\/\/blog.cancaonova.com\/saopaulo\/wp-json\/wp\/v2\/posts"}],"about":[{"href":"https:\/\/blog.cancaonova.com\/saopaulo\/wp-json\/wp\/v2\/types\/post"}],"author":[{"embeddable":true,"href":"https:\/\/blog.cancaonova.com\/saopaulo\/wp-json\/wp\/v2\/users\/43"}],"replies":[{"embeddable":true,"href":"https:\/\/blog.cancaonova.com\/saopaulo\/wp-json\/wp\/v2\/comments?post=18197"}],"version-history":[{"count":1,"href":"https:\/\/blog.cancaonova.com\/saopaulo\/wp-json\/wp\/v2\/posts\/18197\/revisions"}],"predecessor-version":[{"id":18201,"href":"https:\/\/blog.cancaonova.com\/saopaulo\/wp-json\/wp\/v2\/posts\/18197\/revisions\/18201"}],"wp:featuredmedia":[{"embeddable":true,"href":"https:\/\/blog.cancaonova.com\/saopaulo\/wp-json\/wp\/v2\/media\/18202"}],"wp:attachment":[{"href":"https:\/\/blog.cancaonova.com\/saopaulo\/wp-json\/wp\/v2\/media?parent=18197"}],"wp:term":[{"taxonomy":"category","embeddable":true,"href":"https:\/\/blog.cancaonova.com\/saopaulo\/wp-json\/wp\/v2\/categories?post=18197"},{"taxonomy":"post_tag","embeddable":true,"href":"https:\/\/blog.cancaonova.com\/saopaulo\/wp-json\/wp\/v2\/tags?post=18197"}],"curies":[{"name":"wp","href":"https:\/\/api.w.org\/{rel}","templated":true}]}}