{"id":18207,"date":"2021-10-13T17:44:35","date_gmt":"2021-10-13T20:44:35","guid":{"rendered":"http:\/\/blog.cancaonova.com\/saopaulo\/?p=18207"},"modified":"2021-10-13T17:44:35","modified_gmt":"2021-10-13T20:44:35","slug":"18207","status":"publish","type":"post","link":"https:\/\/blog.cancaonova.com\/saopaulo\/18207\/","title":{"rendered":"Aprofundamento Can\u00e7\u00e3o Nova em S\u00e3o Paulo para Fam\u00edlias"},"content":{"rendered":"<p><i><span style=\"font-weight: 400\">Aprofundamento: Fam\u00edlias Lavadas pelo ao Sangue de Jesus.<br \/>\n<\/span><\/i><i><span style=\"font-weight: 400\">Padre Francisco e Rogerinha Moreira\u00a0 apresentadores do Amor Vencer\u00e1 estar\u00e3o no Aprofundamento para Fam\u00edlias na capital paulista\u00a0<\/span><\/i><\/p>\n<p><i><span style=\"font-weight: 400\"><img loading=\"lazy\" decoding=\"async\" class=\"wp-image-18209 alignleft\" src=\"http:\/\/blog.cancaonova.com\/saopaulo\/files\/2021\/10\/artes-02-cancao-nova.png\" alt=\"\" width=\"382\" height=\"382\" srcset=\"https:\/\/blog.cancaonova.com\/saopaulo\/files\/2021\/10\/artes-02-cancao-nova.png 1080w, https:\/\/blog.cancaonova.com\/saopaulo\/files\/2021\/10\/artes-02-cancao-nova-150x150.png 150w, https:\/\/blog.cancaonova.com\/saopaulo\/files\/2021\/10\/artes-02-cancao-nova-300x300.png 300w, https:\/\/blog.cancaonova.com\/saopaulo\/files\/2021\/10\/artes-02-cancao-nova-768x768.png 768w\" sizes=\"(max-width: 382px) 100vw, 382px\" \/>A Can\u00e7\u00e3o Nova em S\u00e3o Paulo promove o Aprofundamento para as fam\u00edlias &#8220;Fam\u00edlias Lavadas pelo Sangue de Jesus&#8221;.<br \/>\n<\/span><\/i><i><span style=\"font-weight: 400\">Neste encontro iremos rezar e pedir a prote\u00e7\u00e3o divina pelo Precioso Sangue de Jesus sobre nossas fam\u00edlias. Que\u00a0 Ele nos\u00a0 fortifique\u00a0 nas batalhas, proteja\u00a0 e liberte\u00a0 das nossas afli\u00e7\u00f5es com seu imenso amor.<\/span><\/i><\/p>\n<p><i><span style=\"font-weight: 400\">Neste tempo onde estamos retomando as nossas atividades presenciais esse ser\u00e1 um momento de agradecimento e louvor a Deus. Com o cora\u00e7\u00e3o aberto, vamos nos preparar para acolher as gra\u00e7as reservadas para as nossas fam\u00edlias\u00a0 nesta\u00a0 tarde de s\u00e1bado oracional\u00a0 na Can\u00e7\u00e3o Nova em S\u00e3o Paulo.\u00a0<\/span><\/i><\/p>\n<p><i><span style=\"font-weight: 400\">Estamos unidos \u00e0 <a href=\"https:\/\/clube.cancaonova.com\/campanha-de-oracao\/oracao-outubro-2021\/\">&#8220;Campanha de Ora\u00e7\u00e3o&#8221;<\/a>\u00a0 do Clube da Evangeliza\u00e7\u00e3o que acontece nos meses de outubro, novembro e dezembro onde estamos pedindo prote\u00e7\u00e3o\u00a0 para as nossas fam\u00edlias. <\/span><\/i><i><span style=\"font-weight: 400\">\u00a0<\/span><\/i><\/p>\n<p><i><span style=\"font-weight: 400\">Aprofundamento: Fam\u00edlias Lavadas pelo\u00a0 Sangue de Jesus<\/span><\/i><\/p>\n<p><i><span style=\"font-weight: 400\">Dia: 23 de Outubro de 2021\u00a0<\/span><\/i><\/p>\n<p><i><span style=\"font-weight: 400\">Catedral Nossa Senhora do L\u00edbano <\/span><\/i><\/p>\n<p><i><span style=\"font-weight: 400\">Rua Tamandar\u00e9, 355- Bairro\u00a0 Liberdade\u00a0<\/span><\/i><\/p>\n<p><i><span style=\"font-weight: 400\">\u00a0Programa\u00e7\u00e3o:\u00a0\u00a0\u00a0\u00a0\u00a0\u00a0\u00a0\u00a0\u00a0\u00a0\u00a0\u00a0\u00a0\u00a0\u00a0\u00a0\u00a0\u00a0\u00a0\u00a0\u00a0\u00a0\u00a0\u00a0\u00a0\u00a0\u00a0\u00a0<\/span><\/i><\/p>\n<p><i><span style=\"font-weight: 400\">15h &#8211; Ter\u00e7o da Miseric\u00f3rdia.<\/span><\/i><\/p>\n<p><i><span style=\"font-weight: 400\">15h30 &#8211;\u00a0 Acolhida e Anima\u00e7\u00e3o. Dauana Sales e Nathalia Barroso.<\/span><\/i><\/p>\n<p><i><span style=\"font-weight: 400\">16h Prega\u00e7\u00e3o &#8211; Fam\u00edlias em ordem de batalha- Submetidos ao Sangue de Jesus. Rogerinha e Wellington)<\/span><\/i><\/p>\n<p><i><span style=\"font-weight: 400\">17h Adora\u00e7\u00e3o &#8211; Pe Francisco, Rogerinha e Wellington.<\/span><\/i><\/p>\n<p><i><span style=\"font-weight: 400\">18h30 &#8211;\u00a0 Santa Missa<br \/>\n<\/span><\/i><\/p>\n<p><i><span style=\"font-weight: 400\">SERVI\u00c7O<br \/>\n<\/span><\/i><i><span style=\"font-weight: 400\">Evento: Aprofundamento &#8221; Fam\u00edlias Lavadas pelo Sangue de Jesus&#8221;.\u00a0<\/span><\/i><\/p>\n<p><i><span style=\"font-weight: 400\">Data: 23 de Outubro de 2021\u00a0<\/span><\/i><\/p>\n<p><i><span style=\"font-weight: 400\">Local: Catedral Nossa Senhora do L\u00edbano<\/span><\/i><\/p>\n<p><i><span style=\"font-weight: 400\">Endere\u00e7o: Rua Tamandar\u00e9, 355 \u2013 Liberdade,\u00a0 S\u00e3o Paulo (SP)<\/span><\/i><\/p>\n<p><i><span style=\"font-weight: 400\">Hor\u00e1rio in\u00edcio: 15h\u00a0<\/span><\/i><\/p>\n<p><i><span style=\"font-weight: 400\">Mais informa\u00e7\u00f5es:<br \/>\n<\/span><\/i><i><span style=\"font-weight: 400\">https:\/\/saopaulo.cancaonova.com<br \/>\n<\/span><\/i><i><span style=\"font-weight: 400\">Telefone: (11) 97782 4171<br \/>\n<\/span><\/i><i><span style=\"font-weight: 400\">E-mail: eventossp@cancaonova.com\u00a0 \u00a0<\/span><\/i><\/p>\n","protected":false},"excerpt":{"rendered":"<p>Aprofundamento: Fam\u00edlias Lavadas pelo ao Sangue de Jesus. Padre Francisco e Rogerinha Moreira\u00a0 apresentadores do Amor Vencer\u00e1 estar\u00e3o no Aprofundamento para Fam\u00edlias na capital paulista\u00a0 A Can\u00e7\u00e3o Nova em S\u00e3o Paulo promove o Aprofundamento para as fam\u00edlias &#8220;Fam\u00edlias Lavadas pelo&#8230;<\/p>\n","protected":false},"author":43,"featured_media":18208,"comment_status":"open","ping_status":"closed","sticky":false,"template":"","format":"standard","meta":{"_mi_skip_tracking":false,"_monsterinsights_sitenote_active":false,"_monsterinsights_sitenote_note":"","_monsterinsights_sitenote_category":0,"footnotes":""},"categories":[19],"tags":[33553,2691,5011,8201,16851,16476],"_links":{"self":[{"href":"https:\/\/blog.cancaonova.com\/saopaulo\/wp-json\/wp\/v2\/posts\/18207"}],"collection":[{"href":"https:\/\/blog.cancaonova.com\/saopaulo\/wp-json\/wp\/v2\/posts"}],"about":[{"href":"https:\/\/blog.cancaonova.com\/saopaulo\/wp-json\/wp\/v2\/types\/post"}],"author":[{"embeddable":true,"href":"https:\/\/blog.cancaonova.com\/saopaulo\/wp-json\/wp\/v2\/users\/43"}],"replies":[{"embeddable":true,"href":"https:\/\/blog.cancaonova.com\/saopaulo\/wp-json\/wp\/v2\/comments?post=18207"}],"version-history":[{"count":6,"href":"https:\/\/blog.cancaonova.com\/saopaulo\/wp-json\/wp\/v2\/posts\/18207\/revisions"}],"predecessor-version":[{"id":18215,"href":"https:\/\/blog.cancaonova.com\/saopaulo\/wp-json\/wp\/v2\/posts\/18207\/revisions\/18215"}],"wp:featuredmedia":[{"embeddable":true,"href":"https:\/\/blog.cancaonova.com\/saopaulo\/wp-json\/wp\/v2\/media\/18208"}],"wp:attachment":[{"href":"https:\/\/blog.cancaonova.com\/saopaulo\/wp-json\/wp\/v2\/media?parent=18207"}],"wp:term":[{"taxonomy":"category","embeddable":true,"href":"https:\/\/blog.cancaonova.com\/saopaulo\/wp-json\/wp\/v2\/categories?post=18207"},{"taxonomy":"post_tag","embeddable":true,"href":"https:\/\/blog.cancaonova.com\/saopaulo\/wp-json\/wp\/v2\/tags?post=18207"}],"curies":[{"name":"wp","href":"https:\/\/api.w.org\/{rel}","templated":true}]}}