{"id":18232,"date":"2021-11-01T17:24:24","date_gmt":"2021-11-01T20:24:24","guid":{"rendered":"http:\/\/blog.cancaonova.com\/saopaulo\/?p=18232"},"modified":"2021-11-01T17:27:56","modified_gmt":"2021-11-01T20:27:56","slug":"refugiamos-no-sangue-redentor","status":"publish","type":"post","link":"https:\/\/blog.cancaonova.com\/saopaulo\/refugiamos-no-sangue-redentor\/","title":{"rendered":"Refugiamos no Sangue Redentor"},"content":{"rendered":"<p><i><span style=\"font-weight: 400\">\u00a0Can\u00e7\u00e3o Nova em S\u00e3o Paulo, &#8220;Nos refugiamos no Sangue Redentor&#8221; \u00e9 o tema da Campanha\u00a0de Ora\u00e7\u00e3o nas segundas-feiras do\u00a0\u00a0m\u00eas de novembro\u00a0<\/span><\/i><\/p>\n<p><img loading=\"lazy\" decoding=\"async\" class=\"aligncenter wp-image-18234\" src=\"http:\/\/blog.cancaonova.com\/saopaulo\/files\/2021\/11\/card-blog-.png\" alt=\"\" width=\"340\" height=\"340\" srcset=\"https:\/\/blog.cancaonova.com\/saopaulo\/files\/2021\/11\/card-blog-.png 1080w, https:\/\/blog.cancaonova.com\/saopaulo\/files\/2021\/11\/card-blog--150x150.png 150w, https:\/\/blog.cancaonova.com\/saopaulo\/files\/2021\/11\/card-blog--300x300.png 300w, https:\/\/blog.cancaonova.com\/saopaulo\/files\/2021\/11\/card-blog--768x768.png 768w\" sizes=\"(max-width: 340px) 100vw, 340px\" \/><\/p>\n<p><i><span style=\"font-weight: 400\">Estamos em comunh\u00e3o com a Campanha do Clube da Evangeliza\u00e7\u00e3o que deseja que todas as Fam\u00edlias sejam protegidas pelo Sangue de Jesus.<br \/>\n<\/span><\/i><i><span style=\"font-weight: 400\">Nesse tempo onde estamos saindo de tantas realidades que assolaram as nossas Fam\u00edlias como:\u00a0 perdas, sofrimentos, desempregos, vazio existencial, vamos nos refugiar no Sangue de Nosso Senhor.<br \/>\n<\/span><\/i><i><span style=\"font-weight: 400\">Todas as segundas-feiras, na Catedral Nossa Senhora do L\u00edbano, a programa\u00e7\u00e3o inicia\u00a0 \u00e0s 18h\u00a0 com o Ter\u00e7o Mariano, Santa Missa, e \u00e0s 19h30, com transmiss\u00e3o da TV Can\u00e7\u00e3o Nova, logo ap\u00f3s Adora\u00e7\u00e3o ao Sant\u00edssimo Sacramento.<\/span><\/i><\/p>\n<p><i><span style=\"font-weight: 400\">Segue a Programa\u00e7\u00e3o com os padres e os temas\u00a0\u00a0\u00a0\u00a0\u00a0\u00a0\u00a0\u00a0\u00a0\u00a0\u00a0\u00a0\u00a0\u00a0\u00a0\u00a0\u00a0\u00a0<\/span><\/i><\/p>\n<p><i><span style=\"font-weight: 400\">&#8211;<\/span><\/i><b><i> 01\/11<\/i><\/b><i><span style=\"font-weight: 400\">\u00a0 \u00a0 \u00a0 \u00a0 Clamamos pelo sangue que renova a esperan\u00e7a &#8211; Pe Jo\u00e3o <\/span><\/i><b><i>\u00a0\u00a0<\/i><\/b><i><span style=\"font-weight: 400\">\u00a0\u00a0\u00a0\u00a0\u00a0\u00a0\u00a0\u00a0\u00a0\u00a0\u00a0\u00a0\u00a0\u00a0\u00a0\u00a0\u00a0\u00a0\u00a0\u00a0\u00a0\u00a0\u00a0\u00a0\u00a0<\/span><\/i><\/p>\n<p><i><span style=\"font-weight: 400\">&#8211; <\/span><\/i><b><i>08\/11<\/i><\/b><i><span style=\"font-weight: 400\">\u00a0 \u00a0 \u00a0 \u00a0 Clamamos pelo sangue que nos liberta- Pe L\u00edcio\u00a0\u00a0\u00a0\u00a0\u00a0\u00a0\u00a0\u00a0\u00a0\u00a0\u00a0\u00a0\u00a0\u00a0\u00a0\u00a0\u00a0\u00a0\u00a0\u00a0\u00a0\u00a0\u00a0\u00a0\u00a0\u00a0\u00a0\u00a0\u00a0\u00a0<\/span><\/i><\/p>\n<p><i><span style=\"font-weight: 400\">&#8211;<\/span><\/i><b><i> 15\/11<\/i><\/b><i><span style=\"font-weight: 400\">\u00a0 \u00a0 \u00a0 \u00a0 Clamamos pelo sangue que nos traz reden\u00e7\u00e3o-\u00a0 Pe F\u00e1bio Lima\u00a0\u00a0\u00a0\u00a0\u00a0\u00a0\u00a0\u00a0\u00a0\u00a0\u00a0\u00a0\u00a0\u00a0\u00a0\u00a0\u00a0\u00a0\u00a0\u00a0\u00a0\u00a0\u00a0\u00a0\u00a0\u00a0\u00a0\u00a0\u00a0\u00a0\u00a0\u00a0<\/span><\/i><\/p>\n<p><i><span style=\"font-weight: 400\">&#8211;<\/span><\/i><b><i> 22\/11 \u00a0 <\/i><\/b><i><span style=\"font-weight: 400\">\u00a0\u00a0\u00a0\u00a0Clamamos pelo sangue que nos traz reden\u00e7\u00e3o- Pe Jo\u00e3o Gualberto\u00a0\u00a0\u00a0\u00a0\u00a0\u00a0\u00a0\u00a0\u00a0\u00a0\u00a0\u00a0\u00a0\u00a0\u00a0\u00a0\u00a0\u00a0\u00a0\u00a0\u00a0\u00a0\u00a0\u00a0\u00a0\u00a0\u00a0\u00a0\u00a0\u00a0<\/span><\/i><\/p>\n<p><i><span style=\"font-weight: 400\">&#8211; <\/span><\/i><b><i>29\/11 <\/i><\/b><i><span style=\"font-weight: 400\">\u00a0\u00a0\u00a0\u00a0\u00a0\u00a0Clamamos pelo sangue que nos livra do mal- Pe Halan\u00a0\u00a0\u00a0<\/span><\/i><\/p>\n<p><i><span style=\"font-weight: 400\">Reze conosco:<\/span><\/i><\/p>\n<p><i><span style=\"font-weight: 400\">Lava-me, Senhor, com Teu Sangue precioso. Derrama o Sangue das Tuas chagas, das Tuas m\u00e3os, dos Teus p\u00e9s. Lava-me com Teu Sangue por inteiro: corpo, alma e esp\u00edrito.Envolve-me com Teu Sangue. A minha mente, o meu cora\u00e7\u00e3o, a minha vontade e os meus sentimentos. Estou pedindo: derrama o Teu Sangue precioso sobre toda a minha pessoa.Senhor Jesus, que o Teu Sangue seja a minha defesa, minha fortaleza, minha guarda e que nada do maligno possa me atingir agora, pelo poder do Teu Sangue precioso derramado sobre mim, sobre todas os meus e sobre todos os meus bens.<\/span><\/i><\/p>\n<p><i><span style=\"font-weight: 400\">Agora repita com toda firmeza:<\/span><\/i><\/p>\n<p><i><span style=\"font-weight: 400\">O Sangue de Jesus tem poder sobre mim. A minha defesa \u00e9 o Sangue de Jesus. A minha prote\u00e7\u00e3o \u00e9 o Sangue de Jesus. A minha fortaleza \u00e9 o Sangue de Jesus. Eu acolho agora o Sangue precioso de Jesus, que \u00e9 a minha reden\u00e7\u00e3o. Am\u00e9m!<\/span><\/i><\/p>\n<p>&nbsp;<\/p>\n","protected":false},"excerpt":{"rendered":"<p>\u00a0Can\u00e7\u00e3o Nova em S\u00e3o Paulo, &#8220;Nos refugiamos no Sangue Redentor&#8221; \u00e9 o tema da Campanha\u00a0de Ora\u00e7\u00e3o nas segundas-feiras do\u00a0\u00a0m\u00eas de novembro\u00a0 Estamos em comunh\u00e3o com a Campanha do Clube da Evangeliza\u00e7\u00e3o que deseja que todas as Fam\u00edlias sejam protegidas pelo&#8230;<\/p>\n","protected":false},"author":43,"featured_media":18235,"comment_status":"open","ping_status":"closed","sticky":false,"template":"","format":"standard","meta":{"_mi_skip_tracking":false,"_monsterinsights_sitenote_active":false,"_monsterinsights_sitenote_note":"","_monsterinsights_sitenote_category":0,"footnotes":""},"categories":[19,15731],"tags":[5011,40,25949,13131,16476],"_links":{"self":[{"href":"https:\/\/blog.cancaonova.com\/saopaulo\/wp-json\/wp\/v2\/posts\/18232"}],"collection":[{"href":"https:\/\/blog.cancaonova.com\/saopaulo\/wp-json\/wp\/v2\/posts"}],"about":[{"href":"https:\/\/blog.cancaonova.com\/saopaulo\/wp-json\/wp\/v2\/types\/post"}],"author":[{"embeddable":true,"href":"https:\/\/blog.cancaonova.com\/saopaulo\/wp-json\/wp\/v2\/users\/43"}],"replies":[{"embeddable":true,"href":"https:\/\/blog.cancaonova.com\/saopaulo\/wp-json\/wp\/v2\/comments?post=18232"}],"version-history":[{"count":3,"href":"https:\/\/blog.cancaonova.com\/saopaulo\/wp-json\/wp\/v2\/posts\/18232\/revisions"}],"predecessor-version":[{"id":18238,"href":"https:\/\/blog.cancaonova.com\/saopaulo\/wp-json\/wp\/v2\/posts\/18232\/revisions\/18238"}],"wp:featuredmedia":[{"embeddable":true,"href":"https:\/\/blog.cancaonova.com\/saopaulo\/wp-json\/wp\/v2\/media\/18235"}],"wp:attachment":[{"href":"https:\/\/blog.cancaonova.com\/saopaulo\/wp-json\/wp\/v2\/media?parent=18232"}],"wp:term":[{"taxonomy":"category","embeddable":true,"href":"https:\/\/blog.cancaonova.com\/saopaulo\/wp-json\/wp\/v2\/categories?post=18232"},{"taxonomy":"post_tag","embeddable":true,"href":"https:\/\/blog.cancaonova.com\/saopaulo\/wp-json\/wp\/v2\/tags?post=18232"}],"curies":[{"name":"wp","href":"https:\/\/api.w.org\/{rel}","templated":true}]}}