{"id":18242,"date":"2021-11-05T13:56:58","date_gmt":"2021-11-05T16:56:58","guid":{"rendered":"http:\/\/blog.cancaonova.com\/saopaulo\/?p=18242"},"modified":"2021-11-05T13:56:58","modified_gmt":"2021-11-05T16:56:58","slug":"minha-familia-esta-protegida-pelo-sangue-de-jesus","status":"publish","type":"post","link":"https:\/\/blog.cancaonova.com\/saopaulo\/minha-familia-esta-protegida-pelo-sangue-de-jesus\/","title":{"rendered":"\"Minha Fam\u00edlia est\u00e1 protegida pelo Sangue de Jesus.\""},"content":{"rendered":"<p>Tarde Oracional na Can\u00e7\u00e3o Nova em S\u00e3o Paulo &#8220;Minha Fam\u00edlia est\u00e1 protegida pelo Sangue de Jesus.&#8221;<\/p>\n<p><img loading=\"lazy\" decoding=\"async\" class=\"aligncenter  wp-image-18243\" src=\"http:\/\/blog.cancaonova.com\/saopaulo\/files\/2021\/11\/Card-presen\u00e7as-.jpg\" alt=\"\" width=\"355\" height=\"490\" srcset=\"https:\/\/blog.cancaonova.com\/saopaulo\/files\/2021\/11\/Card-presen\u00e7as-.jpg 1359w, https:\/\/blog.cancaonova.com\/saopaulo\/files\/2021\/11\/Card-presen\u00e7as--218x300.jpg 218w, https:\/\/blog.cancaonova.com\/saopaulo\/files\/2021\/11\/Card-presen\u00e7as--768x1058.jpg 768w\" sizes=\"(max-width: 355px) 100vw, 355px\" \/><\/p>\n<p>Vivemos momentos de grandes tribula\u00e7\u00f5es e a fam\u00edlia tem sido atingida de v\u00e1rias formas. Por isso, convidamos voc\u00ea para fortalecer a sua f\u00e9 por meio de ora\u00e7\u00f5es e clamar a for\u00e7a que vem de Deus, pelo Sangue do Seu filho Jesus derramado na Cruz. Por isso,\u00a0 nos meses de Outubro, Novembro e Dezembro, a Can\u00e7\u00e3o Nova quer atrav\u00e9s da a\u00e7\u00e3o de final de ano do <a href=\"https:\/\/clube.cancaonova.com\/campanha-de-oracao\/renove-sua-entrega-ao-senhor\/\">Clube da Evangeliza\u00e7\u00e3o<\/a>, levar voc\u00ea e a sua fam\u00edlia a experimentar o poder da invoca\u00e7\u00e3o do Sangue de Cristo,\u00a0 fonte de vida e sinal de uma alian\u00e7a de amor de Deus por n\u00f3s.<br \/>\nPresen\u00e7as: Pe Evandro Lima, Cassiano Meireles e Mission\u00e1rios da Can\u00e7\u00e3o Nova.<\/p>\n<p>Programa\u00e7\u00e3o:<\/p>\n<p>15h00 &#8211; Ter\u00e7o da Miseric\u00f3rdia &#8211;\u00a0Jessica Cristina\u00a0 e Nat\u00e1lia Barroso<br \/>\n15h40 &#8211; Prega\u00e7\u00e3o: \u201cMinha fam\u00edlia est\u00e1 protegida pelo sangue de Jesus\u201d- Pe. Evandro, Cassiano Meireles e Dauana Sales<br \/>\n17h20 &#8211; Adora\u00e7\u00e3o e Ora\u00e7\u00e3o clamando o Sangue Redentor- Pe Evandro Lima,<br \/>\n18h00 &#8211;\u00a0 Santa Missa Padre Evandro<\/p>\n<p>Dia: 06 de novembro<br \/>\nHor\u00e1rio: 15h<br \/>\nLocal: Catedral Nossa Senhora do L\u00edbano<br \/>\nRua: Tamandar\u00e9, 355 &#8211; Bairro Liberdade<\/p>\n<p>&nbsp;<\/p>\n","protected":false},"excerpt":{"rendered":"<p>Tarde Oracional na Can\u00e7\u00e3o Nova em S\u00e3o Paulo &#8220;Minha Fam\u00edlia est\u00e1 protegida pelo Sangue de Jesus.&#8221; Vivemos momentos de grandes tribula\u00e7\u00f5es e a fam\u00edlia tem sido atingida de v\u00e1rias formas. Por isso, convidamos voc\u00ea para fortalecer a sua f\u00e9 por&#8230;<\/p>\n","protected":false},"author":43,"featured_media":18244,"comment_status":"open","ping_status":"closed","sticky":false,"template":"","format":"standard","meta":{"_mi_skip_tracking":false,"_monsterinsights_sitenote_active":false,"_monsterinsights_sitenote_note":"","_monsterinsights_sitenote_category":0,"footnotes":""},"categories":[16673,19],"tags":[33553,35032,40,7,13131],"_links":{"self":[{"href":"https:\/\/blog.cancaonova.com\/saopaulo\/wp-json\/wp\/v2\/posts\/18242"}],"collection":[{"href":"https:\/\/blog.cancaonova.com\/saopaulo\/wp-json\/wp\/v2\/posts"}],"about":[{"href":"https:\/\/blog.cancaonova.com\/saopaulo\/wp-json\/wp\/v2\/types\/post"}],"author":[{"embeddable":true,"href":"https:\/\/blog.cancaonova.com\/saopaulo\/wp-json\/wp\/v2\/users\/43"}],"replies":[{"embeddable":true,"href":"https:\/\/blog.cancaonova.com\/saopaulo\/wp-json\/wp\/v2\/comments?post=18242"}],"version-history":[{"count":1,"href":"https:\/\/blog.cancaonova.com\/saopaulo\/wp-json\/wp\/v2\/posts\/18242\/revisions"}],"predecessor-version":[{"id":18245,"href":"https:\/\/blog.cancaonova.com\/saopaulo\/wp-json\/wp\/v2\/posts\/18242\/revisions\/18245"}],"wp:featuredmedia":[{"embeddable":true,"href":"https:\/\/blog.cancaonova.com\/saopaulo\/wp-json\/wp\/v2\/media\/18244"}],"wp:attachment":[{"href":"https:\/\/blog.cancaonova.com\/saopaulo\/wp-json\/wp\/v2\/media?parent=18242"}],"wp:term":[{"taxonomy":"category","embeddable":true,"href":"https:\/\/blog.cancaonova.com\/saopaulo\/wp-json\/wp\/v2\/categories?post=18242"},{"taxonomy":"post_tag","embeddable":true,"href":"https:\/\/blog.cancaonova.com\/saopaulo\/wp-json\/wp\/v2\/tags?post=18242"}],"curies":[{"name":"wp","href":"https:\/\/api.w.org\/{rel}","templated":true}]}}