{"id":18973,"date":"2023-04-08T14:13:02","date_gmt":"2023-04-08T17:13:02","guid":{"rendered":"https:\/\/blog.cancaonova.com\/saopaulo\/?p=18973"},"modified":"2023-04-08T14:24:43","modified_gmt":"2023-04-08T17:24:43","slug":"cancao-nova-realiza-segunda-edicao-abraca-santos-em-2023","status":"publish","type":"post","link":"https:\/\/blog.cancaonova.com\/saopaulo\/cancao-nova-realiza-segunda-edicao-abraca-santos-em-2023\/","title":{"rendered":"Can\u00e7\u00e3o Nova realiza segunda edi\u00e7\u00e3o do Abra\u00e7a Santos em 2023"},"content":{"rendered":"<p>A Can\u00e7\u00e3o Nova chega \u00e0 sua segunda edi\u00e7\u00e3o do Abra\u00e7a Santos. O evento, que reuniu milhares de pessoas no ano passado, dessa vez ser\u00e1 dia 7 de maio, na <strong>Arena Santos<\/strong>, com o tema:<em><strong> \u201cVossa esperan\u00e7a transbordar\u00e1, pelo poder do Esp\u00edrito Santo\u201d (Rm 15,13)<\/strong><\/em><\/p>\n<p><b>Presen\u00e7as confirmadas<\/b><\/p>\n<p>Dom Tarc\u00edsio Scaramussa<br \/>\nPe. Vagner de Souza Argolo<br \/>\nPe. Wagner Ferreira<br \/>\nPe. Adriano Zandon\u00e1<br \/>\nPe. Gilberto Duarte<br \/>\nLuzia Santiago e Eto (Wellington da Silva Jardim)<br \/>\nCris e Natal Gil<br \/>\nCassiano Meirelles<br \/>\nNat\u00e1lia Barroso<\/p>\n<p><b>Programa\u00e7\u00e3o<\/b><\/p>\n<p>O Abra\u00e7a Santos inicia \u00e0s 8h, com momentos de louvor, ora\u00e7\u00f5es, prega\u00e7\u00f5es, adora\u00e7\u00e3o e b\u00ean\u00e7\u00e3o do Sant\u00edssimo\u00a0Sacramento. A Santa Missa ser\u00e1 \u00e0s 16h e o evento encerra \u00e0s 18h.<\/p>\n<p><b>Como participar<\/b><\/p>\n<p>A entrada \u00e9 gratuita. Pedimos que leve 1Kg de alimento n\u00e3o perec\u00edvel. O alimento deve ser levado no dia do evento e apresentado na entrada. Tamb\u00e9m ser\u00e3o aceitos materiais de limpeza e higiene pessoal.<\/p>\n<p>As vagas s\u00e3o limitadas. Os ingressos gratuitos est\u00e3o dispon\u00edveis no site\u00a0<a href=\"http:\/\/sympla.com.br\/\" target=\"_blank\" rel=\"noopener\">sympla.com.br<\/a>, no link:<a href=\"https:\/\/www.sympla.com.br\/cancao-nova-abraca-santos__1899435\" target=\"_blank\" rel=\"noopener\">\u00a0https:\/\/www.sympla.com.br\/cancao-nova-abraca-santos__1899435<\/a><\/p>\n<p>Para obter informa\u00e7\u00f5es, entre em contato conosco pelo Telefone\/Whatsapp (11) 3382-9800.<\/p>\n<p><strong>Junte-se a n\u00f3s neste grande abra\u00e7o!<\/strong><\/p>\n<p><b>Servi\u00e7o<\/b><br \/>\n<b>Can\u00e7\u00e3o Nova Abra\u00e7a Santos 2023<\/b><br \/>\n<b>Data:<\/b>\u00a07 de maio de 2023<br \/>\n<b>Hor\u00e1rio:\u00a0<\/b>das 8h00 \u00e0s 18h00<br \/>\n<b>Local:<\/b>\u00a0Arena Santos. Av. Rangel Pestana, 184, Vila Matias, Santos\/SP.<br \/>\n<b>Entrada:\u00a0<\/b>1kg de alimento n\u00e3o perec\u00edvel (apresentar o alimento na entrada do evento). Tamb\u00e9m ser\u00e3o aceitos materiais de limpeza e higiene pessoal. Vagas limitadas<br \/>\n<b>Inscri\u00e7\u00f5es:<\/b>\u00a0Ingressos gratuitos no site\u00a0<a href=\"http:\/\/sympla.com.br\/\" target=\"_blank\" rel=\"noopener\">sympla.com.br<\/a>, neste link:\u00a0<a href=\"https:\/\/www.sympla.com.br\/cancao-nova-abraca-santos__1899435\" target=\"_blank\" rel=\"noopener\">https:\/\/www.sympla.com.br\/cancao-nova-abraca-santos__1899435<\/a><br \/>\n<b>Informa\u00e7\u00f5es:<\/b>\u00a0Tel\/Whatsapp: 11 3382-9800 ou e-mail:\u00a0<a href=\"mailto:eventossp@cancaonova.com\" target=\"_blank\" rel=\"noopener\">eventossp@cancaonova.com<\/a><br \/>\n<b>Acesse:\u00a0<\/b><a href=\"http:\/\/saopaulo.cancaonova.com\/\" target=\"_blank\" rel=\"noopener\">saopaulo.cancaonova.com<\/a>\u00a0\/ @cancaonovasp \/\u00a0 @missionarioscnsantos<\/p>\n","protected":false},"excerpt":{"rendered":"<p>A Can\u00e7\u00e3o Nova chega \u00e0 sua segunda edi\u00e7\u00e3o do Abra\u00e7a Santos. O evento, que reuniu milhares de pessoas no ano passado, dessa vez ser\u00e1 dia 7 de maio, na Arena Santos, com o tema: \u201cVossa esperan\u00e7a transbordar\u00e1, pelo poder do&#8230;<\/p>\n","protected":false},"author":43,"featured_media":18974,"comment_status":"open","ping_status":"closed","sticky":false,"template":"","format":"standard","meta":{"_mi_skip_tracking":false,"_monsterinsights_sitenote_active":false,"_monsterinsights_sitenote_note":"","_monsterinsights_sitenote_category":0,"footnotes":""},"categories":[114,5841,19,23,15731,32,47,4861,3691,16984],"tags":[],"_links":{"self":[{"href":"https:\/\/blog.cancaonova.com\/saopaulo\/wp-json\/wp\/v2\/posts\/18973"}],"collection":[{"href":"https:\/\/blog.cancaonova.com\/saopaulo\/wp-json\/wp\/v2\/posts"}],"about":[{"href":"https:\/\/blog.cancaonova.com\/saopaulo\/wp-json\/wp\/v2\/types\/post"}],"author":[{"embeddable":true,"href":"https:\/\/blog.cancaonova.com\/saopaulo\/wp-json\/wp\/v2\/users\/43"}],"replies":[{"embeddable":true,"href":"https:\/\/blog.cancaonova.com\/saopaulo\/wp-json\/wp\/v2\/comments?post=18973"}],"version-history":[{"count":1,"href":"https:\/\/blog.cancaonova.com\/saopaulo\/wp-json\/wp\/v2\/posts\/18973\/revisions"}],"predecessor-version":[{"id":18975,"href":"https:\/\/blog.cancaonova.com\/saopaulo\/wp-json\/wp\/v2\/posts\/18973\/revisions\/18975"}],"wp:featuredmedia":[{"embeddable":true,"href":"https:\/\/blog.cancaonova.com\/saopaulo\/wp-json\/wp\/v2\/media\/18974"}],"wp:attachment":[{"href":"https:\/\/blog.cancaonova.com\/saopaulo\/wp-json\/wp\/v2\/media?parent=18973"}],"wp:term":[{"taxonomy":"category","embeddable":true,"href":"https:\/\/blog.cancaonova.com\/saopaulo\/wp-json\/wp\/v2\/categories?post=18973"},{"taxonomy":"post_tag","embeddable":true,"href":"https:\/\/blog.cancaonova.com\/saopaulo\/wp-json\/wp\/v2\/tags?post=18973"}],"curies":[{"name":"wp","href":"https:\/\/api.w.org\/{rel}","templated":true}]}}