{"id":19015,"date":"2023-06-15T09:56:04","date_gmt":"2023-06-15T12:56:04","guid":{"rendered":"https:\/\/blog.cancaonova.com\/saopaulo\/?p=19015"},"modified":"2023-07-02T22:15:40","modified_gmt":"2023-07-03T01:15:40","slug":"cancao-nova-abraca-sao-paulo-2023-confira-programacao","status":"publish","type":"post","link":"https:\/\/blog.cancaonova.com\/saopaulo\/cancao-nova-abraca-sao-paulo-2023-confira-programacao\/","title":{"rendered":"Can\u00e7\u00e3o Nova Abra\u00e7a S\u00e3o Paulo 2023: Confira a programa\u00e7\u00e3o!"},"content":{"rendered":"<p>O Can\u00e7\u00e3o Nova Abra\u00e7a S\u00e3o Paulo 2023 est\u00e1 chegando, e traz novidades. O evento acontecer\u00e1 nos dias 8 e 9 de julho, no Gin\u00e1sio do Ibirapuera, com o tema: \u201cEntrega teu caminho ao Senhor, e o mais Ele far\u00e1\u201d (Sl 37,5). A programa\u00e7\u00e3o contar\u00e1 com shows de bandas e artistas cat\u00f3licos, prega\u00e7\u00f5es, momentos de ora\u00e7\u00e3o de louvor e de cura e liberta\u00e7\u00e3o, adora\u00e7\u00e3o ao Sant\u00edssimo Sacramento e Missas, somando diversas atra\u00e7\u00f5es durante o s\u00e1bado e o domingo.<\/p>\n<p><strong>Programa\u00e7\u00e3o \u2013 8\/07<\/strong><\/p>\n<p>No dia 8 de julho, a programa\u00e7\u00e3o acontecer\u00e1 das <strong>8h20<\/strong> \u00e0s <strong>17h30<\/strong>, com abertura dos port\u00f5es \u00e0s <strong>7h<\/strong>.<\/p>\n<p><strong>Presen\u00e7as confirmadas:<\/strong><\/p>\n<p>Cardeal Dom Odilo Scherer<br \/>\nPe. Adriano Zandon\u00e1<br \/>\nPe. Roger Luis<br \/>\nPe. Anderson Mar\u00e7al<br \/>\nIroni Spuldaro<br \/>\nIm\u00e3 Kelly Patr\u00edcia<br \/>\nIrm\u00e3 Maria Raquel<br \/>\nDavidson Silva<br \/>\nNaldo Jos\u00e9<br \/>\nMar\u00edlia Mello<br \/>\nAmor e Adora\u00e7\u00e3o<br \/>\nFl\u00e1vio Vitor<br \/>\nOl\u00edvia Ferreira<br \/>\nFraternidade S\u00e3o Jo\u00e3o Paulo II<\/p>\n<p>Durante o s\u00e1bado haver\u00e1 shows musicais com bandas e artistas cat\u00f3licos, Adora\u00e7\u00e3o ao Sant\u00edssimo Sacramento, prega\u00e7\u00f5es e Santa Missa.<\/p>\n<p><strong>Fique atento aos hor\u00e1rios:<\/strong><\/p>\n<p>07h00 \u2013 Abertura dos port\u00f5es<br \/>\n08h20 \u2013 In\u00edcio<br \/>\n09h30 \u2013 Prega\u00e7\u00e3o<br \/>\n10h10 \u2013 Ora\u00e7\u00e3o de Cura e Liberta\u00e7\u00e3o<br \/>\n10h30 \u2013 Intervalo<br \/>\n11h00 \u2013 Prega\u00e7\u00e3o<br \/>\n12h00 \u2013 Shows<br \/>\n14h00 \u2013 Adora\u00e7\u00e3o ao Sant\u00edssimo Sacramento<br \/>\n15h00 \u2013 Ter\u00e7o da Miseric\u00f3rdia<br \/>\n15h30 \u2013 Intervalo<br \/>\n16h00 \u2013 Santa Missa<br \/>\n17h30 -Encerramento<\/p>\n<p><strong>Programa\u00e7\u00e3o \u2013 9\/07<\/strong><\/p>\n<p>No domingo, 9 de julho, o evento come\u00e7ar\u00e1 \u00e0s <strong>8h20<\/strong>, encerrando com a Santa Missa, que ser\u00e1 celebrada \u00e0s <strong>16h<\/strong>. Os port\u00f5es do Gin\u00e1sio abrem \u00e0s 07h.<\/p>\n<p><strong>Presen\u00e7as confirmadas:<\/strong><\/p>\n<p>Dom Rog\u00e9rio Augusto<br \/>\nPe. Roger Luis<br \/>\nPe Adriano Zandon\u00e1<br \/>\nIroni Spuldaro<br \/>\nLuzia e Eto<br \/>\nPe. Gilberto Duarte<br \/>\nPe Wagner Ferreira<br \/>\nPe Fabio Lima<br \/>\nPe Anderson Guerra<br \/>\nNat\u00e1lia Barroso<br \/>\nMission\u00e1rio Shalom<br \/>\nJuninho Cassimiro<br \/>\nAdora\u00e7\u00e3o e Vida<br \/>\nAna L\u00facia<\/p>\n<p><strong>Fique atento aos hor\u00e1rios:<\/strong><\/p>\n<p>07h00 \u2013 Abertura dos port\u00f5es<br \/>\n08h20 \u2013 In\u00edcio e B\u00ean\u00e7\u00e3o com Dom Rog\u00e9rio<br \/>\n08h40 &#8211; Ora\u00e7\u00e3o da Manh\u00e3<br \/>\n09h30 \u2013 Prega\u00e7\u00e3o<br \/>\n10h15 \u2013 Ora\u00e7\u00e3o de Cura e Liberta\u00e7\u00e3o<br \/>\n10h30 \u2013 Intervalo<br \/>\n11h00 \u2013 Adora\u00e7\u00e3o ao Sant\u00edssimo Sacramento<br \/>\n12h00 \u2013 Shows<br \/>\n14h10 \u2013 Prega\u00e7\u00e3o<br \/>\n15h00 \u2013 Ter\u00e7o da Miseric\u00f3rdia<br \/>\n15h30 \u2013 Intervalo<br \/>\n16h00 \u2013 Santa Missa<br \/>\n17h30 \u2013 Encerramento<\/p>\n<p><strong>Todo o evento ter\u00e1 transmiss\u00e3o ao vivo pela TV Can\u00e7\u00e3o Nova em rede nacional<\/strong><\/p>\n<p>*Programa\u00e7\u00e3o sujeita a altera\u00e7\u00e3o sem aviso pr\u00e9vio<\/p>\n<p><strong>Como participar<\/strong><\/p>\n<p>O evento \u00e9 gratuito. Para participar, basta realizar a inscri\u00e7\u00e3o atrav\u00e9s do site Sympla e retirar o ingresso gratuito disponibilizado no Sympla, neste link: https:\/\/www.sympla.com.br\/cancao-nova-abraca-sao-paulo__1970682<\/p>\n<p>As inscri\u00e7\u00f5es tamb\u00e9m podem ser realizadas na Casa de Evangeliza\u00e7\u00e3o da Can\u00e7\u00e3o Nova em S\u00e3o Paulo: R. Tamandar\u00e9, 355, Liberdade, S\u00e3o Paulo (SP) \u2013 Hor\u00e1rios: Segundas e quartas: 9h \u00e0s 21h. Ter\u00e7as, quintas e sextas, das 9h \u00e0s 17h30. S\u00e1bados, das 09h \u00e0s 12h.<\/p>\n<p>O Gin\u00e1sio do Ibirapuera \u00e9 de f\u00e1cil acesso, localizado na R. Manuel da N\u00f3brega, 1361, Ibirapuera, S\u00e3o Paulo (SP).<\/p>\n<p><strong>CARAVANAS<\/strong><\/p>\n<p>No site Sympla \u00e9 poss\u00edvel solicitar ingressos para caravanas, bastando clicar na op\u00e7\u00e3o \u201cCaravanas\u201d. Estes ingressos s\u00e3o destinados apenas para <strong>organizadores de caravanas (\u00d4nibus, Vans)<\/strong> ou para quem vai levar mais de cinco pessoas ao evento.<\/p>\n<p>Para mais informa\u00e7\u00f5es, entre em contato pelo Tel\/WhatsApp: (11) 3382-9800 ou mande um e-mail para: eventossp@cancaonova.com. Acesse: saopaulo.cancaonova.com<\/p>\n<p>Viva este abra\u00e7o de f\u00e9 e de esperan\u00e7a com a Can\u00e7\u00e3o Nova!<\/p>\n<p><strong>SERVI\u00c7O<\/strong><\/p>\n<p><strong>Evento:<\/strong> Can\u00e7\u00e3o Nova Abra\u00e7a S\u00e3o Paulo 2023<br \/>\n<strong>Tema:<\/strong> \u201cEntrega teu caminho ao Senhor, e o mais Ele far\u00e1\u201d (Sl 37,5)<br \/>\n<strong>Data:<\/strong> 8 e 9 de julho<br \/>\n<strong>Hora:<\/strong> S\u00e1bado: das 9h \u00e0s 17h. Domingo: das 9h \u00e0s 18h (Missa de encerramento \u00e0s 16h)<br \/>\n<strong>Local:<\/strong> Gin\u00e1sio do Ibirapuera. R. Manuel da N\u00f3brega, 1361, Ibirapuera, S\u00e3o Paulo (SP)<br \/>\n<strong>Entrada gratuita.<\/strong> Levar 1Kg de alimento no dia e local do evento. Ingressos gratuitos atrav\u00e9s do site sympla.com.br, no link: https:\/\/www.sympla.com.br\/cancao-nova-abraca-sao-paulo__1970682<br \/>\nOu na Casa de Evangeliza\u00e7\u00e3o: Catedral Maronita Nossa Senhora do L\u00edbano. R. Tamandar\u00e9, 355, Liberdade, S\u00e3o Paulo (SP) \u2013 Pr\u00f3x. ao metr\u00f4 S\u00e3o Joaquim, nos seguintes hor\u00e1rios: Segundas e quartas: 9h \u00e0s 21h. Ter\u00e7as, quintas e sextas, das 9h \u00e0s 17h30. S\u00e1bados, das 09h \u00e0s 12h.<br \/>\n<strong>Informa\u00e7\u00f5es:<\/strong> Tel\/Whatsapp \u2013 (11) 3382-9800 ou eventossp@cancaonova.com<br \/>\n<strong>Acesse:<\/strong> saopaulo.cancaonova.com<br \/>\n<strong>Redes Sociais:<\/strong> Facebook, Instagram e Youtube\/cancaonovasp<\/p>\n","protected":false},"excerpt":{"rendered":"<p>O Can\u00e7\u00e3o Nova Abra\u00e7a S\u00e3o Paulo 2023 est\u00e1 chegando, e traz novidades. O evento acontecer\u00e1 nos dias 8 e 9 de julho, no Gin\u00e1sio do Ibirapuera, com o tema: \u201cEntrega teu caminho ao Senhor, e o mais Ele far\u00e1\u201d (Sl&#8230;<\/p>\n","protected":false},"author":43,"featured_media":19014,"comment_status":"open","ping_status":"closed","sticky":false,"template":"","format":"standard","meta":{"_mi_skip_tracking":false,"_monsterinsights_sitenote_active":false,"_monsterinsights_sitenote_note":"","_monsterinsights_sitenote_category":0,"footnotes":""},"categories":[114,5841,19,23,15731,32,47,4861,3691,16984],"tags":[],"_links":{"self":[{"href":"https:\/\/blog.cancaonova.com\/saopaulo\/wp-json\/wp\/v2\/posts\/19015"}],"collection":[{"href":"https:\/\/blog.cancaonova.com\/saopaulo\/wp-json\/wp\/v2\/posts"}],"about":[{"href":"https:\/\/blog.cancaonova.com\/saopaulo\/wp-json\/wp\/v2\/types\/post"}],"author":[{"embeddable":true,"href":"https:\/\/blog.cancaonova.com\/saopaulo\/wp-json\/wp\/v2\/users\/43"}],"replies":[{"embeddable":true,"href":"https:\/\/blog.cancaonova.com\/saopaulo\/wp-json\/wp\/v2\/comments?post=19015"}],"version-history":[{"count":4,"href":"https:\/\/blog.cancaonova.com\/saopaulo\/wp-json\/wp\/v2\/posts\/19015\/revisions"}],"predecessor-version":[{"id":19020,"href":"https:\/\/blog.cancaonova.com\/saopaulo\/wp-json\/wp\/v2\/posts\/19015\/revisions\/19020"}],"wp:featuredmedia":[{"embeddable":true,"href":"https:\/\/blog.cancaonova.com\/saopaulo\/wp-json\/wp\/v2\/media\/19014"}],"wp:attachment":[{"href":"https:\/\/blog.cancaonova.com\/saopaulo\/wp-json\/wp\/v2\/media?parent=19015"}],"wp:term":[{"taxonomy":"category","embeddable":true,"href":"https:\/\/blog.cancaonova.com\/saopaulo\/wp-json\/wp\/v2\/categories?post=19015"},{"taxonomy":"post_tag","embeddable":true,"href":"https:\/\/blog.cancaonova.com\/saopaulo\/wp-json\/wp\/v2\/tags?post=19015"}],"curies":[{"name":"wp","href":"https:\/\/api.w.org\/{rel}","templated":true}]}}