{"id":19047,"date":"2023-08-16T09:51:31","date_gmt":"2023-08-16T12:51:31","guid":{"rendered":"https:\/\/blog.cancaonova.com\/saopaulo\/?p=19047"},"modified":"2023-08-16T09:52:49","modified_gmt":"2023-08-16T12:52:49","slug":"cancao-nova-realiza-aprofundamento-clamando-por-milagres-em-sao-paulo","status":"publish","type":"post","link":"https:\/\/blog.cancaonova.com\/saopaulo\/cancao-nova-realiza-aprofundamento-clamando-por-milagres-em-sao-paulo\/","title":{"rendered":"Aprofundamento Clamando por Milagres em S\u00e3o Paulo"},"content":{"rendered":"<p>A Comunidade Can\u00e7\u00e3o Nova promove dia 16 de setembro de 2023, em S\u00e3o Paulo, na Par\u00f3quia Santa C\u00e2ndida, bairro Ipiranga, o <strong>Aprofundamento \u201cClamando por Milagres\u201d<\/strong>.<\/p>\n<p>O encontro acontecer\u00e1 das 8h \u00e0s 18h30, com a presen\u00e7a do mission\u00e1rio <strong>Ironi Spuldaro<\/strong> (Miss\u00e3o H\u00e1 Poder de Deus), <strong>Pe. Gilberto Duarte<\/strong> e <strong>Pe. Anderson Mar\u00e7al<\/strong> (Comunidade Can\u00e7\u00e3o Nova), e <strong>Mar\u00edlia Mello<\/strong>. Este encontro \u00e9 um convite para que todos os presentes clamem a Deus pelo milagre de que necessitam e tomem posse das promessas do Senhor.<\/p>\n<p>Na programa\u00e7\u00e3o haver\u00e1 momentos de ora\u00e7\u00e3o de cura e liberta\u00e7\u00e3o, adora\u00e7\u00e3o e b\u00ean\u00e7\u00e3o do Sant\u00edssimo Sacramento, prega\u00e7\u00f5es e Santa Missa.<\/p>\n<p><strong>Como participar<\/strong><\/p>\n<p><strong>A entrada \u00e9 gratuita<\/strong> (Levar 1 Produto de Limpeza na entrada).<br \/>\nNo local h\u00e1 estacionamento gratuito (vagas limitadas) e pra\u00e7a de alimenta\u00e7\u00e3o, onde poder\u00e3o ser adquiridos lanches e almo\u00e7o.<\/p>\n<p>Convide sua fam\u00edlia, amigos e membros do grupo de ora\u00e7\u00e3o ou da pastoral da qual voc\u00ea faz parte e venha participar deste aprofundamento e clamar insistente e ardentemente a Deus por todas as suas necessidades temporais e espirituais, pois \u00e9 promessa do Senhor que quem n\u2019Ele crer ser\u00e1 salvo (cf. Atos 16, 31).<\/p>\n<p><strong>SERVI\u00c7O<\/strong><br \/>\n<strong>Aprofundamento Clamando por Milagres<\/strong><br \/>\n<strong>Data:<\/strong> 16\/09\/2023<br \/>\n<strong>Hor\u00e1rio:<\/strong> 8h \u00e0s 18h30<br \/>\n<strong>Presen\u00e7as:<\/strong> Ironi Spuldaro, Pe. Gilberto Duarte, Pe. Anderson Mar\u00e7al, Mar\u00edlia Mello<br \/>\n<strong>Local:<\/strong> Par\u00f3quia Santa C\u00e2ndida. Av. Dr. Ricardo Jafet, 769, Ipiranga, S\u00e3o Paulo (SP) &#8211; Pr\u00f3x. ao metr\u00f4 Santos\/Imigrantes<br \/>\n<strong>Entrada:<\/strong> Gratuita. Levar 1 Produto de Limpeza<br \/>\n<strong>Informa\u00e7\u00f5es:<\/strong> Tel\/WhatsApp (11) 3382-9800 ou eventossp@cancaonova.com<br \/>\n<strong>Acesse:<\/strong> saopaulo.cancaonova.com<\/p>\n","protected":false},"excerpt":{"rendered":"<p>A Comunidade Can\u00e7\u00e3o Nova promove dia 16 de setembro de 2023, em S\u00e3o Paulo, na Par\u00f3quia Santa C\u00e2ndida, bairro Ipiranga, o Aprofundamento \u201cClamando por Milagres\u201d. O encontro acontecer\u00e1 das 8h \u00e0s 18h30, com a presen\u00e7a do mission\u00e1rio Ironi Spuldaro (Miss\u00e3o&#8230;<\/p>\n","protected":false},"author":43,"featured_media":19048,"comment_status":"open","ping_status":"closed","sticky":false,"template":"","format":"standard","meta":{"_mi_skip_tracking":false,"_monsterinsights_sitenote_active":false,"_monsterinsights_sitenote_note":"","_monsterinsights_sitenote_category":0,"footnotes":""},"categories":[114,5841,19,23,15731,32,47,4861,3691,16984],"tags":[],"_links":{"self":[{"href":"https:\/\/blog.cancaonova.com\/saopaulo\/wp-json\/wp\/v2\/posts\/19047"}],"collection":[{"href":"https:\/\/blog.cancaonova.com\/saopaulo\/wp-json\/wp\/v2\/posts"}],"about":[{"href":"https:\/\/blog.cancaonova.com\/saopaulo\/wp-json\/wp\/v2\/types\/post"}],"author":[{"embeddable":true,"href":"https:\/\/blog.cancaonova.com\/saopaulo\/wp-json\/wp\/v2\/users\/43"}],"replies":[{"embeddable":true,"href":"https:\/\/blog.cancaonova.com\/saopaulo\/wp-json\/wp\/v2\/comments?post=19047"}],"version-history":[{"count":0,"href":"https:\/\/blog.cancaonova.com\/saopaulo\/wp-json\/wp\/v2\/posts\/19047\/revisions"}],"wp:featuredmedia":[{"embeddable":true,"href":"https:\/\/blog.cancaonova.com\/saopaulo\/wp-json\/wp\/v2\/media\/19048"}],"wp:attachment":[{"href":"https:\/\/blog.cancaonova.com\/saopaulo\/wp-json\/wp\/v2\/media?parent=19047"}],"wp:term":[{"taxonomy":"category","embeddable":true,"href":"https:\/\/blog.cancaonova.com\/saopaulo\/wp-json\/wp\/v2\/categories?post=19047"},{"taxonomy":"post_tag","embeddable":true,"href":"https:\/\/blog.cancaonova.com\/saopaulo\/wp-json\/wp\/v2\/tags?post=19047"}],"curies":[{"name":"wp","href":"https:\/\/api.w.org\/{rel}","templated":true}]}}