{"id":19102,"date":"2024-01-24T14:03:07","date_gmt":"2024-01-24T17:03:07","guid":{"rendered":"https:\/\/blog.cancaonova.com\/saopaulo\/?p=19102"},"modified":"2024-01-24T14:03:07","modified_gmt":"2024-01-24T17:03:07","slug":"tarde-de-louvor-de-cura-interior-com-julio-brebal","status":"publish","type":"post","link":"https:\/\/blog.cancaonova.com\/saopaulo\/tarde-de-louvor-de-cura-interior-com-julio-brebal\/","title":{"rendered":"Tarde de Louvor de Cura Interior, com Julio Brebal"},"content":{"rendered":"<p>Tarde de Louvor de Cura Interior com J\u00falio Brebal, um evento especial para aqueles que buscam fortalecer sua espiritualidade e encontrar a cura interior. Neste encontro, abordaremos o tema &#8220;Cora\u00e7\u00f5es Sedentos&#8221;, refletindo sobre a sede de amor, esperan\u00e7a e f\u00e9 que todos n\u00f3s carregamos em nosso cora\u00e7\u00e3o e em nossa alma.<\/p>\n<p><strong>Programa\u00e7\u00e3o do Evento:<\/strong><\/p>\n<p>Palestras inspiradoras com J\u00falio Brebal<br \/>\nMomentos de ora\u00e7\u00e3o de cura interior e liberta\u00e7\u00e3o<br \/>\nCompartilhamento de experi\u00eancias<br \/>\nIntervalo para lanche e confraterniza\u00e7\u00e3o<br \/>\nEncerramento com a Santa Missa<\/p>\n<p><strong>Palestrante:<br \/>\n<\/strong><br \/>\n<strong>J\u00falio Brebal<\/strong> &#8211; renomado pregador e Mission\u00e1rio da Comunidade Can\u00e7\u00e3o Nova, conhecido por suas mensagens de esperan\u00e7a, transforma\u00e7\u00e3o pessoal e cura interior<\/p>\n<p><strong>Data e Hor\u00e1rio:<\/strong><br \/>\nO evento acontecer\u00e1 no dia <strong>24\/02\/2024<\/strong>, das <strong>13h \u00e0s 19h<\/strong>.<\/p>\n<p><strong>Local:<\/strong><\/p>\n<p>O evento ser\u00e1 realizado no <strong>Audit\u00f3rio Paulo Ap\u00f3stolo<\/strong>, localizado na Rua Dona In\u00e1cia Uch\u00f4a, 62, Vila Mariana, S\u00e3o Paulo (SP). Um espa\u00e7o acolhedor e prop\u00edcio para momentos de encontro, reflex\u00e3o e ora\u00e7\u00e3o, pr\u00f3ximo ao metr\u00f4 Vila Mariana.<\/p>\n<p><strong>Banheiros no Local:<br \/>\n<\/strong><br \/>\nO Audit\u00f3rio Paulo Ap\u00f3stolo possui banheiros bem estruturados e de f\u00e1cil acesso para garantir o conforto de todos os participantes.<\/p>\n<p><strong>Lanchonete:<br \/>\n<\/strong><br \/>\nDurante os intervalos ser\u00e1 servido lanche no local.<\/p>\n<p><strong>Como participar:<\/strong><\/p>\n<p><strong>O evento \u00e9 gratuito.<\/strong> Pedimos que realize a inscri\u00e7\u00e3o gratuita pelo site <strong>Sympla<\/strong>, neste link: <a href=\"https:\/\/www.sympla.com.br\/tarde-de-louvor-de-cura-interior__2310551\">https:\/\/www.sympla.com.br\/tarde-de-louvor-de-cura-interior__2310551<\/a>, ou dirigindo-se \u00e0 Casa de Evangeliza\u00e7\u00e3o, onde voc\u00ea pode retirar sua pulseira pessoalmente, na Catedral Maronita Nossa Senhora do L\u00edbano (R. Tamandar\u00e9, 355, Liberdade, S\u00e3o Paulo (SP).<\/p>\n<p><strong>No dia do evento, levar 1Kg de alimento n\u00e3o perec\u00edvel.<\/strong><\/p>\n<p><strong>Entrada no Evento e Credenciamento:<\/strong><\/p>\n<p>Para ter acesso ao evento, \u00e9 necess\u00e1rio apresentar sua pulseira de inscri\u00e7\u00e3o, que pode ser retirada na Casa de Evangeliza\u00e7\u00e3o ou reservada mediante inscri\u00e7\u00e3o gratuita atrav\u00e9s do site Sympla. No dia do evento, haver\u00e1 uma equipe de credenciamento para agilizar o processo de entrada e garantir que todos os participantes tenham uma experi\u00eancia tranquila e proveitosa.<\/p>\n<p><strong>Informa\u00e7\u00f5es:<\/strong> Tel\/WhatsApp (11) 3382-9800.<\/p>\n<p><strong>Participe desta maravilhosa Tarde de Louvor e permita que seu cora\u00e7\u00e3o seja preenchido pelo amor de Deus. Garanta sua pulseira agora mesmo e junte-se a n\u00f3s nessa jornada incr\u00edvel de cura interior!<\/strong><\/p>\n","protected":false},"excerpt":{"rendered":"<p>Tarde de Louvor de Cura Interior com J\u00falio Brebal, um evento especial para aqueles que buscam fortalecer sua espiritualidade e encontrar a cura interior. Neste encontro, abordaremos o tema &#8220;Cora\u00e7\u00f5es Sedentos&#8221;, refletindo sobre a sede de amor, esperan\u00e7a e f\u00e9&#8230;<\/p>\n","protected":false},"author":43,"featured_media":19103,"comment_status":"open","ping_status":"closed","sticky":false,"template":"","format":"standard","meta":{"_mi_skip_tracking":false,"_monsterinsights_sitenote_active":false,"_monsterinsights_sitenote_note":"","_monsterinsights_sitenote_category":0,"footnotes":""},"categories":[15731],"tags":[],"_links":{"self":[{"href":"https:\/\/blog.cancaonova.com\/saopaulo\/wp-json\/wp\/v2\/posts\/19102"}],"collection":[{"href":"https:\/\/blog.cancaonova.com\/saopaulo\/wp-json\/wp\/v2\/posts"}],"about":[{"href":"https:\/\/blog.cancaonova.com\/saopaulo\/wp-json\/wp\/v2\/types\/post"}],"author":[{"embeddable":true,"href":"https:\/\/blog.cancaonova.com\/saopaulo\/wp-json\/wp\/v2\/users\/43"}],"replies":[{"embeddable":true,"href":"https:\/\/blog.cancaonova.com\/saopaulo\/wp-json\/wp\/v2\/comments?post=19102"}],"version-history":[{"count":1,"href":"https:\/\/blog.cancaonova.com\/saopaulo\/wp-json\/wp\/v2\/posts\/19102\/revisions"}],"predecessor-version":[{"id":19104,"href":"https:\/\/blog.cancaonova.com\/saopaulo\/wp-json\/wp\/v2\/posts\/19102\/revisions\/19104"}],"wp:featuredmedia":[{"embeddable":true,"href":"https:\/\/blog.cancaonova.com\/saopaulo\/wp-json\/wp\/v2\/media\/19103"}],"wp:attachment":[{"href":"https:\/\/blog.cancaonova.com\/saopaulo\/wp-json\/wp\/v2\/media?parent=19102"}],"wp:term":[{"taxonomy":"category","embeddable":true,"href":"https:\/\/blog.cancaonova.com\/saopaulo\/wp-json\/wp\/v2\/categories?post=19102"},{"taxonomy":"post_tag","embeddable":true,"href":"https:\/\/blog.cancaonova.com\/saopaulo\/wp-json\/wp\/v2\/tags?post=19102"}],"curies":[{"name":"wp","href":"https:\/\/api.w.org\/{rel}","templated":true}]}}