{"id":8507,"date":"2008-09-14T03:14:01","date_gmt":"2008-09-14T00:14:01","guid":{"rendered":"http:\/\/blog.cancaonova.com\/saopaulo\/2008\/09\/14\/fotos\/"},"modified":"2008-09-14T03:15:31","modified_gmt":"2008-09-14T00:15:31","slug":"fotos","status":"publish","type":"post","link":"https:\/\/blog.cancaonova.com\/saopaulo\/fotos\/","title":{"rendered":"Fotos"},"content":{"rendered":"<p align=\"center\"><a href=\"http:\/\/blog.cancaonova.com\/saopaulo\/files\/2008\/09\/1blog_sp.jpg\" title=\"1blog_sp.jpg\"><img decoding=\"async\" src=\"http:\/\/blog.cancaonova.com\/saopaulo\/files\/2008\/09\/1blog_sp.jpg\" alt=\"1blog_sp.jpg\" \/><\/a>\u00a0<\/p>\n<p>Acontece em S\u00e3o Paulo o <a href=\"http:\/\/blog.cancaonova.com\/saopaulo\/2008\/09\/12\/neste-final-de-semana-o-centro-de-evangelizacao-padre-leo-pereira-recebe-padre-edimilson-eliana-ribeiro-e-dunga\/\">Encontro de Ora\u00e7\u00e3o com padre Edimilson Lopes, Eliana Ribeiro e Dunga<\/a>.<br \/>\nVeja fotos do evento: <a href=\"http:\/\/www.flickr.com\/photos\/cancaonova\/sets\/72157607267779634\">www.flickr.com\/cancaonova<\/a><\/p>\n","protected":false},"excerpt":{"rendered":"<p>\u00a0 Acontece em S\u00e3o Paulo o Encontro de Ora\u00e7\u00e3o com padre Edimilson Lopes, Eliana Ribeiro e Dunga. Veja fotos do evento: www.flickr.com\/cancaonova<\/p>\n","protected":false},"author":2301,"featured_media":0,"comment_status":"open","ping_status":"closed","sticky":false,"template":"","format":"standard","meta":{"_mi_skip_tracking":false,"_monsterinsights_sitenote_active":false,"_monsterinsights_sitenote_note":"","_monsterinsights_sitenote_category":0,"footnotes":""},"categories":[19],"tags":[],"_links":{"self":[{"href":"https:\/\/blog.cancaonova.com\/saopaulo\/wp-json\/wp\/v2\/posts\/8507"}],"collection":[{"href":"https:\/\/blog.cancaonova.com\/saopaulo\/wp-json\/wp\/v2\/posts"}],"about":[{"href":"https:\/\/blog.cancaonova.com\/saopaulo\/wp-json\/wp\/v2\/types\/post"}],"author":[{"embeddable":true,"href":"https:\/\/blog.cancaonova.com\/saopaulo\/wp-json\/wp\/v2\/users\/2301"}],"replies":[{"embeddable":true,"href":"https:\/\/blog.cancaonova.com\/saopaulo\/wp-json\/wp\/v2\/comments?post=8507"}],"version-history":[{"count":0,"href":"https:\/\/blog.cancaonova.com\/saopaulo\/wp-json\/wp\/v2\/posts\/8507\/revisions"}],"wp:attachment":[{"href":"https:\/\/blog.cancaonova.com\/saopaulo\/wp-json\/wp\/v2\/media?parent=8507"}],"wp:term":[{"taxonomy":"category","embeddable":true,"href":"https:\/\/blog.cancaonova.com\/saopaulo\/wp-json\/wp\/v2\/categories?post=8507"},{"taxonomy":"post_tag","embeddable":true,"href":"https:\/\/blog.cancaonova.com\/saopaulo\/wp-json\/wp\/v2\/tags?post=8507"}],"curies":[{"name":"wp","href":"https:\/\/api.w.org\/{rel}","templated":true}]}}