{"id":4791,"date":"2014-01-02T14:40:37","date_gmt":"2014-01-02T17:40:37","guid":{"rendered":"http:\/\/blog.cancaonova.com\/semprefiel\/?p=4791"},"modified":"2016-01-14T15:31:19","modified_gmt":"2016-01-14T18:31:19","slug":"devocionario-a-profecia-do-avivamento-10o-dia","status":"publish","type":"post","link":"https:\/\/blog.cancaonova.com\/semprefiel\/devocionario-a-profecia-do-avivamento-10o-dia\/","title":{"rendered":"Devocion\u00e1rio: A Profecia do Avivamento 10\u00ba dia"},"content":{"rendered":"<p><img loading=\"lazy\" decoding=\"async\" class=\"aligncenter wp-image-4818\" src=\"http:\/\/blog.cancaonova.com\/semprefiel\/files\/2014\/01\/blog-avivamento.jpg\" alt=\"cancaonova\" width=\"600\" height=\"240\" srcset=\"https:\/\/blog.cancaonova.com\/semprefiel\/files\/2014\/01\/blog-avivamento.jpg 3000w, https:\/\/blog.cancaonova.com\/semprefiel\/files\/2014\/01\/blog-avivamento-300x120.jpg 300w, https:\/\/blog.cancaonova.com\/semprefiel\/files\/2014\/01\/blog-avivamento-1024x409.jpg 1024w\" sizes=\"(max-width: 600px) 100vw, 600px\" \/><\/p>\n<p>Come\u00e7amos a nossa experi\u00eancia em Nome do Pai, do Filho e do Esp\u00edrito Santo. Am\u00e9m.<\/p>\n<p style=\"text-align: justify\">Vinde Esp\u00edrito Santo, enchei os cora\u00e7\u00f5es dos vossos fi\u00e9is, e acendei neles o fogo do Vosso amor, enviai o Vosso Esp\u00edrito e tudo ser\u00e1 criado e renovareis a face da Terra. Oremos: \u00d3h Deus que instru\u00edstes os cora\u00e7\u00f5es dos Vossos fi\u00e9is, com a luz do Esp\u00edrito Santo, fazei que apreciemos retamente todas as coisas, segundo o mesmo Esp\u00edrito e gozemos de Sua consola\u00e7\u00e3o, por Cristo Senhor nosso. Am\u00e9m.<\/p>\n<p style=\"text-align: justify\">Pedimos Senhor, que esta Palavra se torne viva e eficaz na nossa vida, e n\u00e3o volte para o Senhor, sem produzir em n\u00f3s o efeito esperado.<\/p>\n<p><strong>Palavra<\/strong>: Isa\u00edas 58, 1<\/p>\n<p style=\"text-align: justify\">\u201cGrita sem parar com toda for\u00e7a! Solta a voz como trombeta! Mostra a meu povo os seus crimes, os pecados da casa de Jac\u00f3\u201d.<\/p>\n<p style=\"text-align: justify\">Essa foi a ordem que o Senhor deu ao profeta, que ele gritasse sem parar, ou seja, que chamasse a aten\u00e7\u00e3o daquele povo que demonstrava estar interessado em busca-Lo de todo cora\u00e7\u00e3o, por\u00e9m, estavam ligados somente nos seus pr\u00f3prios interesses, e exploravam os trabalhadores, permitindo brigas, contendas, viviam na injusti\u00e7a. Dessa maneira n\u00e3o obtinham as respostas \u00e0s ora\u00e7\u00f5es que faziam a Deus, os jejuns que ofereciam eram desprezados pelo Senhor. N\u00e3o agradavam o cora\u00e7\u00e3o do Senhor Deus. O grito \u00e9 um grito de convers\u00e3o, \u00e9 um grito prof\u00e9tico para a mudan\u00e7a e convers\u00e3o desse povo, que seja como de uma trombeta, com for\u00e7a e insist\u00eancia para que chame a aten\u00e7\u00e3o para que se convertam, que mudem de vida.<\/p>\n<p style=\"text-align: justify\">Pois de nada adiante buscar a face de Deus, jejuar, e continuar na injusti\u00e7a. As injusti\u00e7as clamam aos c\u00e9us, e isso precisa ser levado em considera\u00e7\u00e3o por cada um de n\u00f3s. N\u00e3o podemos medir esfor\u00e7os por denunciar os crimes, os desvios, as injusti\u00e7as que se cometem no mundo atual, e at\u00e9 mesmo no meio de n\u00f3s. Um Crist\u00e3o inadimplente, consumista, ego\u00edsta, \u00e9 um grande esc\u00e2ndalo. Quantos de n\u00f3s carism\u00e1ticos temos sido \u201cc\u00e3os mudos\u201d, como dizem os santos padres, nas quest\u00f5es relativas ao aborto, aos ataques contra a fam\u00edlia tradicional e a agenda de morte que tem imperado no Brasil e no mundo. Me assusta carism\u00e1ticos mudos diante de tanta injusti\u00e7a, espiritualidade desencarnada, que n\u00e3o se encarna na realidade.<\/p>\n<p style=\"text-align: justify\">Precisamos ser profetas amados irm\u00e3os, \u201cmostra a meu povo os seus crimes, os pecados da casa de Jac\u00f3\u201d. Deus est\u00e1 clamando por profetas, que se comprometem com a espiritualidade, mas tamb\u00e9m, com as quest\u00f5es sociais e morais, que n\u00e3o tem medo de perder a imagem ou a gl\u00f3ria desse mundo e dos poderosos, por se comprometer com a justi\u00e7a. Pense um pouco no seu comportamento, e veja se voc\u00ea tem honrado o Senhor, em abandonar as injusti\u00e7as cometidas por si mesmo, mas tamb\u00e9m, no compromisso de ser profeta neste mundo mal. Deus te ilumine e te encoraje.<\/p>\n<p style=\"text-align: justify\"><strong>Mortifica\u00e7\u00e3o<\/strong>: Renunciar as tenta\u00e7\u00f5es do consumismo, e come\u00e7ar a aprender a viver do necess\u00e1rio. Dar esmola a quem pedir a voc\u00ea neste dia.<\/p>\n<p style=\"text-align: justify\"><strong>Ora\u00e7\u00e3o e Clamor<\/strong>: Meu Deus, ou\u00e7o o Teu chamado para minha vida. Queres que eu seja profeta da convers\u00e3o e da justi\u00e7a neste mundo que tem caminhando por caminhos tortuosos de pecado e de injusti\u00e7as. Se precisar gritar, vou gritar com voz de trombeta para chamar a aten\u00e7\u00e3o e provocar a reflex\u00e3o e convers\u00e3o daqueles que me escutaram. Me liberta, Senhor Deus, da mudez prof\u00e9tica, pois existe um lado do profetismo que tem sido abandonado por tantos crist\u00e3os, que \u00e9 a den\u00fancia. Sei que n\u00e3o \u00e9 agrad\u00e1vel denunciar, pois gera compromisso, mas como me desviar da ordem que o Senhor me d\u00e1 pela Tua Palavra hoje, de gritar, como trombeta e denunciar o crime e pecados do Teu povo.<\/p>\n<p style=\"text-align: justify\">Esp\u00edrito Santo, quero ser usado para despertar os que est\u00e3o num sono pecaminoso dentro da Igreja de Cristo, que eles entendam que se n\u00e3o abandonarem os pecados, as injusti\u00e7as e os crimes, todas as ora\u00e7\u00f5es feitas e os jejuns oferecidos ser\u00e3o em v\u00e3o. Quero renunciar toda injusti\u00e7a que muitas vezes cometo, no trato com as pessoas que comigo trabalham, ou que estou num grau de autoridade acima delas; renuncio a tudo aquilo que me leva a uma vida de consumismo, de esbanjamento, de desperd\u00edcio, de indiferen\u00e7a com o sofrimento alheio.<\/p>\n<p style=\"text-align: justify\">Quero assumir o mandamento do amor e me comprometer a n\u00e3o colaborar com as injusti\u00e7as deste mundo mal. Esp\u00edrito Santo de Deus, eis-me aqui, e preciso da Tua gra\u00e7a e un\u00e7\u00e3o prof\u00e9tica, para defender a vida desde a concep\u00e7\u00e3o at\u00e9 a morte natural; a fam\u00edlia tradicional: pai, m\u00e3e e filhos, e o casamento entre um homem e uma mulher; me retira da cegueira e do comodismo em rela\u00e7\u00e3o a esses temas. N\u00e3o posso estar alheio a nenhuma dessas realidades. D\u00e1-me a gra\u00e7a de ser cheio do Esp\u00edrito Santo, e comprometido com as realidades sociais e morais, que marca o nosso tempo atual. Quero ser Teu profeta, Senhor. Eis-me aqui! Am\u00e9m.<\/p>\n<p>(Deixe agora livremente o Esp\u00edrito Santo leva-lo a experi\u00eancia de um grande clamor e de toda a revela\u00e7\u00e3o que Ele tem para a sua vida).<\/p>\n<p><a title=\"espanhol\" href=\"http:\/\/blog.cancaonova.com\/semprefiel\/devocional-profecia-del-avivamiento-10o-dia\/\" target=\"_blank\"><strong><span style=\"color: #ff0000\">Tradu\u00e7\u00e3o em espanhol<\/span><\/strong><\/a><\/p>\n","protected":false},"excerpt":{"rendered":"<p>Come\u00e7amos a nossa experi\u00eancia em Nome do Pai, do Filho e do Esp\u00edrito Santo. Am\u00e9m. Vinde Esp\u00edrito Santo, enchei os cora\u00e7\u00f5es dos vossos fi\u00e9is, e acendei neles o fogo do Vosso amor, enviai o Vosso Esp\u00edrito e tudo ser\u00e1 criado&#8230;<\/p>\n","protected":false},"author":1031,"featured_media":4818,"comment_status":"open","ping_status":"open","sticky":false,"template":"","format":"standard","meta":{"_mi_skip_tracking":false,"_monsterinsights_sitenote_active":false,"_monsterinsights_sitenote_note":"","_monsterinsights_sitenote_category":0,"footnotes":""},"categories":[153077],"tags":[],"_links":{"self":[{"href":"https:\/\/blog.cancaonova.com\/semprefiel\/wp-json\/wp\/v2\/posts\/4791"}],"collection":[{"href":"https:\/\/blog.cancaonova.com\/semprefiel\/wp-json\/wp\/v2\/posts"}],"about":[{"href":"https:\/\/blog.cancaonova.com\/semprefiel\/wp-json\/wp\/v2\/types\/post"}],"author":[{"embeddable":true,"href":"https:\/\/blog.cancaonova.com\/semprefiel\/wp-json\/wp\/v2\/users\/1031"}],"replies":[{"embeddable":true,"href":"https:\/\/blog.cancaonova.com\/semprefiel\/wp-json\/wp\/v2\/comments?post=4791"}],"version-history":[{"count":5,"href":"https:\/\/blog.cancaonova.com\/semprefiel\/wp-json\/wp\/v2\/posts\/4791\/revisions"}],"predecessor-version":[{"id":6845,"href":"https:\/\/blog.cancaonova.com\/semprefiel\/wp-json\/wp\/v2\/posts\/4791\/revisions\/6845"}],"wp:featuredmedia":[{"embeddable":true,"href":"https:\/\/blog.cancaonova.com\/semprefiel\/wp-json\/wp\/v2\/media\/4818"}],"wp:attachment":[{"href":"https:\/\/blog.cancaonova.com\/semprefiel\/wp-json\/wp\/v2\/media?parent=4791"}],"wp:term":[{"taxonomy":"category","embeddable":true,"href":"https:\/\/blog.cancaonova.com\/semprefiel\/wp-json\/wp\/v2\/categories?post=4791"},{"taxonomy":"post_tag","embeddable":true,"href":"https:\/\/blog.cancaonova.com\/semprefiel\/wp-json\/wp\/v2\/tags?post=4791"}],"curies":[{"name":"wp","href":"https:\/\/api.w.org\/{rel}","templated":true}]}}