{"id":4799,"date":"2014-01-02T14:37:59","date_gmt":"2014-01-02T17:37:59","guid":{"rendered":"http:\/\/blog.cancaonova.com\/semprefiel\/?p=4799"},"modified":"2016-01-14T15:37:26","modified_gmt":"2016-01-14T18:37:26","slug":"devocionario-a-profecia-do-avivamento-13o-dia","status":"publish","type":"post","link":"https:\/\/blog.cancaonova.com\/semprefiel\/devocionario-a-profecia-do-avivamento-13o-dia\/","title":{"rendered":"Devocion\u00e1rio: A Profecia do Avivamento 13\u00ba dia"},"content":{"rendered":"<p style=\"text-align: justify\"><img loading=\"lazy\" decoding=\"async\" class=\"aligncenter wp-image-4818\" src=\"http:\/\/blog.cancaonova.com\/semprefiel\/files\/2014\/01\/blog-avivamento.jpg\" alt=\"cancaonova\" width=\"600\" height=\"240\" srcset=\"https:\/\/blog.cancaonova.com\/semprefiel\/files\/2014\/01\/blog-avivamento.jpg 3000w, https:\/\/blog.cancaonova.com\/semprefiel\/files\/2014\/01\/blog-avivamento-300x120.jpg 300w, https:\/\/blog.cancaonova.com\/semprefiel\/files\/2014\/01\/blog-avivamento-1024x409.jpg 1024w\" sizes=\"(max-width: 600px) 100vw, 600px\" \/><\/p>\n<p style=\"text-align: justify\">Come\u00e7amos a nossa experi\u00eancia em Nome do Pai, do Filho e do Esp\u00edrito Santo. Am\u00e9m.<\/p>\n<p style=\"text-align: justify\">Vinde Esp\u00edrito Santo, enchei os cora\u00e7\u00f5es dos vossos fi\u00e9is, e acendei neles o fogo do Vosso amor, enviai o Vosso Esp\u00edrito e tudo ser\u00e1 criado e renovareis a face da Terra. Oremos: \u00d3h Deus que instru\u00edstes os cora\u00e7\u00f5es dos Vossos fi\u00e9is, com a luz do Esp\u00edrito Santo, fazei que apreciemos retamente todas as coisas, segundo o mesmo Esp\u00edrito e gozemos de Sua consola\u00e7\u00e3o, por Cristo Senhor nosso. Am\u00e9m.<\/p>\n<p style=\"text-align: justify\">Pedimos Senhor, que esta Palavra se torne viva e eficaz na nossa vida, e n\u00e3o volte para o Senhor, sem produzir em n\u00f3s o efeito esperado.<\/p>\n<p><strong>Palavra<\/strong>: Jeremias 15, 16<\/p>\n<p style=\"text-align: justify\">\u201cBastava descobrir Tuas palavras e eu j\u00e1 devorava, Tuas palavras para mim s\u00e3o prazer e alegria do cora\u00e7\u00e3o, pois a Ti sou consagrado, Senhor, Deus dos ex\u00e9rcitos\u201d.<\/p>\n<p style=\"text-align: justify\">O profeta Jeremias sempre passou por momentos dif\u00edceis, devido a dire\u00e7\u00e3o prof\u00e9tica que Deus indicava a ele, pois denunciava a todo instante os pecados do povo e da lideran\u00e7a. Isso produzia muita amea\u00e7a sobre a vida dele, rejei\u00e7\u00e3o, indiferen\u00e7a e persegui\u00e7\u00e3o. Quando Deus o chamou fez uma linda promessa: \u201cFar\u00e3o guerra contra ti, mas n\u00e3o te vencer\u00e3o, porque estou contigo para te defender\u201d. (Jr 1, 19). Ele foi obediente a Deus, mas experimentou os sofrimentos pr\u00f3prios do caminho prof\u00e9tico que seguiu em nome do Senhor Deus.<\/p>\n<p style=\"text-align: justify\">E esse trecho do cap\u00edtulo quinze, traz a n\u00f3s um lindo testemunho de Jeremias, pois em meio a tanta persegui\u00e7\u00e3o, amea\u00e7as e dificuldades, a Palavra de Deus devolviam a ele o prazer e a alegria. N\u00f3s precisamos nos abrir a essa experi\u00eancia, encontrar nossas del\u00edcias e prazer, na Palavra de Deus. Fonte de liberta\u00e7\u00e3o da tristeza, do des\u00e2nimo, das dificuldades, e de fortalecimento, Se voc\u00ea tem se sentido fraco na sua caminhada, na sua vivencia do Cristianismo, \u00e9 porque est\u00e1 com anemia espiritual, sem essa grande e poderosa vitamina que \u00e9 a Palavra de Deus.<\/p>\n<p style=\"text-align: justify\">Quantos testemunhos eu tenho de fortalecimento que a Palavra me trouxe em momentos dif\u00edceis, e aprendi com o Mons.Jonas Abib a amar a Palavra e a t\u00ea-la como alimento di\u00e1rio. In\u00fameros testemunhos de pessoas viciadas em drogas e \u00e1lcool que se libertaram daquele v\u00edcio pela leitura da Sagrada Escritura. Existem pecados que incomodam a sua vida e seus pensamentos? Comece a ler com frequ\u00eancia a Palavra de Deus, e ver\u00e1 a grande obra de cura e liberta\u00e7\u00e3o que acontecer\u00e1. S\u00e3o Paulo na carta ao Ef\u00e9sios quando fala do combate espiritual do Crist\u00e3o, ele diz que a Palavra \u00e9 a \u201cespada do Esp\u00edrito\u201d, ela \u00e9 uma arma de ataque e conseguimos assim vencer o diabo que ronda, tentando desviar-nos do caminho do Senhor, do c\u00e9u.<\/p>\n<p style=\"text-align: justify\">Na carta aos Hebreus, vemos \u201cpois a Palavra de Deus \u00e9 viva, eficaz e mais penetrante que qualquer espada de dois gumes. Penetra at\u00e9 dividir alma e esp\u00edrito, articula\u00e7\u00f5es e medulas. Julga os pensamentos e as inten\u00e7\u00f5es do cora\u00e7\u00e3o\u201d. (Hb 4,12). Jeremias vai testemunhar que o contato com a Palavra fazia com que ele nunca se esquecesse que era consagrado ao Senhor. Isso indica-nos algo precioso, a Palavra n\u00e3o nos deixa esquecer que somos Crist\u00e3os batizados, chamados a viver a radicalidade e ter uma vida prof\u00e9tica. Que assim seja na minha e na sua vida. Aleluia!<\/p>\n<p style=\"text-align: justify\"><strong>Mortifica\u00e7\u00e3o<\/strong>: Retomar o estudo b\u00edblico, n\u00e3o somente hoje, mais que a partir de hoje seja di\u00e1rio. N\u00e3o durma sem ler a B\u00edblia!<\/p>\n<p style=\"text-align: justify\"><strong>Ora\u00e7\u00e3o e Clamor<\/strong>: Senhor, hoje venho sinceramente te pedir algo muito importante para a minha caminhada e a minha perseveran\u00e7a no caminho da vida eterna: amor \u00e0 Tua Palavra! Pe\u00e7o ao Teu Esp\u00edrito Santo, que me redesperte para esta grande necessidade, \u00e9 quest\u00e3o de vida ou morte. N\u00e3o ler a Palavra todos os dias \u00e9 contribuir para que a minha imunidade espiritual abaixe e eu fique vulner\u00e1vel \u00e0s contamina\u00e7\u00f5es deste mundo, ao que \u00e9 velho, aos v\u00edcios que todos os dias batem \u00e0 porta do meu cora\u00e7\u00e3o. A falta da Palavra gera uma esp\u00e9cie de anemia espiritual, que coloca-a em risco, por isso quero ser homem da Palavra, t\u00ea-la na mente e no cora\u00e7\u00e3o, coloca-la em pr\u00e1tica.<\/p>\n<p style=\"text-align: justify\">Ajuda-me, Esp\u00edrito Santo, a ser fiel at\u00e9 o fim; que se torne uma pr\u00e1tica di\u00e1ria, que nos dias que estiver sem inspira\u00e7\u00e3o, sem vontade, o Senhor me desperte, inspire e gere em mim fome e sede pela Santa Palavra. Eu preciso ter a mente de Cristo, os pensamentos de Cristo, as a\u00e7\u00f5es de Cristo, as rea\u00e7\u00f5es de Cristo, n\u00e3o para aparecer, Esp\u00edrito Santo, mas para iluminar o mundo que jaz nas trevas do pecado, e somente modelado pela Palavra conseguirei viver essa experi\u00eancia. A Palavra do Senhor n\u00e3o permitir\u00e1 que eu tenha amn\u00e9sia espiritual, esquecendo que realmente eu sou: filho amado de Deus, consagrado pelo batismo, profeta do avivamento.<\/p>\n<p style=\"text-align: justify\">Quero sentir alegria e prazer no cora\u00e7\u00e3o pela Santa Palavra de Deus. Vem Esp\u00edrito Santo, vem sobre mim, sobre a minha mente, sobre o meu cora\u00e7\u00e3o, sobre a minha vontade, e redesperta-me para a busca incans\u00e1vel e incessante pela Palavra. Am\u00e9m.<\/p>\n<p>(Deixe agora livremente o Esp\u00edrito Santo leva-lo a experi\u00eancia de um grande clamor e de toda a revela\u00e7\u00e3o que Ele tem para a sua vida).<\/p>\n<p>&nbsp;<\/p>\n<p><a title=\"espanhol\" href=\"http:\/\/blog.cancaonova.com\/semprefiel\/devocional-profecia-del-avivamiento-13o-dia\/\" target=\"_blank\"><strong><span style=\"color: #ff0000\">Tradu\u00e7\u00e3o em espanhol<\/span><\/strong><\/a><\/p>\n","protected":false},"excerpt":{"rendered":"<p>Come\u00e7amos a nossa experi\u00eancia em Nome do Pai, do Filho e do Esp\u00edrito Santo. Am\u00e9m. Vinde Esp\u00edrito Santo, enchei os cora\u00e7\u00f5es dos vossos fi\u00e9is, e acendei neles o fogo do Vosso amor, enviai o Vosso Esp\u00edrito e tudo ser\u00e1 criado&#8230;<\/p>\n","protected":false},"author":1031,"featured_media":4818,"comment_status":"open","ping_status":"open","sticky":false,"template":"","format":"standard","meta":{"_mi_skip_tracking":false,"_monsterinsights_sitenote_active":false,"_monsterinsights_sitenote_note":"","_monsterinsights_sitenote_category":0,"footnotes":""},"categories":[153077],"tags":[],"_links":{"self":[{"href":"https:\/\/blog.cancaonova.com\/semprefiel\/wp-json\/wp\/v2\/posts\/4799"}],"collection":[{"href":"https:\/\/blog.cancaonova.com\/semprefiel\/wp-json\/wp\/v2\/posts"}],"about":[{"href":"https:\/\/blog.cancaonova.com\/semprefiel\/wp-json\/wp\/v2\/types\/post"}],"author":[{"embeddable":true,"href":"https:\/\/blog.cancaonova.com\/semprefiel\/wp-json\/wp\/v2\/users\/1031"}],"replies":[{"embeddable":true,"href":"https:\/\/blog.cancaonova.com\/semprefiel\/wp-json\/wp\/v2\/comments?post=4799"}],"version-history":[{"count":5,"href":"https:\/\/blog.cancaonova.com\/semprefiel\/wp-json\/wp\/v2\/posts\/4799\/revisions"}],"predecessor-version":[{"id":6850,"href":"https:\/\/blog.cancaonova.com\/semprefiel\/wp-json\/wp\/v2\/posts\/4799\/revisions\/6850"}],"wp:featuredmedia":[{"embeddable":true,"href":"https:\/\/blog.cancaonova.com\/semprefiel\/wp-json\/wp\/v2\/media\/4818"}],"wp:attachment":[{"href":"https:\/\/blog.cancaonova.com\/semprefiel\/wp-json\/wp\/v2\/media?parent=4799"}],"wp:term":[{"taxonomy":"category","embeddable":true,"href":"https:\/\/blog.cancaonova.com\/semprefiel\/wp-json\/wp\/v2\/categories?post=4799"},{"taxonomy":"post_tag","embeddable":true,"href":"https:\/\/blog.cancaonova.com\/semprefiel\/wp-json\/wp\/v2\/tags?post=4799"}],"curies":[{"name":"wp","href":"https:\/\/api.w.org\/{rel}","templated":true}]}}