{"id":6488,"date":"2015-06-01T08:30:32","date_gmt":"2015-06-01T11:30:32","guid":{"rendered":"http:\/\/blog.cancaonova.com\/semprefiel\/?p=6488"},"modified":"2015-08-25T15:08:02","modified_gmt":"2015-08-25T18:08:02","slug":"servir-e-como-dividir-um-biscoito","status":"publish","type":"post","link":"https:\/\/blog.cancaonova.com\/semprefiel\/servir-e-como-dividir-um-biscoito\/","title":{"rendered":"Servir \u00e9 como dividir um biscoito"},"content":{"rendered":"<div id=\"attachment_6504\" style=\"width: 140px\" class=\"wp-caption alignleft\"><img loading=\"lazy\" decoding=\"async\" aria-describedby=\"caption-attachment-6504\" class=\"wp-image-6504 \" src=\"http:\/\/blog.cancaonova.com\/semprefiel\/files\/2015\/05\/erika1-150x150.jpg\" alt=\"jovenssarados\" width=\"130\" height=\"130\" srcset=\"https:\/\/blog.cancaonova.com\/semprefiel\/files\/2015\/05\/erika1-150x150.jpg 150w, https:\/\/blog.cancaonova.com\/semprefiel\/files\/2015\/05\/erika1-300x300.jpg 300w, https:\/\/blog.cancaonova.com\/semprefiel\/files\/2015\/05\/erika1.jpg 480w\" sizes=\"(max-width: 130px) 100vw, 130px\" \/><p id=\"caption-attachment-6504\" class=\"wp-caption-text\"><span style=\"color: #ff0000\"><a style=\"color: #ff0000\" href=\"https:\/\/www.facebook.com\/erika.silva.50364592\" target=\"_blank\">Erika Silva &#8211; JS Tatuap\u00e9<\/a><\/span><\/p><\/div>\n<p>Sou Erika, estou no Jovens Sarados a pouco mais de dois meses e s\u00f3 posso dizer que este retiro foi sobrenatural para mim!<br \/>\nConheci os Jovens Sarados atrav\u00e9s de um amigo na <a href=\"http:\/\/blog.cancaonova.com\/saopaulo\/category\/vigilia-clamando-por-milagres\/\" target=\"_blank\">vig\u00edlia da Can\u00e7\u00e3o Nova de SP<\/a> e desde que conheci tenho participado ativamente de tudo. Pois isso tem me feito muito bem.<br \/>\nBusco com fidelidade tudo o que \u00e9 proposto pelos Sarados e vejo muitos efeitos positivos na minha vida a cada passo que tenho buscado dar.<br \/>\nDeus permitiu que eu participasse de cada detalhe deste retiro.<br \/>\nEle falou comigo de forma concreta atrav\u00e9s dos fatos.<br \/>\nA presen\u00e7a do Senhor foi constante e eu pude sentir e escutar ele muitas vezes falar comigo.<br \/>\nForam muitas as vezes, mas quero destacar aquela que foi um tapa na minha cara, um choque de realidade que eu precisava levar.<br \/>\nNa prega\u00e7\u00e3o do <a href=\"https:\/\/www.facebook.com\/axfiel\" target=\"_blank\">Alex<\/a> ele pediu um volunt\u00e1rio e no meio de quase 50 pessoas ningu\u00e9m levantou e eu impulsionada pelo Esp\u00edrito Santo levantei.<br \/>\nEle me pediu para segurar uma bandeja com biscoito , mas era apenas um biscoito.<br \/>\nE me disse mediante a prega\u00e7\u00e3o: Erika, agora voc\u00ea vai pegar este biscoito e dar um peda\u00e7o para cada um que tem aqui.<br \/>\nEu logo pensei:<br \/>\nMeu Deus, como farei isso?<br \/>\nE comecei a chorar pois era muita gente e um biscoito apenas&#8230;<\/p>\n<p><img loading=\"lazy\" decoding=\"async\" class=\"aligncenter wp-image-6502 \" src=\"http:\/\/blog.cancaonova.com\/semprefiel\/files\/2015\/05\/retiro-e1432929270269.jpg\" alt=\"jovenssarados\" width=\"600\" height=\"312\" srcset=\"https:\/\/blog.cancaonova.com\/semprefiel\/files\/2015\/05\/retiro-e1432929270269.jpg 1168w, https:\/\/blog.cancaonova.com\/semprefiel\/files\/2015\/05\/retiro-e1432929270269-300x156.jpg 300w\" sizes=\"(max-width: 600px) 100vw, 600px\" \/><\/p>\n<p>Naquele momento antes de servir o biscoito, o <a href=\"https:\/\/twitter.com\/ax_cn\" target=\"_blank\"><span style=\"color: #ff0000\">Alex<\/span><\/a> falava v\u00e1rias coisas, e um filme come\u00e7ou a passar na minha cabe\u00e7a. Um filme de toda a minha inf\u00e2ncia, adolesc\u00eancia, at\u00e9 agora j\u00e1 adulta.<br \/>\nOlhei pra dentro de mim e pensei, as vezes eu brigo por um pacote de bolacha, e agora tenho que dividir um \u00fanico biscoito para essa multid\u00e3o.<br \/>\nMaria nossa m\u00e3e apareceu ali nos meus maus pensamentos e eu comecei a rezar, e assim rezei do primeiro que foi o Airton at\u00e9 o \u00faltimo a pegar um peda\u00e7o do biscoito que foi o Welder&#8230;<br \/>\nMas ainda tinha eu e o Alex e acreditem, sobrou!<br \/>\nNossa tremendo, um \u00fanico biscoito foi dividido para quase 50 pessoas.<br \/>\nTive ali a chance de perceber o quanto j\u00e1 fui ego\u00edsta e somos.<br \/>\nChorei a cada pessoa que mordia aquela bolacha e rezava sem parar, por que dentro de mim, na minha pequenez , ainda tinha um pensamento negativo, e eu dizia:<br \/>\nM\u00e3e, n\u00e3o deixa que algu\u00e9m morda aquilo que n\u00e3o for necess\u00e1rio ..rs<br \/>\nEnfim &#8230;.<br \/>\nEntendi que com pouco se vive muito e a partilha e o servir \u00e9 tudo na vida do ser humano!<br \/>\nO que ofere\u00e7o pode ser pouco, mas \u00e9 capaz de alimentar uma multid\u00e3o.<br \/>\nCom amor no cora\u00e7\u00e3o tudo prospera! !<br \/>\nE ainda guardei no meu cora\u00e7\u00e3o<\/p>\n<p>&#8220;O filho do homem veio, n\u00e3o para ser servido, mas para servir e dar a sua vida em resgate por uma multid\u00e3o&#8221; ( <span style=\"color: #ff0000\"><a style=\"color: #ff0000\" href=\"http:\/\/www.bibliacatolica.com.br\/biblia-ave-maria\/sao-mateus\/20\/#.VWiF40Y8oSs\">Mateus 20, 28<\/a><\/span>)<\/p>\n<p>Deus conta comigo e com o meu pouco para salvar uma multid\u00e3o.<\/p>\n<p>&nbsp;<\/p>\n<p><strong>Veja tamb\u00e9m:<\/strong><\/p>\n<p><strong><span style=\"color: #ff0000\"><a style=\"color: #ff0000\" title=\"JSTatuape\" href=\"http:\/\/blog.cancaonova.com\/semprefiel\/jovens-sarados-tatuape\" target=\"_blank\">Jovens Sarados Tatuap\u00e9<\/a><\/span><\/strong><\/p>\n<p><strong><span style=\"color: #ff0000\"><a style=\"color: #ff0000\" title=\"estrela\" href=\"http:\/\/blog.cancaonova.com\/semprefiel\/voce-nasceu-para-ser-estrela\/\" target=\"_blank\">Voc\u00ea nasceu para ser estrela<\/a><\/span><\/strong><\/p>\n<p><strong><span style=\"color: #ff0000\"><a style=\"color: #ff0000\" title=\"pai\" href=\"http:\/\/blog.cancaonova.com\/semprefiel\/maranatha-reencontro-com-meu-pai\/\" target=\"_blank\">Maranath\u00e1 reencontro com meu pai<\/a><\/span><\/strong><\/p>\n<p><a class=\"twitter-follow-button\" href=\"https:\/\/twitter.com\/ax_cn\" target=\"_blank\">Follow @ax_cn<\/a><\/p>\n<p>Alex Silva \u2013 Comunidade Can\u00e7\u00e3o Nova<\/p>\n<p>&nbsp;<\/p>\n","protected":false},"excerpt":{"rendered":"<p>Sou Erika, estou no Jovens Sarados a pouco mais de dois meses e s\u00f3 posso dizer que este retiro foi sobrenatural para mim! Conheci os Jovens Sarados atrav\u00e9s de um amigo na vig\u00edlia da Can\u00e7\u00e3o Nova de SP e desde&#8230;<\/p>\n","protected":false},"author":1031,"featured_media":6504,"comment_status":"open","ping_status":"open","sticky":false,"template":"","format":"standard","meta":{"_mi_skip_tracking":false,"_monsterinsights_sitenote_active":false,"_monsterinsights_sitenote_note":"","_monsterinsights_sitenote_category":0,"footnotes":""},"categories":[153186],"tags":[],"_links":{"self":[{"href":"https:\/\/blog.cancaonova.com\/semprefiel\/wp-json\/wp\/v2\/posts\/6488"}],"collection":[{"href":"https:\/\/blog.cancaonova.com\/semprefiel\/wp-json\/wp\/v2\/posts"}],"about":[{"href":"https:\/\/blog.cancaonova.com\/semprefiel\/wp-json\/wp\/v2\/types\/post"}],"author":[{"embeddable":true,"href":"https:\/\/blog.cancaonova.com\/semprefiel\/wp-json\/wp\/v2\/users\/1031"}],"replies":[{"embeddable":true,"href":"https:\/\/blog.cancaonova.com\/semprefiel\/wp-json\/wp\/v2\/comments?post=6488"}],"version-history":[{"count":13,"href":"https:\/\/blog.cancaonova.com\/semprefiel\/wp-json\/wp\/v2\/posts\/6488\/revisions"}],"predecessor-version":[{"id":6651,"href":"https:\/\/blog.cancaonova.com\/semprefiel\/wp-json\/wp\/v2\/posts\/6488\/revisions\/6651"}],"wp:featuredmedia":[{"embeddable":true,"href":"https:\/\/blog.cancaonova.com\/semprefiel\/wp-json\/wp\/v2\/media\/6504"}],"wp:attachment":[{"href":"https:\/\/blog.cancaonova.com\/semprefiel\/wp-json\/wp\/v2\/media?parent=6488"}],"wp:term":[{"taxonomy":"category","embeddable":true,"href":"https:\/\/blog.cancaonova.com\/semprefiel\/wp-json\/wp\/v2\/categories?post=6488"},{"taxonomy":"post_tag","embeddable":true,"href":"https:\/\/blog.cancaonova.com\/semprefiel\/wp-json\/wp\/v2\/tags?post=6488"}],"curies":[{"name":"wp","href":"https:\/\/api.w.org\/{rel}","templated":true}]}}