{"id":7673,"date":"2017-11-11T15:09:34","date_gmt":"2017-11-11T17:09:34","guid":{"rendered":"http:\/\/blog.cancaonova.com\/semprefiel\/?p=7673"},"modified":"2017-11-16T17:07:51","modified_gmt":"2017-11-16T19:07:51","slug":"campanha-de-oracao-um-terco-por-dia","status":"publish","type":"post","link":"https:\/\/blog.cancaonova.com\/semprefiel\/campanha-de-oracao-um-terco-por-dia\/","title":{"rendered":"Campanha de Ora\u00e7\u00e3o - Um ter\u00e7o por dia."},"content":{"rendered":"<p style=\"text-align: center;\"><strong>Iniciamos hoje a &#8220;Campanha de Ora\u00e7\u00e3o&#8221; por nossa Na\u00e7\u00e3o junto com Nossa Senhora<\/strong><\/p>\n<p>Como crist\u00e3os cat\u00f3licos trazemos conosco as devo\u00e7\u00f5es marianas que s\u00e3o meios eficazes em nossa vida de ora\u00e7\u00e3o cotidiana.&nbsp;<\/p>\n<p><img loading=\"lazy\" decoding=\"async\" class=\"aligncenter wp-image-7677\" src=\"http:\/\/blog.cancaonova.com\/semprefiel\/files\/2017\/11\/mover-terco.png\" alt=\"\" height=\"333\" width=\"600\" srcset=\"https:\/\/blog.cancaonova.com\/semprefiel\/files\/2017\/11\/mover-terco.png 810w, https:\/\/blog.cancaonova.com\/semprefiel\/files\/2017\/11\/mover-terco-540x300.png 540w, https:\/\/blog.cancaonova.com\/semprefiel\/files\/2017\/11\/mover-terco-768x427.png 768w\" sizes=\"(max-width: 600px) 100vw, 600px\" \/><\/p>\n<p>A nossa na\u00e7\u00e3o esta sucumbindo politicamente, economicamente e precisamos nos colocar na brecha fazendo uso dessa arma simples que todos n\u00f3s trazemos conosco, &#8220;O TER\u00c7O&#8221;.<\/p>\n<p>Diante do atual momento da nossa hist\u00f3ria, apresento alguns fatos pertinentes no qual o exerc\u00edcio da devo\u00e7\u00e3o \u00e0 ora\u00e7\u00e3o do Santo Ter\u00e7o nos ajudar\u00e1 a compreender o caminho que estaremos trilhando nesse tempo:<\/p>\n<p>&nbsp;<\/p>\n<p>Em um dos seus atendimentos de exorcismo Pe. Gabriele Amorth relatou a confiss\u00e3o do dem\u00f4nio com rela\u00e7\u00e3o a ora\u00e7\u00e3o do Ter\u00e7o, disse o dem\u00f4nio, &#8220;cada Ave Maria \u00e9 como um GOLPE na minha cabe\u00e7a, se os crist\u00e3os soubessem qu\u00e3o poderoso \u00e9 o ter\u00e7o, seria meu fim&#8221;!&nbsp;<br \/>\nO Papa Pio IX disse: &#8220;Se eu tivesse um exercito para rezar o Ter\u00e7o, eu poderia CONQUISTAR o mundo&#8221;!<br \/>\nO Papa Le\u00e3o XIII disse: &#8220;O Ros\u00e1rio \u00e9 uma forte arma espiritual contra o mal&#8221;!<br \/>\nNa batalha de Lepanto (1571), quando os Turco Otamanos iriam tomar a Europa, o Papa Pio V fez uma convoca\u00e7\u00e3o pois o ex\u00e9rcito vaticano era pequeno em vista do INIMIGO, mais o Papa convocou os Cat\u00f3licos a REZAR o TER\u00c7O, e aquele pequeno ex\u00e9rcito da Igreja VENCEU, a VIT\u00d3RIA aconteceu no dia 7 de Outubro o qual ficou conhecido como o dia de Nossa Senhora das Vit\u00f3rias.<br \/>\nExiste um relato que no dia 06\/08\/1945, quando os EUA lan\u00e7ou a bomba em Hiroshima, e todos os pr\u00e9dios foram derrubados matando muitos com o impacto e outros pela consequ\u00eancia da radia\u00e7\u00e3o, um pr\u00e9dio Cat\u00f3lico dos jesu\u00edtas, dedicado a Nossa Senhora da Assun\u00e7\u00e3o, resistiu ao impacto e pelo menos 4 Jesu\u00edtas SOBREVIVERAM. Eles mesmo relatam &#8220;N\u00f3s acreditamos que sobrevivemos porque est\u00e1vamos vivendo a Mensagem de F\u00e1tima. N\u00f3s viv\u00edamos e rez\u00e1vamos o ROS\u00c1RIO todos os dias naquela casa&#8221;. Cientistas os pesquisaram por mais de 30 anos porque n\u00e3o foram contaminados e nem adoeceram com a explos\u00e3o da bomba at\u00f4nica.<br \/>\nIsso para entendermos o PODER DA ORA\u00c7\u00c3O.<\/p>\n<p>&nbsp;<\/p>\n<div class='embeds-video'><iframe frameborder='0' width=\"560\" height=\"315\" src='https:\/\/apps.cancaonova.com\/embeds\/Embeds\/get?id=5320&output=iframe&post_link=aHR0cHM6Ly9ibG9nLmNhbmNhb25vdmEuY29tL3NlbXByZWZpZWwvY2FtcGFuaGEtZGUtb3JhY2FvLXVtLXRlcmNvLXBvci1kaWEv&player_id=38567052' style='overflow:hidden;' class='iframe_embed' allowfullscreen><\/iframe><\/div>\n<p>&nbsp;<\/p>\n<p>Estamos enfrentando um tempo bem dif\u00edcil, por isso, a partir de HOJE, vamos rezar um TER\u00c7O por dia pela na\u00e7\u00e3o Brasileira. Vamos a partir de hoje rezar o ter\u00e7o e o Brasil vai mudar pelo PODER DA INTERCESS\u00c3O.&nbsp;<br \/>\nPrecisamos nos posicionar, reze em casa, com a fam\u00edlia, sozinho no trajeto di\u00e1rio, oferecendo todos os dias a ora\u00e7\u00e3o do Ter\u00e7o pela TRANSFORMA\u00c7\u00c3O pol\u00edtica, econ\u00f4mica e espiritual do nosso Brasil. Uma ora\u00e7\u00e3o interrupta nos trar\u00e1 a VIT\u00d3RIA que precisamos pela intercess\u00e3o de Nossa Senhora.<\/p>\n<p>&nbsp;<\/p>\n<p><img loading=\"lazy\" decoding=\"async\" class=\"aligncenter wp-image-7678\" src=\"http:\/\/blog.cancaonova.com\/semprefiel\/files\/2017\/11\/mover-terco1.png\" alt=\"\" height=\"333\" width=\"600\" srcset=\"https:\/\/blog.cancaonova.com\/semprefiel\/files\/2017\/11\/mover-terco1.png 810w, https:\/\/blog.cancaonova.com\/semprefiel\/files\/2017\/11\/mover-terco1-540x300.png 540w, https:\/\/blog.cancaonova.com\/semprefiel\/files\/2017\/11\/mover-terco1-768x427.png 768w\" sizes=\"(max-width: 600px) 100vw, 600px\" \/><\/p>\n<p>&nbsp;<\/p>\n<p>Em 2016 no Encontro da Profecia do Avivamento Deus nos deu a inspira\u00e7\u00e3o de come\u00e7armos um mover que chamamos de &#8220;TORRES DE ORA\u00c7\u00c3O&#8221;, pessoas que se unem em ora\u00e7\u00e3o pela na\u00e7\u00e3o, homens e mulheres que est\u00e3o orando pela cidade, estado e a Na\u00e7\u00e3o. Voc\u00ea quer participar? Se una a n\u00f3s pois veremos nossa na\u00e7\u00e3o TRANSFORMADA.<\/p>\n<p>&nbsp;<\/p>\n<p>&nbsp;<\/p>\n<p><strong>Veja tamb\u00e9m:<\/strong><\/p>\n<p><a href=\"https:\/\/formacao.cancaonova.com\/espiritualidade\/oracao\/saiba-como-rezar-o-terco\/\"><span style=\"color: #000000;\">Saiba como rezar o ter\u00e7o<\/span><\/a><\/p>\n<p><a href=\"https:\/\/especiais.cancaonova.com\/especial-mariano\/devocao-mariana\/artigos\/oracao-santo-rosario-nos-aproxima-da-virgem-maria\/\"><span style=\"color: #000000;\">A ora\u00e7\u00e3o do Santo Ros\u00e1rio nos aproxima da Virgem Maria<\/span><\/a><\/p>\n<p><a href=\"https:\/\/formacao.cancaonova.com\/nossa-senhora\/devocao-nossa-senhora\/a-importancia-da-oracao-do-rosario-em-familia\/\"><span style=\"color: #000000;\">A import\u00e2ncia da ora\u00e7\u00e3o do Ros\u00e1rio em fam\u00edlia<\/span><\/a><\/p>\n<p><a href=\"https:\/\/formacao.cancaonova.com\/nossa-senhora\/devocao-nossa-senhora\/as-promessas-de-nossa-senhora-do-rosario\/\"><span style=\"color: #000000;\">As promessas de Nossa Senhora a quem reza o ros\u00e1rio<\/span><\/a><\/p>\n<p>&nbsp;<\/p>\n","protected":false},"excerpt":{"rendered":"<p>Iniciamos hoje a &#8220;Campanha de Ora\u00e7\u00e3o&#8221; por nossa Na\u00e7\u00e3o junto com Nossa Senhora Como crist\u00e3os cat\u00f3licos trazemos conosco as devo\u00e7\u00f5es marianas que s\u00e3o meios eficazes em nossa vida de ora\u00e7\u00e3o cotidiana.&nbsp; A nossa na\u00e7\u00e3o esta sucumbindo politicamente, economicamente e precisamos&#8230;<\/p>\n","protected":false},"author":1031,"featured_media":7677,"comment_status":"open","ping_status":"open","sticky":false,"template":"","format":"standard","meta":{"_mi_skip_tracking":false,"_monsterinsights_sitenote_active":false,"_monsterinsights_sitenote_note":"","_monsterinsights_sitenote_category":0,"footnotes":""},"categories":[1981],"tags":[],"_links":{"self":[{"href":"https:\/\/blog.cancaonova.com\/semprefiel\/wp-json\/wp\/v2\/posts\/7673"}],"collection":[{"href":"https:\/\/blog.cancaonova.com\/semprefiel\/wp-json\/wp\/v2\/posts"}],"about":[{"href":"https:\/\/blog.cancaonova.com\/semprefiel\/wp-json\/wp\/v2\/types\/post"}],"author":[{"embeddable":true,"href":"https:\/\/blog.cancaonova.com\/semprefiel\/wp-json\/wp\/v2\/users\/1031"}],"replies":[{"embeddable":true,"href":"https:\/\/blog.cancaonova.com\/semprefiel\/wp-json\/wp\/v2\/comments?post=7673"}],"version-history":[{"count":9,"href":"https:\/\/blog.cancaonova.com\/semprefiel\/wp-json\/wp\/v2\/posts\/7673\/revisions"}],"predecessor-version":[{"id":7688,"href":"https:\/\/blog.cancaonova.com\/semprefiel\/wp-json\/wp\/v2\/posts\/7673\/revisions\/7688"}],"wp:featuredmedia":[{"embeddable":true,"href":"https:\/\/blog.cancaonova.com\/semprefiel\/wp-json\/wp\/v2\/media\/7677"}],"wp:attachment":[{"href":"https:\/\/blog.cancaonova.com\/semprefiel\/wp-json\/wp\/v2\/media?parent=7673"}],"wp:term":[{"taxonomy":"category","embeddable":true,"href":"https:\/\/blog.cancaonova.com\/semprefiel\/wp-json\/wp\/v2\/categories?post=7673"},{"taxonomy":"post_tag","embeddable":true,"href":"https:\/\/blog.cancaonova.com\/semprefiel\/wp-json\/wp\/v2\/tags?post=7673"}],"curies":[{"name":"wp","href":"https:\/\/api.w.org\/{rel}","templated":true}]}}