{"id":8575,"date":"2023-08-11T10:07:02","date_gmt":"2023-08-11T13:07:02","guid":{"rendered":"http:\/\/blog.cancaonova.com\/semprefiel\/?p=8575"},"modified":"2023-08-11T10:06:21","modified_gmt":"2023-08-11T13:06:21","slug":"nao-busque-avivamento-busque-presenca-de-deus","status":"publish","type":"post","link":"https:\/\/blog.cancaonova.com\/semprefiel\/nao-busque-avivamento-busque-presenca-de-deus\/","title":{"rendered":"N\u00e3o busque AVIVAMENTO, busque a presen\u00e7a de DEUS."},"content":{"rendered":"<p style=\"text-align: center\"><strong>N\u00e3o busque avivamento, busque a presen\u00e7a de Deus.<\/strong><\/p>\n<p>Talvez muitos rolem a tela e nem leiam nenhum dos pr\u00f3ximos par\u00e1grafos, mas estou escrevendo aqui porqu\u00ea acredito que Deus n\u00e3o te trata como \u201cmuitos\u201d, mas como \u00fanico. Ele quer falar com voc\u00ea por meio dessas simples palavras nas pr\u00f3ximas linhas.<br \/>\nTalvez seja engra\u00e7ado isso vir de algu\u00e9m como eu, que vive falando de avivamento, que incentiva pessoas a clamarem por AVIVAMENTO, mas receio que Deus fale conosco assim como a Isaias: <a href=\"https:\/\/www.bibliacatolica.com.br\/biblia-ave-maria\/isaias\/6\/\" target=\"_blank\" rel=\"noopener\">&#8220;a quem enviarei?&#8221;<\/a>. Acredito que n\u00e3o podemos nos calar.<\/p>\n<p style=\"text-align: center\">A verdade \u00e9 que de fato, acreditando ou n\u00e3o, todos n\u00f3s precisamos de avivamento.<\/p>\n<p><img loading=\"lazy\" decoding=\"async\" class=\"alignleft wp-image-8583\" title=\"Nao busque Avivamento, busque a presen\u00e7a de Deus\" src=\"http:\/\/blog.cancaonova.com\/semprefiel\/files\/2023\/08\/VINDE-FOGO-bg-e1691755379116.jpg\" alt=\"N\u00e3o busque Avivamento, busque a presen\u00e7a de Deus\" width=\"300\" height=\"405\" srcset=\"https:\/\/blog.cancaonova.com\/semprefiel\/files\/2023\/08\/VINDE-FOGO-bg-e1691755379116.jpg 934w, https:\/\/blog.cancaonova.com\/semprefiel\/files\/2023\/08\/VINDE-FOGO-bg-e1691755379116-222x300.jpg 222w, https:\/\/blog.cancaonova.com\/semprefiel\/files\/2023\/08\/VINDE-FOGO-bg-e1691755379116-768x1038.jpg 768w\" sizes=\"(max-width: 300px) 100vw, 300px\" \/><\/p>\n<p>Muitos opinam, muitos julgam, muitos falam, muitos interessam-se, muitos, muitos, muitos&#8230; poucos s\u00e3o os que conhecem de fato, poucos s\u00e3o os que com abertura de cora\u00e7\u00e3o experimentaram esse sopro do Espirito.<\/p>\n<p>Por n\u00e3o entender que avivamento n\u00e3o \u00e9 uma moda, n\u00e3o \u00e9 um estilo, n\u00e3o s\u00e3o os pulos e nem gritos, uns se fecham e outros se perdem.<\/p>\n<p>Somos t\u00e3o limitados que tendemos a viver de extremos. E se estou escrevendo esse texto \u00e9 porque acredito que n\u00e3o h\u00e1 mais tempo para isso. N\u00e3o h\u00e1 mais tempo para divis\u00f5es, n\u00e3o h\u00e1 mais tempo para viver algo confort\u00e1vel, ali\u00e1s, o Evangelho nunca foi confort\u00e1vel. At\u00e9 para entregar o fardo a Jesus \u00e9 preciso sair do nosso lugar e ir at\u00e9 Ele.<br \/>\nN\u00e3o \u00e9 tempo do: onde e o que me sinto bem. \u00c9 tempo do onde e o que Deus quer!<\/p>\n<blockquote>\n<p style=\"text-align: center\">Todos n\u00f3s precisamos de avivamento.<\/p>\n<\/blockquote>\n<p>Primeiro come\u00e7a dentro de cada um de n\u00f3s, nos rendemos ao Senhor, arrependemo-nos, confessamos os nossos pecados, nos aproximamos e buscamos a Ele. Primeiro Ele. <strong>Ele \u00e9 Deus do avivamento<\/strong>.<\/p>\n<p>A quest\u00e3o \u00e9 que temos desejado que Deus fa\u00e7a, d\u00ea e providencie tudo e temos esquecido de desejar a presen\u00e7a de Deus. E ent\u00e3o, enquanto queremos o que Ele pode fazer, deparamo-nos com um Deus que apenas nos quer.<br \/>\nQuando encontramos verdadeiramente com Ele \u00e9 gerado em n\u00f3s dois desejos instant\u00e2neos: ficar ainda mais perto Dele e levar a outros a O encontrarem tamb\u00e9m.<\/p>\n<p>Realmente, n\u00e3o busque avivamento se esse desejo n\u00e3o for gerado na intimidade com Deus. Mas \u00e9 muito dif\u00edcil algu\u00e9m viver algo t\u00e3o forte como esse Deus e n\u00e3o desejar que o mundo inteiro tamb\u00e9m viva.<\/p>\n<p>Voltemos a presen\u00e7a de Deus, voltemos a rezar, voltemos aos primeiros dias, voltemos ao dia do nosso encontro todo dia, voltemos a desejar o c\u00e9u, voltemos a buscar a face do Senhor, voltemos a amar e se doar com alegria pelo outro, voltemos a ler a palavra com entusiasmo, voltemos a orar com f\u00e9, voltemos a busca pela santidade, voltemos a ousadia que s\u00f3 pelo Esp\u00edrito conseguimos viver.<\/p>\n<p>Sim, o mundo precisa de avivamento. Mas, na hist\u00f3ria, os avivamentos aconteceram mediante a um cora\u00e7\u00e3o apaixonado e entregue ao Esp\u00edrito Santo, um cora\u00e7\u00e3o puro que desejava a Deus e o Senhor correspondia a esse desejo com avivamento, a partir da busca de Deus.<\/p>\n<blockquote>\n<p style=\"text-align: center\">E hoje te pergunto: Como est\u00e1 o seu cora\u00e7\u00e3o? O que Ele tem desejado?<\/p>\n<\/blockquote>\n<p>N\u00e3o deixe que o medo ou o c\u00f4modo te pare, busque mais intimamente o Senhor, e deixe que Ele sabe o que fazer.<br \/>\nRezo hoje para que voc\u00ea ou\u00e7a o VINDE do Senhor, venha para perto Dele, deixe que Ele te aque\u00e7a com o FOGO do Esp\u00edrito, V\u00c1 onde Ele mandar, n\u00e3o por interesse, mas por amor. Pois vivendo esse avivamento interior, Ele ouvir\u00e1 a sua prece e vir\u00e1 com Teu vento impetuoso sobre n\u00f3s.<\/p>\n<p>Precisamos de avivamento, mas sem Deus n\u00e3o h\u00e1 avivamento. Precisamos muito mais do Deus do avivamento.<\/p>\n<p>&nbsp;<\/p>\n<p style=\"text-align: right\">Iasmin Alves<br \/>\nComunidade Cat\u00f3lica Ascender<\/p>\n<p>&nbsp;<\/p>\n<p><strong>Veja tamb\u00e9m:<\/strong><\/p>\n<p><a href=\"https:\/\/blog.cancaonova.com\/semprefiel\/basta-de-brincadeira\/\" target=\"_blank\" rel=\"noopener\"><span style=\"color: #000000\">Basta de brincadeira<\/span><\/a><br \/>\n<a href=\"https:\/\/blog.cancaonova.com\/semprefiel\/deus-e-especialista-nos-pequenos\/\" target=\"_blank\" rel=\"noopener\"><span style=\"color: #000000\">Deus e especialista nos pequenos<\/span><\/a><br \/>\n<a href=\"https:\/\/blog.cancaonova.com\/semprefiel\/anjo-da-guarda-brasil\/\" target=\"_blank\" rel=\"noopener\"><span style=\"color: #000000\">Anjo da Guarda do Brasil<\/span><\/a><\/p>\n<p>&nbsp;<\/p>\n","protected":false},"excerpt":{"rendered":"<p>N\u00e3o busque avivamento, busque a presen\u00e7a de Deus. Talvez muitos rolem a tela e nem leiam nenhum dos pr\u00f3ximos par\u00e1grafos, mas estou escrevendo aqui porqu\u00ea acredito que Deus n\u00e3o te trata como \u201cmuitos\u201d, mas como \u00fanico. Ele quer falar com&#8230;<\/p>\n","protected":false},"author":1031,"featured_media":8583,"comment_status":"open","ping_status":"open","sticky":false,"template":"","format":"standard","meta":{"_mi_skip_tracking":false,"_monsterinsights_sitenote_active":false,"_monsterinsights_sitenote_note":"","_monsterinsights_sitenote_category":0,"footnotes":""},"categories":[178033],"tags":[18111,17121,261,13031,311,133290],"_links":{"self":[{"href":"https:\/\/blog.cancaonova.com\/semprefiel\/wp-json\/wp\/v2\/posts\/8575"}],"collection":[{"href":"https:\/\/blog.cancaonova.com\/semprefiel\/wp-json\/wp\/v2\/posts"}],"about":[{"href":"https:\/\/blog.cancaonova.com\/semprefiel\/wp-json\/wp\/v2\/types\/post"}],"author":[{"embeddable":true,"href":"https:\/\/blog.cancaonova.com\/semprefiel\/wp-json\/wp\/v2\/users\/1031"}],"replies":[{"embeddable":true,"href":"https:\/\/blog.cancaonova.com\/semprefiel\/wp-json\/wp\/v2\/comments?post=8575"}],"version-history":[{"count":15,"href":"https:\/\/blog.cancaonova.com\/semprefiel\/wp-json\/wp\/v2\/posts\/8575\/revisions"}],"predecessor-version":[{"id":8591,"href":"https:\/\/blog.cancaonova.com\/semprefiel\/wp-json\/wp\/v2\/posts\/8575\/revisions\/8591"}],"wp:featuredmedia":[{"embeddable":true,"href":"https:\/\/blog.cancaonova.com\/semprefiel\/wp-json\/wp\/v2\/media\/8583"}],"wp:attachment":[{"href":"https:\/\/blog.cancaonova.com\/semprefiel\/wp-json\/wp\/v2\/media?parent=8575"}],"wp:term":[{"taxonomy":"category","embeddable":true,"href":"https:\/\/blog.cancaonova.com\/semprefiel\/wp-json\/wp\/v2\/categories?post=8575"},{"taxonomy":"post_tag","embeddable":true,"href":"https:\/\/blog.cancaonova.com\/semprefiel\/wp-json\/wp\/v2\/tags?post=8575"}],"curies":[{"name":"wp","href":"https:\/\/api.w.org\/{rel}","templated":true}]}}