{"id":1641,"date":"2007-10-23T23:10:55","date_gmt":"2007-10-23T20:10:55","guid":{"rendered":"http:\/\/blog.cancaonova.com\/terrasanta\/2007\/10\/23\/prado-flores-e-peregrinos-revivem-a-historia-de-jesus\/"},"modified":"2007-10-24T00:00:25","modified_gmt":"2007-10-23T21:00:25","slug":"prado-flores-e-peregrinos-revivem-a-historia-de-jesus","status":"publish","type":"post","link":"https:\/\/blog.cancaonova.com\/terrasanta\/2007\/10\/23\/prado-flores-e-peregrinos-revivem-a-historia-de-jesus\/","title":{"rendered":"Prado Flores e peregrinos revivem a hist\u00f3ria de Jesus"},"content":{"rendered":"<p><font face=\"verdana\">A caminho da conclus\u00e3o do <\/font><font size=\"2\"><a href=\"http:\/\/terrasanta.cancaonova.com\/?id=2382&amp;tipo=informativo\"><strong>curso b\u00edblico<\/strong><\/a><\/font> com <font face=\"verdana\"><a href=\"http:\/\/www.escoladeevangelizacao.com.br\/redir.php?show=nossa_historia.php\"><strong>Prado Flores<\/strong><\/a>\u00a0realizado na Terra Santa, percebemos que os peregrinos j\u00e1 s\u00e3o uma fam\u00edlia, logo pela manh\u00e3 do quinto dia j\u00e1 est\u00e3o prontos para reviver, ou melhor, para entrar na hist\u00f3ria de Jesus e serem amados por Ele.<\/font><\/p>\n<p><font face=\"verdana\"><img loading=\"lazy\" decoding=\"async\" align=\"right\" width=\"216\" src=\"http:\/\/blog.cancaonova.com\/terrasanta\/files\/2007\/10\/piscinabetesda.jpg\" height=\"124\" \/><font face=\"verdana\">Ao lado da piscina de Betesda, paramos para recordar a fam\u00edlia de Maria, seus pais Ana e Joaquim, e ao entrar na Igreja dedicada a Santana \u00e9 not\u00f3ria a austeridade do ambiente para lembrar que a vida de Maria era simples, sem muitas coisas, somente com um centro: o altar que \u00e9 o pr\u00f3prio Jesus.<\/font><\/font><font face=\"verdana\"><font face=\"verdana\"> <\/font><\/font><\/p>\n<p><font face=\"Verdana\">Na\u00a0piscina de Betesda aprendemos que Jesus \u00e9 a nova piscina de Betesda, que significa \u201cCasa de Miseric\u00f3rdia\u201d. <\/font><\/p>\n<p><font face=\"Verdana\">O paralitico esperou por 38 anos que fosse curado ali, Jesus realizou esta cura. <\/font><\/p>\n<p><font face=\"Verdana\">Os cinco p\u00f3rticos da piscina fazem refer\u00eancia \u00e0s cinco chagas de Jesus,pelas quais n\u00f3s somos curados : \u201cPelas suas chagas fomos curados\u201d Isa\u00edas 53,5.<\/font><\/p>\n<p><font face=\"Verdana\"><img loading=\"lazy\" decoding=\"async\" align=\"left\" width=\"216\" src=\"http:\/\/blog.cancaonova.com\/terrasanta\/files\/2007\/10\/viacrusis.jpg\" height=\"124\" \/>A \u201cVia Crucis\u201d \u00e9 percorrida com muita alegria, pois sabemos o final desse caminho, sabemos que l\u00e1 n\u00e3o encontraremos Jesus: Ele est\u00e1 vivo.<\/font><\/p>\n<p><font face=\"Verdana\">A \u00faltima esta\u00e7\u00e3o da Via Crucis, a morte de Jesus, \u00e9 realizada no Monte Calv\u00e1rio onde est\u00e1 o Santo Sepulcro.<\/font><\/p>\n<p><font face=\"Verdana\">O pr\u00f3ximo passo \u00e9 conhecer a escada que liga o Monte das Oliveiras com o lugar onde Pedro negou Jesus. <\/font><\/p>\n<p><font face=\"Verdana\">Nesse local, a experi\u00eancia \u00e9 com o olhar de Jesus, imaginamos como Jesus olhou para Pedro depois de neg\u00e1-lo por tr\u00eas vezes, e experimentamos como \u00e9 o olhar de Jesus para n\u00f3s quando o negamos.<\/font><\/p>\n<p><font face=\"Verdana\">\u00a0<\/font><a href=\"http:\/\/www.flickr.com\/photos\/terrasantacn\/\"><font face=\"Verdana\">Veja as fotos dos lugares visitados pelos peregrinos<\/font><\/a><\/p>\n<p><font face=\"Verdana\">Cada passo, cada ambiente, cada leitura proclamada no lugar onde essa aconteceu, tudo convida ao encontro pessoal com Jesus. Os olhos de muitos se enchem de l\u00e1grimas e no mais profundo se esconde o mist\u00e9rio da gra\u00e7a que cada um recebeu.<\/font><\/p>\n<p><font face=\"Verdana\">Seu sonho de vir a Terra Santa, pode se realizar, confira a <\/font><a href=\"http:\/\/blog.cancaonova.com\/peregrinacoes\/agenda-de-peregrinacoes-2008\/\"><font face=\"Verdana\">Agenda das peregrina\u00e7\u00f5es de 2008<\/font><\/a><font face=\"Verdana\"> e entre em contato:<\/font><\/p>\n<p><font face=\"Verdana\">\u00a0<\/font><a href=\"mailto:atendimento@obrademaria.com.br\"><font face=\"Verdana\">atendimento@obrademaria.com.br<\/font><\/a><\/p>\n<p><font face=\"Verdana\">Ana Paula Rosa, <\/font><\/p>\n<p><font face=\"Verdana\">Jerusal\u00e9m, 24 de Outubro de 2007<\/font><\/p>\n<!-- AddThis Advanced Settings generic via filter on the_content --><!-- AddThis Share Buttons generic via filter on the_content -->","protected":false},"excerpt":{"rendered":"<p>A caminho da conclus\u00e3o do curso b\u00edblico com Prado Flores\u00a0realizado na Terra Santa, percebemos que os peregrinos j\u00e1 s\u00e3o uma fam\u00edlia, logo pela manh\u00e3 do quinto dia j\u00e1 est\u00e3o prontos para reviver, ou melhor, para entrar na hist\u00f3ria de Jesus&#8230;<!-- AddThis Advanced Settings generic via filter on get_the_excerpt --><!-- AddThis Share Buttons generic via filter on get_the_excerpt --><\/p>\n","protected":false},"author":711,"featured_media":0,"comment_status":"open","ping_status":"open","sticky":false,"template":"","format":"standard","meta":{"_mi_skip_tracking":false,"_monsterinsights_sitenote_active":false,"_monsterinsights_sitenote_note":"","_monsterinsights_sitenote_category":0,"footnotes":""},"categories":[3121],"tags":[],"_links":{"self":[{"href":"https:\/\/blog.cancaonova.com\/terrasanta\/wp-json\/wp\/v2\/posts\/1641"}],"collection":[{"href":"https:\/\/blog.cancaonova.com\/terrasanta\/wp-json\/wp\/v2\/posts"}],"about":[{"href":"https:\/\/blog.cancaonova.com\/terrasanta\/wp-json\/wp\/v2\/types\/post"}],"author":[{"embeddable":true,"href":"https:\/\/blog.cancaonova.com\/terrasanta\/wp-json\/wp\/v2\/users\/711"}],"replies":[{"embeddable":true,"href":"https:\/\/blog.cancaonova.com\/terrasanta\/wp-json\/wp\/v2\/comments?post=1641"}],"version-history":[{"count":0,"href":"https:\/\/blog.cancaonova.com\/terrasanta\/wp-json\/wp\/v2\/posts\/1641\/revisions"}],"wp:attachment":[{"href":"https:\/\/blog.cancaonova.com\/terrasanta\/wp-json\/wp\/v2\/media?parent=1641"}],"wp:term":[{"taxonomy":"category","embeddable":true,"href":"https:\/\/blog.cancaonova.com\/terrasanta\/wp-json\/wp\/v2\/categories?post=1641"},{"taxonomy":"post_tag","embeddable":true,"href":"https:\/\/blog.cancaonova.com\/terrasanta\/wp-json\/wp\/v2\/tags?post=1641"}],"curies":[{"name":"wp","href":"https:\/\/api.w.org\/{rel}","templated":true}]}}