{"id":3861,"date":"2008-05-29T10:26:01","date_gmt":"2008-05-29T07:26:01","guid":{"rendered":"http:\/\/blog.cancaonova.com\/terrasanta\/2008\/05\/29\/o-que-e-peregrinar\/"},"modified":"2012-01-26T16:25:30","modified_gmt":"2012-01-26T13:25:30","slug":"o-que-e-peregrinar","status":"publish","type":"post","link":"https:\/\/blog.cancaonova.com\/terrasanta\/2008\/05\/29\/o-que-e-peregrinar\/","title":{"rendered":"O que \u00e9 peregrinar?"},"content":{"rendered":"<p>V\u00e1rios nomes s\u00e3o dados ao ato de reunir um povo, um grupo e juntos caminharem com um objetivo: Estar mais perto do Senhor. Em nosso Brasil, as t\u00e3o conhecidas romarias, excurs\u00f5es religiosas, passeios de grupos ligados \u00e0 Igreja, que ouvimos falar, se resumem nesta palavra: <a title=\"Testemunhos e fotos dos peregrinos na Terra Santa\" href=\"http:\/\/blog.cancaonova.com\/terrasanta\/category\/cobertura-de-peregrinacoes\/\">PEREGRINAR<\/a>. Se observarmos na B\u00edblia, os profetas, os salmistas e muitos outros trechos do Antigo Testamento, veremos que eles nos falam muito de peregrina\u00e7\u00e3o. Era o povo de Deus que caminhava unido, ora rumo \u00e0 cidade santa ora para os lugares sagrados, o templo, entre outros.  Vejamos alguns exemplos:<\/p>\n<p>Todos n\u00f3s nos lembramos da grande peregrina\u00e7\u00e3o que o povo de Deus fez durante os <a title=\"Mois\u00e9s n\u00e3o entra na terra prometida\" href=\"http:\/\/blog.cancaonova.com\/terrasanta\/2007\/09\/07\/por-que-moises-nao-entrou-na-terra-prometida\/\">40 anos pelo deserto<\/a>, junto com Mois\u00e9s. Nada lhes faltava. Havia a alegria da provid\u00eancia ao longo do caminho, mas tamb\u00e9m, a murmura\u00e7\u00e3o.<\/p>\n<p>O que falar do salmista que nos narra a alegria que era quando ia para a casa do Senhor: &#8220;Que alegria quando me disseram, vamos para casa do Senhor: Eis que meus p\u00e9s se estacam diante de tuas portas, oh Jerusal\u00e9m&#8221; (Salmo 121, 1- 2).<\/p>\n<p>Era uma alegria para o povo sair em caravana, partilhar uns com os outros seus pertences e \u201cmarchar\u201d rumo \u00e0 cidade santa, Jerusal\u00e9m. A ela acorriam povos de todas as partes. Ainda hoje \u00e9 assim.<img loading=\"lazy\" decoding=\"async\" src=\"http:\/\/blog.cancaonova.com\/terrasanta\/files\/2008\/05\/peregrinar.jpg\" alt=\"Peregrinos em dire\u00e7\u00e3o ao Monte Tabor\" width=\"256\" height=\"185\" align=\"right\" \/><\/p>\n<p>Saindo do Velho e passando para o Novo Testamento, vemos que o pr\u00f3prio Jesus tamb\u00e9m era um peregrino. Seguido das tradi\u00e7\u00f5es e das leis, vemos a ida d\u2019Ele ao templo com seus pais. Como um bom judeu, sa\u00eda da Galil\u00e9ia em &#8220;peregrina\u00e7\u00e3o&#8221; e ia at\u00e9 a Jud\u00e9ia (Jerusal\u00e9m) comemorar as grandes festas solenes: <a title=\"P\u00e1scoa em Jerusal\u00e9m, 2008\" href=\"http:\/\/blog.cancaonova.com\/terrasanta\/2008\/03\/22\/vigilia-pascal-em-jerusalem\/\">P\u00c1SCOA<\/a>, PENTENCOSTES, TABERN\u00c1CULOS, entre outros.<\/p>\n<p>Vendo tudo isso, podemos afirmar que peregrinar est\u00e1 no \u201csangue\u201d do povo de Deus, desde os tempos remotos at\u00e9 os nossos dias. E um bom exemplo de peregrino dos nossos dias \u00e9 o nosso saudoso e querido Papa Jo\u00e3o Paulo II, que, entre os v\u00e1rios t\u00edtulos, recebeu o nome de &#8220;peregrino do amor&#8221;. Aquele que portava o amor e a paz por onde passava. O Papa que mais peregrinou na hist\u00f3ria da Igreja e que incentivava a todos os fi\u00e9is crist\u00e3os a tamb\u00e9m peregrinarem, seja para a Terra Santa, o lugar por excel\u00eancia de peregrina\u00e7\u00e3o, seja aos santu\u00e1rios espalhados pelo mundo inteiro.<\/p>\n<p>Peregrinar n\u00e3o \u00e9 s\u00f3 viajar, tirar f\u00e9rias, passear com o povo da Igreja. Peregrinar tem um sentido maior: \u00c9 levar algo ou acolher algo. Deus quer que o povo d\u2019Ele peregrine e tem um plano para realizar na vida daqueles que s\u00e3o escolhidos para isso. Eu sempre falo aos grupos que v\u00eam \u00e0 Terra Santa, os quais acompanho: &#8220;N\u00e3o pensem que voc\u00eas vieram aqui porque planejaram; porque tinham dinheiro ou porque estavam de f\u00e9rias. Tamb\u00e9m foi por isso. Mas, o motivo principal foi porque Deus escolheu cada um para estar aqui. Muitas vezes, voc\u00eas n\u00e3o entendem o porqu\u00ea. Mas, depois v\u00eaem as gra\u00e7as que Deus realizou em suas vidas ou na vida dos irm\u00e3os da peregrina\u00e7\u00e3o&#8221;.<\/p>\n<p>Com isso, eu quero dizer que eu, voc\u00ea e todos n\u00f3s somos peregrinos, n\u00e3o importa se \u00e9 indo \u00e0 Terra Santa, aos santu\u00e1rios da Europa, Lourdes, F\u00e1tima ou ao Santu\u00e1rio de Nossa Senhora Aparecida, etc., seja de trem, de avi\u00e3o, \u00f4nibus, navio ou jegue. O importante \u00e9 sabermos que Deus nos convida. Sinta-se convidado por Ele para ser peregrino!<\/p>\n<p><img loading=\"lazy\" decoding=\"async\" src=\"http:\/\/blog.cancaonova.com\/terrasanta\/files\/2008\/05\/peregrinos.jpg\" alt=\"Peregrinos no Monte Si\u00e3o\" width=\"256\" height=\"136\" align=\"right\" \/>E quando falo que Deus quer que sejamos peregrinos, quero lembrar que a palavra &#8220;peregrina\u00e7\u00e3o&#8221; tamb\u00e9m tem o sentido de que aqui neste mundo somos eternos peregrinos. Estamos aqui s\u00f3 de passagem, porque rumamos em dire\u00e7\u00e3o ao c\u00e9u, pois l\u00e1 \u00e9 o nosso lugar.<br \/>\nQuando Deus nos criou, Ele deu para cada um de n\u00f3s um plano para realizarmos aqui na terra, e precisamos execut\u00e1-lo bem; mas, tendo em mente que a nossa meta \u00e9 o c\u00e9u. Tudo que aqui temos ou constru\u00edmos, acabar\u00e1, passar\u00e1. Por isso, n\u00e3o devemos ser apegados a nada deste mundo, mas deixar tudo pelo Tudo. E o nosso Tudo \u00e9 Jesus Cristo. Ele \u00e9 nossa meta. Ent\u00e3o, corramos para Ele! E enquanto n\u00e3o estamos com Ele no c\u00e9u, vamos usufruir das maravilhas que Ele nos concede. Sabendo que nada \u00e9 para sempre. Devemos peregrinar, nesta terra, nos lugares por onde podemos tocar o Deus vivo e vivido.<\/p>\n<p>Deus quer ver voc\u00ea peregrinando, seja para acolher ou para dar algo. Ele escolhe voc\u00ea hoje pessoalmente. Ele providenciar\u00e1 tudo. E voc\u00ea poder\u00e1 cantar como o salmista: &#8220;Que alegria quando me disseram vamos \u00e0 casa do Senhor. Que maravilhas Ele faz aos nossos olhos!&#8221;.<img loading=\"lazy\" decoding=\"async\" src=\"http:\/\/blog.cancaonova.com\/terrasanta\/files\/2008\/05\/fernando.jpg\" alt=\"Fernando Melo\" width=\"56\" height=\"68\" align=\"left\" \/><\/p>\n<p>Fernando Melo<br \/>\nComunidade <a title=\"Comunidade Obra de Maria\" href=\"http:\/\/obrademaria.com\/\">Obra de Maria<\/a><br \/>\nMission\u00e1rio na Terra Santa<\/p>\n<p><a href=\"http:\/\/blog.cancaonova.com\/peregrinacoes\/agenda-2012\/\">Agenda 2012<\/a><\/p>\n<!-- AddThis Advanced Settings generic via filter on the_content --><!-- AddThis Share Buttons generic via filter on the_content -->","protected":false},"excerpt":{"rendered":"<p>V\u00e1rios nomes s\u00e3o dados ao ato de reunir um povo, um grupo e juntos caminharem com um objetivo: Estar mais perto do Senhor. Em nosso Brasil, as t\u00e3o conhecidas romarias, excurs\u00f5es religiosas, passeios de grupos ligados \u00e0 Igreja, que ouvimos&#8230;<!-- AddThis Advanced Settings generic via filter on get_the_excerpt --><!-- AddThis Share Buttons generic via filter on get_the_excerpt --><\/p>\n","protected":false},"author":711,"featured_media":0,"comment_status":"open","ping_status":"open","sticky":false,"template":"","format":"standard","meta":{"_mi_skip_tracking":false,"_monsterinsights_sitenote_active":false,"_monsterinsights_sitenote_note":"","_monsterinsights_sitenote_category":0,"footnotes":""},"categories":[3121],"tags":[],"_links":{"self":[{"href":"https:\/\/blog.cancaonova.com\/terrasanta\/wp-json\/wp\/v2\/posts\/3861"}],"collection":[{"href":"https:\/\/blog.cancaonova.com\/terrasanta\/wp-json\/wp\/v2\/posts"}],"about":[{"href":"https:\/\/blog.cancaonova.com\/terrasanta\/wp-json\/wp\/v2\/types\/post"}],"author":[{"embeddable":true,"href":"https:\/\/blog.cancaonova.com\/terrasanta\/wp-json\/wp\/v2\/users\/711"}],"replies":[{"embeddable":true,"href":"https:\/\/blog.cancaonova.com\/terrasanta\/wp-json\/wp\/v2\/comments?post=3861"}],"version-history":[{"count":3,"href":"https:\/\/blog.cancaonova.com\/terrasanta\/wp-json\/wp\/v2\/posts\/3861\/revisions"}],"predecessor-version":[{"id":5971,"href":"https:\/\/blog.cancaonova.com\/terrasanta\/wp-json\/wp\/v2\/posts\/3861\/revisions\/5971"}],"wp:attachment":[{"href":"https:\/\/blog.cancaonova.com\/terrasanta\/wp-json\/wp\/v2\/media?parent=3861"}],"wp:term":[{"taxonomy":"category","embeddable":true,"href":"https:\/\/blog.cancaonova.com\/terrasanta\/wp-json\/wp\/v2\/categories?post=3861"},{"taxonomy":"post_tag","embeddable":true,"href":"https:\/\/blog.cancaonova.com\/terrasanta\/wp-json\/wp\/v2\/tags?post=3861"}],"curies":[{"name":"wp","href":"https:\/\/api.w.org\/{rel}","templated":true}]}}