{"id":4432,"date":"2009-01-21T11:15:46","date_gmt":"2009-01-21T08:15:46","guid":{"rendered":"http:\/\/blog.cancaonova.com\/terrasanta\/?p=4432"},"modified":"2009-06-13T11:37:06","modified_gmt":"2009-06-13T08:37:06","slug":"ajuda-humanitaria-da-caritas-para-gaza-apos-o-cessar-fogo","status":"publish","type":"post","link":"https:\/\/blog.cancaonova.com\/terrasanta\/2009\/01\/21\/ajuda-humanitaria-da-caritas-para-gaza-apos-o-cessar-fogo\/","title":{"rendered":"Ajuda humanit\u00e1ria da Caritas para Gaza ap\u00f3s o cessar-fogo"},"content":{"rendered":"<p>A webtvcn gravou com Claudette Habesch, presidente da Caritas em Jerusal\u00e9m, organiza\u00e7\u00e3o que representa os servi\u00e7os s\u00f3cio-pastoral da Igreja Cat\u00f3lica na Terra Santa, e que tem prestado ajuda \u00e0s v\u00edtimas de Gaza. Durante os 22 dias da guerra entre Israel e Gaza, um grupo da Caritas composto por m\u00e9dicos, enfermeiros e t\u00e9cnicos de plant\u00e3o fizeram um trabalho fant\u00e1stico prestando servi\u00e7os de atendimento, como afirma Claudette, em entrevista.<\/p>\n<p>A Caritas proporciona a ajuda humanit\u00e1ria de emerg\u00eancia em momentos de crises e presta assist\u00eancia aos mais vulner\u00e1veis, independentemente da ra\u00e7a ou religi\u00e3o, em nome dos cat\u00f3licos de todo o mundo.<\/p>\n<p>Caritas tem muitos rostos, mas um cora\u00e7\u00e3o.<\/p>\n<p>Confira palavras de Claudette ap\u00f3s esse cesar-fogo em Gaza e o seu apelo de ajuda concreta e de esperan\u00e7a para o povo palestino.<\/p>\n<p style=\"text-align: center\"><object width=\"480\" height=\"385\" type=\"application\/x-shockwave-flash\" data=\"http:\/\/webtvcn.com\/player\/v\/108698\" ><param name=\"movie\" value=\"http:\/\/webtvcn.com\/player\/v\/108698\" \/><param name=\"allowScriptAccess\" value=\"aways\" \/><param name=\"wmode\" value=\"window\" \/><param name=\"loop\" value=\"false\" \/><param name=\"menu\" value=\"true\" \/><param name=\"allowFullScreen\" value=\"true\" \/><\/object><\/p>\n<!-- AddThis Advanced Settings generic via filter on the_content --><!-- AddThis Share Buttons generic via filter on the_content -->","protected":false},"excerpt":{"rendered":"<p>A webtvcn gravou com Claudette Habesch, presidente da Caritas em Jerusal\u00e9m, organiza\u00e7\u00e3o que representa os servi\u00e7os s\u00f3cio-pastoral da Igreja Cat\u00f3lica na Terra Santa, e que tem prestado ajuda \u00e0s v\u00edtimas de Gaza. Durante os 22 dias da guerra entre Israel&#8230;<!-- AddThis Advanced Settings generic via filter on get_the_excerpt --><!-- AddThis Share Buttons generic via filter on get_the_excerpt --><\/p>\n","protected":false},"author":711,"featured_media":0,"comment_status":"open","ping_status":"open","sticky":false,"template":"","format":"standard","meta":{"_mi_skip_tracking":false,"_monsterinsights_sitenote_active":false,"_monsterinsights_sitenote_note":"","_monsterinsights_sitenote_category":0,"footnotes":""},"categories":[6561,47],"tags":[170147,17824,19549,16469,8641,170152],"_links":{"self":[{"href":"https:\/\/blog.cancaonova.com\/terrasanta\/wp-json\/wp\/v2\/posts\/4432"}],"collection":[{"href":"https:\/\/blog.cancaonova.com\/terrasanta\/wp-json\/wp\/v2\/posts"}],"about":[{"href":"https:\/\/blog.cancaonova.com\/terrasanta\/wp-json\/wp\/v2\/types\/post"}],"author":[{"embeddable":true,"href":"https:\/\/blog.cancaonova.com\/terrasanta\/wp-json\/wp\/v2\/users\/711"}],"replies":[{"embeddable":true,"href":"https:\/\/blog.cancaonova.com\/terrasanta\/wp-json\/wp\/v2\/comments?post=4432"}],"version-history":[{"count":7,"href":"https:\/\/blog.cancaonova.com\/terrasanta\/wp-json\/wp\/v2\/posts\/4432\/revisions"}],"predecessor-version":[{"id":5018,"href":"https:\/\/blog.cancaonova.com\/terrasanta\/wp-json\/wp\/v2\/posts\/4432\/revisions\/5018"}],"wp:attachment":[{"href":"https:\/\/blog.cancaonova.com\/terrasanta\/wp-json\/wp\/v2\/media?parent=4432"}],"wp:term":[{"taxonomy":"category","embeddable":true,"href":"https:\/\/blog.cancaonova.com\/terrasanta\/wp-json\/wp\/v2\/categories?post=4432"},{"taxonomy":"post_tag","embeddable":true,"href":"https:\/\/blog.cancaonova.com\/terrasanta\/wp-json\/wp\/v2\/tags?post=4432"}],"curies":[{"name":"wp","href":"https:\/\/api.w.org\/{rel}","templated":true}]}}