{"id":4639,"date":"2009-03-29T14:10:12","date_gmt":"2009-03-29T11:10:12","guid":{"rendered":"http:\/\/blog.cancaonova.com\/terrasanta\/?p=4639"},"modified":"2012-01-17T11:57:35","modified_gmt":"2012-01-17T08:57:35","slug":"quaresma-concretizacao-da-nova-e-eterna-alianca","status":"publish","type":"post","link":"https:\/\/blog.cancaonova.com\/terrasanta\/2009\/03\/29\/quaresma-concretizacao-da-nova-e-eterna-alianca\/","title":{"rendered":"Quaresma: Concretiza\u00e7\u00e3o da nova e eterna alian\u00e7a"},"content":{"rendered":"<p style=\"text-align: justify\">A plenitude dos tempos que \u00e9 a nova e eterna alian\u00e7a foi o tema que refletimos at\u00e9 hoje, que \u00e9 \u00faltimo domingo da quaresma, onde Jeremias anuncia uma nova alian\u00e7a, onde a lei ser\u00e1 impressa na alma e escrita no cora\u00e7\u00e3o e n\u00e3o mais em pedra, como a lei dada a Mois\u00e9s.<\/p>\n<p style=\"text-align: justify\">O biblista brasileiro, padre Pedro Lu\u00eds Schiavinato, amigo da comunidade Can\u00e7\u00e3o Nova, medita sobre a vida e a morte, sobre o apego \u00e0 vida, sobre o medo de morrer e sobre a vida eterna.<\/p>\n<p style=\"text-align: justify\">O v\u00eddeo foi gravado na entrada do Port\u00e3o de Santo Estev\u00e3o, tamb\u00e9m chamado como Porta dos Le\u00f5es. Este \u00e9 um dos port\u00f5es que d\u00e1 acesso \u00e0 cidade velha de Jerusal\u00e9m, provavelmente, o lugar onde havia a porta prob\u00e1tica, por onde as ovelhas eram conduzidas para o sacrif\u00edcio. \u00c9, tamb\u00e9m, conhecido como o local onde Jesus foi aclamado rei e tamb\u00e9m ser\u00e1 o lugar por onde a prociss\u00e3o de ramos do pr\u00f3ximo domingo passar\u00e1.<\/p>\n<p style=\"text-align: justify\">Padre Pedro nos aponta uma nova maneira de olhar a morte, tendo consci\u00eancia e convic\u00e7\u00e3o de que morrer seguindo os passos de Jesus se chega \u00e0 vida eterna.<\/p>\n<p style=\"text-align: justify\">A reflex\u00e3o continua no v\u00eddeo, acompanhe:<\/p>\n<p style=\"text-align: center\"><object width=\"480\" height=\"385\" type=\"application\/x-shockwave-flash\" data=\"http:\/\/webtvcn.com\/player\/v\/109892\"><param name=\"movie\" value=\"http:\/\/webtvcn.com\/player\/v\/109892\" \/><param name=\"allowScriptAccess\" value=\"aways\" \/><param name=\"wmode\" value=\"window\" \/><param name=\"loop\" value=\"false\" \/><param name=\"menu\" value=\"true\" \/><param name=\"allowFullScreen\" value=\"true\" \/><\/object>\n<\/p>\n<p>Veja tamb\u00e9m:<br \/>\n<strong><a title=\"Peregrina\u00e7\u00e3o \u00e0 Terra Santa\" href=\"http:\/\/blog.cancaonova.com\/peregrinacoes\/2009\/03\/19\/papa-bento-xvi-na-terra-santa-2\/\" target=\"_blank\">.: Peregrine na Terra Santa durante a visita do Papa<\/a><\/strong><\/p>\n<p>Fique atento: Amanh\u00e3, 30 de mar\u00e7o, o post &#8220;Bastidores da Quaresma&#8221; ser\u00e1 publicado. Voc\u00ea tem a oportunidade de conhecer a equipe WebtvCN que produziu a s\u00e9rie Quaresma.<\/p>\n<!-- AddThis Advanced Settings generic via filter on the_content --><!-- AddThis Share Buttons generic via filter on the_content -->","protected":false},"excerpt":{"rendered":"<p>A plenitude dos tempos que \u00e9 a nova e eterna alian\u00e7a foi o tema que refletimos at\u00e9 hoje, que \u00e9 \u00faltimo domingo da quaresma, onde Jeremias anuncia uma nova alian\u00e7a, onde a lei ser\u00e1 impressa na alma e escrita no&#8230;<!-- AddThis Advanced Settings generic via filter on get_the_excerpt --><!-- AddThis Share Buttons generic via filter on get_the_excerpt --><\/p>\n","protected":false},"author":711,"featured_media":0,"comment_status":"open","ping_status":"open","sticky":false,"template":"","format":"standard","meta":{"_mi_skip_tracking":false,"_monsterinsights_sitenote_active":false,"_monsterinsights_sitenote_note":"","_monsterinsights_sitenote_category":0,"footnotes":""},"categories":[6561],"tags":[170147,8641,2061,561,170152],"_links":{"self":[{"href":"https:\/\/blog.cancaonova.com\/terrasanta\/wp-json\/wp\/v2\/posts\/4639"}],"collection":[{"href":"https:\/\/blog.cancaonova.com\/terrasanta\/wp-json\/wp\/v2\/posts"}],"about":[{"href":"https:\/\/blog.cancaonova.com\/terrasanta\/wp-json\/wp\/v2\/types\/post"}],"author":[{"embeddable":true,"href":"https:\/\/blog.cancaonova.com\/terrasanta\/wp-json\/wp\/v2\/users\/711"}],"replies":[{"embeddable":true,"href":"https:\/\/blog.cancaonova.com\/terrasanta\/wp-json\/wp\/v2\/comments?post=4639"}],"version-history":[{"count":19,"href":"https:\/\/blog.cancaonova.com\/terrasanta\/wp-json\/wp\/v2\/posts\/4639\/revisions"}],"predecessor-version":[{"id":5902,"href":"https:\/\/blog.cancaonova.com\/terrasanta\/wp-json\/wp\/v2\/posts\/4639\/revisions\/5902"}],"wp:attachment":[{"href":"https:\/\/blog.cancaonova.com\/terrasanta\/wp-json\/wp\/v2\/media?parent=4639"}],"wp:term":[{"taxonomy":"category","embeddable":true,"href":"https:\/\/blog.cancaonova.com\/terrasanta\/wp-json\/wp\/v2\/categories?post=4639"},{"taxonomy":"post_tag","embeddable":true,"href":"https:\/\/blog.cancaonova.com\/terrasanta\/wp-json\/wp\/v2\/tags?post=4639"}],"curies":[{"name":"wp","href":"https:\/\/api.w.org\/{rel}","templated":true}]}}