{"id":4664,"date":"2009-04-09T18:36:40","date_gmt":"2009-04-09T15:36:40","guid":{"rendered":"http:\/\/blog.cancaonova.com\/terrasanta\/?p=4664"},"modified":"2009-06-12T17:24:47","modified_gmt":"2009-06-12T14:24:47","slug":"quinta-feira-santa-na-terra-santa-ultima-ceia","status":"publish","type":"post","link":"https:\/\/blog.cancaonova.com\/terrasanta\/2009\/04\/09\/quinta-feira-santa-na-terra-santa-ultima-ceia\/","title":{"rendered":"Celebra\u00e7\u00e3o da \u00daltima Ceia na Terra Santa"},"content":{"rendered":"<p style=\"text-align: justify\">Uma a\u00e7\u00e3o de gra\u00e7as pelo dom do sacerd\u00f3cio e pelo privil\u00e9gio de viver nos Lugares Santos: em s\u00edntese, este foi o teor da homilia do Patriarca Latino de Jerusal\u00e9m, Dom Fouad Twal, na Missa do Crisma desta Quinta-feira Santa, 9, na Bas\u00edlica do Santo Sepulcro.<\/p>\n<p>A mission\u00e1ria da Comunidade Can\u00e7\u00e3o Nova Ana Paula Rosa, correspondente da WebTVCN em Jerusal\u00e9m, participou da cerim\u00f4nia e mostra para voc\u00ea trechos dessa celebra\u00e7\u00e3o. Acompanhe.<\/p>\n<p style=\"text-align: center\"><object width=\"480\" height=\"385\" type=\"application\/x-shockwave-flash\" data=\"http:\/\/webtvcn.com\/player\/v\/110107\" ><param name=\"movie\" value=\"http:\/\/webtvcn.com\/player\/v\/110107\" \/><param name=\"allowScriptAccess\" value=\"aways\" \/><param name=\"wmode\" value=\"window\" \/><param name=\"loop\" value=\"false\" \/><param name=\"menu\" value=\"true\" \/><param name=\"allowFullScreen\" value=\"true\" \/><\/object>\n<\/p>\n<p>Sexta-feira Santa, pela manh\u00e3, no Sepulcro, se realizar\u00e1 a celebra\u00e7\u00e3o da Paix\u00e3o e, \u00e0 tarde, a vig\u00edlia junto ao t\u00famulo do Senhor. S\u00e1bado Santo, pela manh\u00e3, a Vig\u00edlia Pascal e no Domingo de P\u00e1scoa, a Missa da Ressurrei\u00e7\u00e3o do Senhor.<\/p>\n<p>Uma Quinta-feira Santa especial para voc\u00ea!<\/p>\n<!-- AddThis Advanced Settings generic via filter on the_content --><!-- AddThis Share Buttons generic via filter on the_content -->","protected":false},"excerpt":{"rendered":"<p>Uma a\u00e7\u00e3o de gra\u00e7as pelo dom do sacerd\u00f3cio e pelo privil\u00e9gio de viver nos Lugares Santos: em s\u00edntese, este foi o teor da homilia do Patriarca Latino de Jerusal\u00e9m, Dom Fouad Twal, na Missa do Crisma desta Quinta-feira Santa, 9,&#8230;<!-- AddThis Advanced Settings generic via filter on get_the_excerpt --><!-- AddThis Share Buttons generic via filter on get_the_excerpt --><\/p>\n","protected":false},"author":711,"featured_media":0,"comment_status":"open","ping_status":"open","sticky":false,"template":"","format":"standard","meta":{"_mi_skip_tracking":false,"_monsterinsights_sitenote_active":false,"_monsterinsights_sitenote_note":"","_monsterinsights_sitenote_category":0,"footnotes":""},"categories":[6561,1901],"tags":[170147,9091,8641,170152],"_links":{"self":[{"href":"https:\/\/blog.cancaonova.com\/terrasanta\/wp-json\/wp\/v2\/posts\/4664"}],"collection":[{"href":"https:\/\/blog.cancaonova.com\/terrasanta\/wp-json\/wp\/v2\/posts"}],"about":[{"href":"https:\/\/blog.cancaonova.com\/terrasanta\/wp-json\/wp\/v2\/types\/post"}],"author":[{"embeddable":true,"href":"https:\/\/blog.cancaonova.com\/terrasanta\/wp-json\/wp\/v2\/users\/711"}],"replies":[{"embeddable":true,"href":"https:\/\/blog.cancaonova.com\/terrasanta\/wp-json\/wp\/v2\/comments?post=4664"}],"version-history":[{"count":12,"href":"https:\/\/blog.cancaonova.com\/terrasanta\/wp-json\/wp\/v2\/posts\/4664\/revisions"}],"predecessor-version":[{"id":4690,"href":"https:\/\/blog.cancaonova.com\/terrasanta\/wp-json\/wp\/v2\/posts\/4664\/revisions\/4690"}],"wp:attachment":[{"href":"https:\/\/blog.cancaonova.com\/terrasanta\/wp-json\/wp\/v2\/media?parent=4664"}],"wp:term":[{"taxonomy":"category","embeddable":true,"href":"https:\/\/blog.cancaonova.com\/terrasanta\/wp-json\/wp\/v2\/categories?post=4664"},{"taxonomy":"post_tag","embeddable":true,"href":"https:\/\/blog.cancaonova.com\/terrasanta\/wp-json\/wp\/v2\/tags?post=4664"}],"curies":[{"name":"wp","href":"https:\/\/api.w.org\/{rel}","templated":true}]}}