{"id":4666,"date":"2009-04-09T13:13:41","date_gmt":"2009-04-09T10:13:41","guid":{"rendered":"http:\/\/blog.cancaonova.com\/terrasanta\/?p=4666"},"modified":"2009-06-12T17:46:06","modified_gmt":"2009-06-12T14:46:06","slug":"meditacao-judas-trai-jesus-no-getsemani","status":"publish","type":"post","link":"https:\/\/blog.cancaonova.com\/terrasanta\/2009\/04\/09\/meditacao-judas-trai-jesus-no-getsemani\/","title":{"rendered":"Medita\u00e7\u00e3o: Judas trai Jesus no Gets\u00eamani"},"content":{"rendered":"<p>O mission\u00e1rio da Comunidade Can\u00e7\u00e3o Nova padre Arlon Costa, em visita ao lugar onde Nosso Senhor Jesus Cristo foi tra\u00eddo \u2013 conhecido como a Gruta da Trai\u00e7\u00e3o \u2013, no Gets\u00eamani, em Jerusal\u00e9m, medita os sentimentos de Cristo ao viver esse momento.<\/p>\n<p>Acompanhe a medita\u00e7\u00e3o do consagrado e conhe\u00e7a detalhes desse local, exatamente onde o Senhor viveu extrema agonia suando Sangue.<\/p>\n<p style=\"text-align: center\"><object width=\"480\" height=\"385\" type=\"application\/x-shockwave-flash\" data=\"http:\/\/webtvcn.com\/player\/v\/110075\" ><param name=\"movie\" value=\"http:\/\/webtvcn.com\/player\/v\/110075\" \/><param name=\"allowScriptAccess\" value=\"aways\" \/><param name=\"wmode\" value=\"window\" \/><param name=\"loop\" value=\"false\" \/><param name=\"menu\" value=\"true\" \/><param name=\"allowFullScreen\" value=\"true\" \/><\/object>\n<\/p>\n<p>Uma quinta-feira santa para voc\u00ea!<\/p>\n<p>:: <strong><span style=\"text-decoration: underline\"><a title=\"Celebra\u00e7\u00e3o da \u00daltima Ceia em Jerusal\u00e9m\" href=\"http:\/\/blog.cancaonova.com\/terrasanta\/2009\/04\/09\/quinta-feira-santa-na-terra-santa-ultima-ceia\/\" target=\"_blank\">Celebra\u00e7\u00e3o da \u00daltima Ceia em Jerusal\u00e9m<\/a><\/span><\/strong><br \/>\n:: Mat\u00e9ria CN Not\u00edcias &#8211; <strong><span style=\"text-decoration: underline\"><a title=\"Venera\u00e7\u00e3o da Coluna onde Jesus foi flagelado\" href=\"http:\/\/www.youtube.com\/watch?v=pJRXKNpupIA&amp;feature=channel_page\" target=\"_blank\">Venera\u00e7\u00e3o da Coluna onde Jesus foi flagelado<\/a><\/span><\/strong><\/p>\n<!-- AddThis Advanced Settings generic via filter on the_content --><!-- AddThis Share Buttons generic via filter on the_content -->","protected":false},"excerpt":{"rendered":"<p>O mission\u00e1rio da Comunidade Can\u00e7\u00e3o Nova padre Arlon Costa, em visita ao lugar onde Nosso Senhor Jesus Cristo foi tra\u00eddo \u2013 conhecido como a Gruta da Trai\u00e7\u00e3o \u2013, no Gets\u00eamani, em Jerusal\u00e9m, medita os sentimentos de Cristo ao viver esse&#8230;<!-- AddThis Advanced Settings generic via filter on get_the_excerpt --><!-- AddThis Share Buttons generic via filter on get_the_excerpt --><\/p>\n","protected":false},"author":711,"featured_media":0,"comment_status":"open","ping_status":"open","sticky":false,"template":"","format":"standard","meta":{"_mi_skip_tracking":false,"_monsterinsights_sitenote_active":false,"_monsterinsights_sitenote_note":"","_monsterinsights_sitenote_category":0,"footnotes":""},"categories":[6561,1901],"tags":[170147,9071,8641,170152],"_links":{"self":[{"href":"https:\/\/blog.cancaonova.com\/terrasanta\/wp-json\/wp\/v2\/posts\/4666"}],"collection":[{"href":"https:\/\/blog.cancaonova.com\/terrasanta\/wp-json\/wp\/v2\/posts"}],"about":[{"href":"https:\/\/blog.cancaonova.com\/terrasanta\/wp-json\/wp\/v2\/types\/post"}],"author":[{"embeddable":true,"href":"https:\/\/blog.cancaonova.com\/terrasanta\/wp-json\/wp\/v2\/users\/711"}],"replies":[{"embeddable":true,"href":"https:\/\/blog.cancaonova.com\/terrasanta\/wp-json\/wp\/v2\/comments?post=4666"}],"version-history":[{"count":11,"href":"https:\/\/blog.cancaonova.com\/terrasanta\/wp-json\/wp\/v2\/posts\/4666\/revisions"}],"predecessor-version":[{"id":4993,"href":"https:\/\/blog.cancaonova.com\/terrasanta\/wp-json\/wp\/v2\/posts\/4666\/revisions\/4993"}],"wp:attachment":[{"href":"https:\/\/blog.cancaonova.com\/terrasanta\/wp-json\/wp\/v2\/media?parent=4666"}],"wp:term":[{"taxonomy":"category","embeddable":true,"href":"https:\/\/blog.cancaonova.com\/terrasanta\/wp-json\/wp\/v2\/categories?post=4666"},{"taxonomy":"post_tag","embeddable":true,"href":"https:\/\/blog.cancaonova.com\/terrasanta\/wp-json\/wp\/v2\/tags?post=4666"}],"curies":[{"name":"wp","href":"https:\/\/api.w.org\/{rel}","templated":true}]}}