{"id":4673,"date":"2009-04-10T10:54:50","date_gmt":"2009-04-10T07:54:50","guid":{"rendered":"http:\/\/blog.cancaonova.com\/terrasanta\/?p=4673"},"modified":"2009-04-10T17:42:43","modified_gmt":"2009-04-10T14:42:43","slug":"meditacao-crucifixao-e-morte-de-jesus","status":"publish","type":"post","link":"https:\/\/blog.cancaonova.com\/terrasanta\/2009\/04\/10\/meditacao-crucifixao-e-morte-de-jesus\/","title":{"rendered":"Medita\u00e7\u00e3o: Crucifix\u00e3o e morte de Jesus"},"content":{"rendered":"<p style=\"text-align: justify\">Cristo, Filho do Deus vivo, conheceu a morte em sua pr\u00f3pria carne. \u00c9 este o esc\u00e2ndalo da cruz e a esperan\u00e7a da ressurrei\u00e7\u00e3o, motivo de nossa f\u00e9.<\/p>\n<p style=\"text-align: justify\">Para ajudar-nos a entrar no mist\u00e9rio da Paix\u00e3o de Cristo, nessa Sexta-feira Santa, o mission\u00e1rio da Comunidade Can\u00e7\u00e3o Nova padre Arlon Costa medita a crucifix\u00e3o e morte de Jesus no local do acontecimento, no Santo Sepulcro, em Jerusal\u00e9m.<\/p>\n<p style=\"text-align: center\"><object width=\"480\" height=\"385\" type=\"application\/x-shockwave-flash\" data=\"http:\/\/webtvcn.com\/player\/v\/110079\" ><param name=\"movie\" value=\"http:\/\/webtvcn.com\/player\/v\/110079\" \/><param name=\"allowScriptAccess\" value=\"aways\" \/><param name=\"wmode\" value=\"window\" \/><param name=\"loop\" value=\"false\" \/><param name=\"menu\" value=\"true\" \/><param name=\"allowFullScreen\" value=\"true\" \/><\/object>\n<\/p>\n<p style=\"text-align: justify\">Desejamos que voc\u00ea entre no mist\u00e9rio da Paix\u00e3o de Cristo. Que seja uma Sexta-feira Santa especial na sua vida!<\/p>\n<!-- AddThis Advanced Settings generic via filter on the_content --><!-- AddThis Share Buttons generic via filter on the_content -->","protected":false},"excerpt":{"rendered":"<p>Cristo, Filho do Deus vivo, conheceu a morte em sua pr\u00f3pria carne. \u00c9 este o esc\u00e2ndalo da cruz e a esperan\u00e7a da ressurrei\u00e7\u00e3o, motivo de nossa f\u00e9. Para ajudar-nos a entrar no mist\u00e9rio da Paix\u00e3o de Cristo, nessa Sexta-feira Santa,&#8230;<!-- AddThis Advanced Settings generic via filter on get_the_excerpt --><!-- AddThis Share Buttons generic via filter on get_the_excerpt --><\/p>\n","protected":false},"author":711,"featured_media":0,"comment_status":"open","ping_status":"open","sticky":false,"template":"","format":"standard","meta":{"_mi_skip_tracking":false,"_monsterinsights_sitenote_active":false,"_monsterinsights_sitenote_note":"","_monsterinsights_sitenote_category":0,"footnotes":""},"categories":[6561,1901],"tags":[170147,8641,170148,170151,170152],"_links":{"self":[{"href":"https:\/\/blog.cancaonova.com\/terrasanta\/wp-json\/wp\/v2\/posts\/4673"}],"collection":[{"href":"https:\/\/blog.cancaonova.com\/terrasanta\/wp-json\/wp\/v2\/posts"}],"about":[{"href":"https:\/\/blog.cancaonova.com\/terrasanta\/wp-json\/wp\/v2\/types\/post"}],"author":[{"embeddable":true,"href":"https:\/\/blog.cancaonova.com\/terrasanta\/wp-json\/wp\/v2\/users\/711"}],"replies":[{"embeddable":true,"href":"https:\/\/blog.cancaonova.com\/terrasanta\/wp-json\/wp\/v2\/comments?post=4673"}],"version-history":[{"count":6,"href":"https:\/\/blog.cancaonova.com\/terrasanta\/wp-json\/wp\/v2\/posts\/4673\/revisions"}],"predecessor-version":[{"id":4700,"href":"https:\/\/blog.cancaonova.com\/terrasanta\/wp-json\/wp\/v2\/posts\/4673\/revisions\/4700"}],"wp:attachment":[{"href":"https:\/\/blog.cancaonova.com\/terrasanta\/wp-json\/wp\/v2\/media?parent=4673"}],"wp:term":[{"taxonomy":"category","embeddable":true,"href":"https:\/\/blog.cancaonova.com\/terrasanta\/wp-json\/wp\/v2\/categories?post=4673"},{"taxonomy":"post_tag","embeddable":true,"href":"https:\/\/blog.cancaonova.com\/terrasanta\/wp-json\/wp\/v2\/tags?post=4673"}],"curies":[{"name":"wp","href":"https:\/\/api.w.org\/{rel}","templated":true}]}}