{"id":551,"date":"2007-07-13T22:20:06","date_gmt":"2007-07-13T19:20:06","guid":{"rendered":"http:\/\/blog.cancaonova.com\/terrasanta\/2007\/07\/13\/um-ano-em-funcao-das-suas-necessidades\/"},"modified":"2007-07-13T22:31:45","modified_gmt":"2007-07-13T19:31:45","slug":"um-ano-em-funcao-das-suas-necessidades","status":"publish","type":"post","link":"https:\/\/blog.cancaonova.com\/terrasanta\/2007\/07\/13\/um-ano-em-funcao-das-suas-necessidades\/","title":{"rendered":"Um ano em fun\u00e7\u00e3o das suas necessidades"},"content":{"rendered":"<p align=\"left\" class=\"western\"><font face=\"Tahoma, sans-serif\">Passei um ano produzindo e editando mat\u00e9rias para o portal <\/font><a target=\"_blank\" href=\"http:\/\/terrasanta.cancaonova.com\/\"><font color=\"#000066\"><font face=\"Tahoma, sans-serif\"><u>terrasanta.cancaonova.com<\/u><\/font><\/font><\/a><font face=\"Tahoma, sans-serif\">. Desde a cria\u00e7\u00e3o deste portal em setembro de 2005, mais de 1 milh\u00e3o de internautas tiveram acesso aos conte\u00fados desta terra t\u00e3o especial.<\/font><\/p>\n<p align=\"left\" class=\"western\"><font face=\"Tahoma, sans-serif\">Durante as peregrina\u00e7\u00f5es com as Comunidades Can\u00e7\u00e3o Nova e Obra de Maria acompanhei dezenas de grupos como fot\u00f3grafo e rep\u00f3rter. Neste tempo que vivi em miss\u00e3o na Terra de Jesus, <strong>confesso que muito mais que levar a Terra Santa para voc\u00ea, eu trouxe voc\u00ea at\u00e9 o Santo desta Terra<\/strong>.<\/font><\/p>\n<p align=\"left\" class=\"western\"><font face=\"Tahoma, sans-serif\">A \u00faltima vez que visitei a Bas\u00edlica da Transfigura\u00e7\u00e3o, no Monte Tabor, <strong>fui muito tocado por Deus para rezar por voc\u00ea. \u00c9, por voc\u00ea mesmo!<\/strong><\/font><\/p>\n<p align=\"left\" class=\"western\"><font face=\"Tahoma, sans-serif\">Sentei-me no canto esquerdo da igreja de onde tirei a foto que voc\u00ea pode ver abaixo:<\/font><\/p>\n<p align=\"left\" class=\"western\"><img loading=\"lazy\" decoding=\"async\" width=\"428\" src=\"http:\/\/www.cancaonova.com\/portal\/canais\/casas\/images\/noticias\/jerusalem\/despedida_centro2.jpg\" height=\"244\" \/><\/p>\n<p><font face=\"Tahoma, sans-serif\"><strong>Contemplando o fant\u00e1stico mosaico de Jesus transfigurado, clamei a Ele que voc\u00ea, internauta da Can\u00e7\u00e3o Nova, tivesse o cora\u00e7\u00e3o transformado.<\/strong><\/font><font face=\"Tahoma, sans-serif\"> <\/font><\/p>\n<p><font face=\"Tahoma, sans-serif\">Ali naquele lugar t\u00e3o precioso, pedi a Jesus pelas suas necessidades, mesmo sem saber exatamente quais s\u00e3o elas. Clamei pelo que est\u00e1 no \u00edntimo do seu cora\u00e7\u00e3o. Orei em l\u00ednguas e me coloquei em seu lugar.<\/font><\/p>\n<p><font face=\"Tahoma, sans-serif\">Imaginei que seja um sonho seu viver um momento como esse, mas como hoje isso ainda n\u00e3o \u00e9 real, vivi com intensidade por voc\u00ea.<\/font><font face=\"Tahoma, sans-serif\"> <\/font><\/p>\n<p><font face=\"Tahoma, sans-serif\"><img loading=\"lazy\" decoding=\"async\" align=\"right\" width=\"300\" src=\"http:\/\/www.cancaonova.com\/portal\/canais\/casas\/images\/noticias\/jerusalem\/despedida_fer.jpg\" height=\"292\" \/><\/font><\/p>\n<p><font face=\"Tahoma, sans-serif\">Pela f\u00e9 supliquei ao Senhor que Ele alcan\u00e7asse suas car\u00eancias, curasse suas feridas, estendesse suas m\u00e3os sagradas para lhe levantar.<\/font><font face=\"Tahoma, sans-serif\"> <\/font><\/p>\n<p><font face=\"Tahoma, sans-serif\">Tomei posse das gra\u00e7as que pairam sobre esta terra, e creio profundamente que Ele me ouviu. Tenha a certeza de que o que nos une \u00e9 o amor de Cristo, pois Ele lhe ama e lhe quer fazer feliz.<\/font><\/p>\n<p><font face=\"Tahoma, sans-serif\"><br \/>\nFoi maravilhoso estar com voc\u00ea neste tempo e anunciar as riquezas deste solo sagrado.<br \/>\nUm abra\u00e7o forte.<\/font><\/p>\n<p><font face=\"Tahoma, sans-serif\"><strong>Fernando Fantini<\/strong><br \/>\n<em>Mission\u00e1rio da Can\u00e7\u00e3o Nova, de volta para o Brasi :-)<\/em><\/font><br \/>\n<font face=\"Tahoma, sans-serif\"><a href=\"mailto:fernando@cancaonova.com\">fernando@cancaonova.com<\/a><\/font><font face=\"Tahoma, sans-serif\"> <\/font><\/p>\n<p><font face=\"Tahoma, sans-serif\"><strong>Saiba + sobre o Monte da Transfigura\u00e7\u00e3o<br \/>\n<\/strong><a target=\"_blank\" href=\"http:\/\/terrasanta.cancaonova.com\/?id=1251&amp;tipo=informativo\"><u>:: Um local onde Deus gosta de fazer surpresas<\/u><\/a><br \/>\n<a target=\"_blank\" href=\"http:\/\/terrasanta.cancaonova.com\/?id=733&amp;tipo=informativo\"><u>:: Experi\u00eancias de quem passou por esse local<\/u><\/a><br \/>\n<a target=\"_blank\" href=\"http:\/\/terrasanta.cancaonova.com\/?id=721&amp;tipo=informativo\"><u>:: &#8220;Dou minha ben\u00e7\u00e3o para que voc\u00ea seja transfigurado&#8221;, Di\u00e1cono Nelsinho Corr\u00eaa<\/u><\/a><br \/>\n<a target=\"_blank\" href=\"http:\/\/terrasanta.cancaonova.com\/?id=650&amp;tipo=informativo\"><u>:: V\u00eddeo: Conhe\u00e7a o Monte Tabor<\/u><\/a><\/font><\/p>\n<!-- AddThis Advanced Settings generic via filter on the_content --><!-- AddThis Share Buttons generic via filter on the_content -->","protected":false},"excerpt":{"rendered":"<p>Passei um ano produzindo e editando mat\u00e9rias para o portal terrasanta.cancaonova.com. Desde a cria\u00e7\u00e3o deste portal em setembro de 2005, mais de 1 milh\u00e3o de internautas tiveram acesso aos conte\u00fados desta terra t\u00e3o especial. Durante as peregrina\u00e7\u00f5es com as Comunidades&#8230;<!-- AddThis Advanced Settings generic via filter on get_the_excerpt --><!-- AddThis Share Buttons generic via filter on get_the_excerpt --><\/p>\n","protected":false},"author":711,"featured_media":0,"comment_status":"open","ping_status":"open","sticky":false,"template":"","format":"standard","meta":{"_mi_skip_tracking":false,"_monsterinsights_sitenote_active":false,"_monsterinsights_sitenote_note":"","_monsterinsights_sitenote_category":0,"footnotes":""},"categories":[3131,3121],"tags":[],"_links":{"self":[{"href":"https:\/\/blog.cancaonova.com\/terrasanta\/wp-json\/wp\/v2\/posts\/551"}],"collection":[{"href":"https:\/\/blog.cancaonova.com\/terrasanta\/wp-json\/wp\/v2\/posts"}],"about":[{"href":"https:\/\/blog.cancaonova.com\/terrasanta\/wp-json\/wp\/v2\/types\/post"}],"author":[{"embeddable":true,"href":"https:\/\/blog.cancaonova.com\/terrasanta\/wp-json\/wp\/v2\/users\/711"}],"replies":[{"embeddable":true,"href":"https:\/\/blog.cancaonova.com\/terrasanta\/wp-json\/wp\/v2\/comments?post=551"}],"version-history":[{"count":0,"href":"https:\/\/blog.cancaonova.com\/terrasanta\/wp-json\/wp\/v2\/posts\/551\/revisions"}],"wp:attachment":[{"href":"https:\/\/blog.cancaonova.com\/terrasanta\/wp-json\/wp\/v2\/media?parent=551"}],"wp:term":[{"taxonomy":"category","embeddable":true,"href":"https:\/\/blog.cancaonova.com\/terrasanta\/wp-json\/wp\/v2\/categories?post=551"},{"taxonomy":"post_tag","embeddable":true,"href":"https:\/\/blog.cancaonova.com\/terrasanta\/wp-json\/wp\/v2\/tags?post=551"}],"curies":[{"name":"wp","href":"https:\/\/api.w.org\/{rel}","templated":true}]}}