{"id":641,"date":"2007-07-18T22:41:35","date_gmt":"2007-07-18T19:41:35","guid":{"rendered":"http:\/\/blog.cancaonova.com\/terrasanta\/2007\/07\/18\/terra-santa-dunga-e-peregrinos-caminham-na-galileia\/"},"modified":"2007-07-21T00:22:50","modified_gmt":"2007-07-20T21:22:50","slug":"terra-santa-dunga-e-peregrinos-caminham-na-galileia","status":"publish","type":"post","link":"https:\/\/blog.cancaonova.com\/terrasanta\/2007\/07\/18\/terra-santa-dunga-e-peregrinos-caminham-na-galileia\/","title":{"rendered":"Terra Santa: Dunga e peregrinos caminham na Galil\u00e9ia"},"content":{"rendered":"<p><span><font face=\"Calibri\">Peregrinar<span>\u00a0 <\/span>na Terra de Jesus, n\u00e3o \u00e9 somente um passeio alegre em uma terra diferente, vai muito al\u00e9m, trata-se de experimentar um ambiente, importante n\u00e3o somente por sua hist\u00f3ria e por aquilo que representa no cen\u00e1rio mundial, e sim tocar numa terra n\u00e3o melhor, nem mais bonita do que outras. Por\u00e9m, foi nesta terra que Deus quis manifestar para todo o mundo seu amor e sua presen\u00e7a. <\/font><\/span><span><font face=\"Calibri\">Esta \u00e9 a gra\u00e7a que os peregrinos brasileiros est\u00e3o fazendo nesses dias: conhecendo o santo da terra com mais profundidade: Jesus.<\/font><\/span><\/p>\n<p class=\"MsoNormal\"><span><font face=\"Calibri\"><img loading=\"lazy\" decoding=\"async\" align=\"left\" width=\"250\" src=\"http:\/\/blog.cancaonova.com\/terrasanta\/files\/2007\/07\/foto1.gif\" height=\"166\" \/>Chegaram ontem depois de longas horas de viagem dentro de um avi\u00e3o. O cansa\u00e7o n\u00e3o foi barreira, algo novo estava \u00e0 espera de cada um. Conduzidos pelo Dunga, membro da comunidade Can\u00e7\u00e3o Nova e pelos guias da peregrina\u00e7\u00e3o, todos se dirigem para Can\u00e1 da Galil\u00e9ia. <\/font><\/span><\/p>\n<p><span><font face=\"Calibri\">Foi aqui que Jesus realizou seu primeiro milagre: multiplicou o vinho dentro de uma festa de casamento. <\/font><\/span><span><font face=\"Calibri\">Os esposos puderam aqui renovar seu amor um pelo outro demonstrando que Jesus \u00e9 sempre presente no meio das fam\u00edlias.<\/font><\/span><\/p>\n<p><span><\/span><span><font face=\"Calibri\"><img loading=\"lazy\" decoding=\"async\" align=\"left\" width=\"250\" src=\"http:\/\/blog.cancaonova.com\/terrasanta\/files\/2007\/07\/foto2.gif\" height=\"166\" \/>Em seguida, todos se dirigiram para onde tudo come\u00e7ou, Nazar\u00e9, visitar a casa onde o anjo Gabriel anunciou a Virgem que ela conceberia o Salvador do Mundo.<\/font><\/span><\/p>\n<p><span><\/span><span><font face=\"Calibri\">A missa\u00a0presidida por Pe Silvio C\u00e9sar, sacerdote salesiano, foi celebrada ao redor da casa onde estava Maria quando recebeu o an\u00fancio:<\/font><\/span><\/p>\n<p><span><font face=\"Calibri\">\u201cE o Verbo se fez carne e Habitou entre n\u00f3s e n\u00f3s vimos sua Gl\u00f3ria\u201d.<\/font><\/span><\/p>\n<p><span><\/span><span><font face=\"Calibri\"><img loading=\"lazy\" decoding=\"async\" align=\"left\" width=\"250\" src=\"http:\/\/blog.cancaonova.com\/terrasanta\/files\/2007\/07\/foto3.gif\" height=\"166\" \/>Na manh\u00e3 desta quarta-feira,\u00a0foram primeiramente para o Monte das Bem Aventuran\u00e7as. A beleza deste lugar\u00a0n\u00e3o superou a emo\u00e7\u00e3o de ouvir o santo serm\u00e3o onde este aconteceu.<\/font><\/span><\/p>\n<p><span><font face=\"Calibri\">Ap\u00f3s a santa missa celebrada em uma capela ao ar livre, ao redor do Santu\u00e1rio, todos fizeram uma pausa para tirar uma foto juntos.<\/font><\/span><\/p>\n<p><span><\/span><span><font face=\"Calibri\">O dia foi intenso, logo em seguida havia outros lugares para visitar: Cafarnaum, a multiplica\u00e7\u00e3o dos p\u00e3es, o primado de Pedro e o rio Jord\u00e3o.<\/font><\/span><\/p>\n<p><span><\/span><span><font face=\"Calibri\"><img loading=\"lazy\" decoding=\"async\" align=\"left\" width=\"250\" src=\"http:\/\/blog.cancaonova.com\/terrasanta\/files\/2007\/07\/foto4.gif\" height=\"166\" \/>Chegando em Cafarnaum, cidade onde Jesus realizou a maior parte de seus milagres,\u00a0curou a sogra de Pedro e chamou Mateus, o cobrador de impostos para ser seu disc\u00edpulo, entram na Sinagoga.<\/font><\/span><\/p>\n<p><span><font face=\"Calibri\">Aqui Jesus pronunciou o discurso sobre o p\u00e3o da vida: \u201cEu sou o p\u00e3o descido do c\u00e9u. Quem comer deste p\u00e3o viver\u00e1 eternamente.<\/font><\/span><\/p>\n<p><span><font face=\"Calibri\">No primado de Pedro, lugar onde Jesus disse ao primeiro dos ap\u00f3stolos: \u201cTu me amas, apascenta minhas ovelhas\u201d, os peregrinos puderam se unir \u00e0 sua voz dizendo, cada um ao seu modo: \u201cSim Senhor, tu sabes tudo, tu sabes que eu te amo\u201d.<\/font><\/span><\/p>\n<p><span><\/span><span><font face=\"Calibri\"><img loading=\"lazy\" decoding=\"async\" align=\"left\" width=\"250\" src=\"http:\/\/blog.cancaonova.com\/terrasanta\/files\/2007\/07\/foto5.gif\" height=\"166\" \/>Entrando no \u00f4nibus para a \u00faltima parada: as \u00e1guas do rio Jord\u00e3o. Foi nessas \u00e1guas que Jesus foi batizado por Jo\u00e3o Batista. <\/font><\/span><\/p>\n<p><span><font face=\"Calibri\">Cada u<\/font><\/span><span><font face=\"Calibri\">m pode renovar as promessas batismais nas \u00e1guas sobre as quais\u00a0o \u201cEsp\u00edrito em forma de pomba repousou sobre ele\u201d.<\/font><\/span><\/p>\n<p><span><\/span><span><font face=\"Calibri\">O caminho est\u00e1 apenas come\u00e7ando, seguindo os passos de Jesus, nesta quinta-feira, a exemplo de Jesus, sobem ao Monte Tabor para depois subir para a segunda parte da peregrina\u00e7\u00e3o rumo a cidade santa, Jerusal\u00e9m.<\/font><\/span><\/p>\n<p><span><font face=\"Calibri\">Leandro C\u00e9sar<\/font><\/span><\/p>\n<p><span><font face=\"Calibri\">Can\u00e7\u00e3o Nova\u00a0<\/font><\/span><\/p>\n<p><font face=\"Calibri\">Terra Santa<\/font>\u00a0<\/p>\n<!-- AddThis Advanced Settings generic via filter on the_content --><!-- AddThis Share Buttons generic via filter on the_content -->","protected":false},"excerpt":{"rendered":"<p>Peregrinar\u00a0 na Terra de Jesus, n\u00e3o \u00e9 somente um passeio alegre em uma terra diferente, vai muito al\u00e9m, trata-se de experimentar um ambiente, importante n\u00e3o somente por sua hist\u00f3ria e por aquilo que representa no cen\u00e1rio mundial, e sim tocar&#8230;<!-- AddThis Advanced Settings generic via filter on get_the_excerpt --><!-- AddThis Share Buttons generic via filter on get_the_excerpt --><\/p>\n","protected":false},"author":711,"featured_media":0,"comment_status":"open","ping_status":"open","sticky":false,"template":"","format":"standard","meta":{"_mi_skip_tracking":false,"_monsterinsights_sitenote_active":false,"_monsterinsights_sitenote_note":"","_monsterinsights_sitenote_category":0,"footnotes":""},"categories":[3121],"tags":[],"_links":{"self":[{"href":"https:\/\/blog.cancaonova.com\/terrasanta\/wp-json\/wp\/v2\/posts\/641"}],"collection":[{"href":"https:\/\/blog.cancaonova.com\/terrasanta\/wp-json\/wp\/v2\/posts"}],"about":[{"href":"https:\/\/blog.cancaonova.com\/terrasanta\/wp-json\/wp\/v2\/types\/post"}],"author":[{"embeddable":true,"href":"https:\/\/blog.cancaonova.com\/terrasanta\/wp-json\/wp\/v2\/users\/711"}],"replies":[{"embeddable":true,"href":"https:\/\/blog.cancaonova.com\/terrasanta\/wp-json\/wp\/v2\/comments?post=641"}],"version-history":[{"count":0,"href":"https:\/\/blog.cancaonova.com\/terrasanta\/wp-json\/wp\/v2\/posts\/641\/revisions"}],"wp:attachment":[{"href":"https:\/\/blog.cancaonova.com\/terrasanta\/wp-json\/wp\/v2\/media?parent=641"}],"wp:term":[{"taxonomy":"category","embeddable":true,"href":"https:\/\/blog.cancaonova.com\/terrasanta\/wp-json\/wp\/v2\/categories?post=641"},{"taxonomy":"post_tag","embeddable":true,"href":"https:\/\/blog.cancaonova.com\/terrasanta\/wp-json\/wp\/v2\/tags?post=641"}],"curies":[{"name":"wp","href":"https:\/\/api.w.org\/{rel}","templated":true}]}}