{"id":6500,"date":"2014-06-05T12:16:00","date_gmt":"2014-06-05T09:16:00","guid":{"rendered":"http:\/\/blog.cancaonova.com\/terrasanta\/?p=6500"},"modified":"2014-06-05T12:16:00","modified_gmt":"2014-06-05T09:16:00","slug":"vinde-espirito-santo","status":"publish","type":"post","link":"https:\/\/blog.cancaonova.com\/terrasanta\/2014\/06\/05\/vinde-espirito-santo\/","title":{"rendered":"Vinde Esp\u00edrito Santo"},"content":{"rendered":"<p>O Papa Paulo VI disse certa vez que a primeira ora\u00e7\u00e3o do dia deve ser esta: \u201cVinde Esp\u00edrito Santo\u2026\u201d<\/p>\n<p>Comecemos o nosso dia:<\/p>\n<p><span style=\"line-height: 1.5em\">Vem, Esp\u00edrito Criador!<a href=\"http:\/\/blog.cancaonova.com\/terrasanta\/files\/2014\/06\/pentecost.jpg\"><img loading=\"lazy\" decoding=\"async\" class=\"size-medium wp-image-6501 alignright\" alt=\"pentecost\" src=\"http:\/\/blog.cancaonova.com\/terrasanta\/files\/2014\/06\/pentecost-211x300.jpg\" width=\"211\" height=\"300\" srcset=\"https:\/\/blog.cancaonova.com\/terrasanta\/files\/2014\/06\/pentecost-211x300.jpg 211w, https:\/\/blog.cancaonova.com\/terrasanta\/files\/2014\/06\/pentecost.jpg 281w\" sizes=\"(max-width: 211px) 100vw, 211px\" \/><\/a><\/span><\/p>\n<p>Vinde, Esp\u00edrito Criador, a nossa alma visitai<br \/>\ne enchei os cora\u00e7\u00f5es com vossos dons celestiais.<br \/>\nV\u00f3s sois chamado o Intercessor de Deus excelso dom sem par,<br \/>\na fonte viva, o fogo, o amor, a un\u00e7\u00e3o divina e salutar.<br \/>\nSois o doador dos sete dons e sois poder na m\u00e3o do Pai,<br \/>\npor Ele prometido a n\u00f3s, por n\u00f3s seus feitos proclamai.<br \/>\nA nossa mente iluminai, os cora\u00e7\u00f5es enchei de amor,<br \/>\nnossa fraqueza encorajai, qual for\u00e7a eterna e protetor.<br \/>\nNosso inimigo repeli, e concedei-nos a\u00a0vossa paz,<br \/>\nse pela gra\u00e7a nos guiais, o mal deixamos para tr\u00e1s.<br \/>\nAo Pai e ao Filho Salvador, por v\u00f3s possamos conhecer<br \/>\nque procedeis do Seu amor, fazei-nos sempre firmes crer. Am\u00e9m!<\/p>\n<p>Estejamos atentos e vigilantes para que\u00a0 chama do Esp\u00edrito Santo n\u00e3o se apague em n\u00f3s. \u00a0A ora\u00e7\u00e3o, a comunh\u00e3o, a confiss\u00e3o, a intimidade com Nossa Senhora e a Palavra de Deus nos ser\u00e1 alimento.<\/p>\n<p>Ele revela aos nossos cora\u00e7\u00f5es que de Deus n\u00f3s somos filhos, devolve a dignidade e a conviv\u00eancia perdida pelo pecado original: E a prova de que sois filhos \u00e9 que Deus enviou aos nossos cora\u00e7\u00f5es o Esp\u00edrito do seu Filho, que clama: \u201cAbb\u00e1, Pai!\u201d\u00a0 (Gl 4,6).<\/p>\n<p>Quando que devemos pedir o Esp\u00edrito Santo?<\/p>\n<p>Todos os dias de nossa vida! N\u00e3o podemos esperar que algo nos aconte\u00e7a para pedir, nossa atitude deve ser ativa, para agora, sempre.<\/p>\n<p>O pecado tenta nos arrancar da gra\u00e7a de Deus a todo custo, o Esp\u00edrito Santo, nosso defensor, est\u00e1 de prontid\u00e3o\u00a0 e nos defende de n\u00f3s mesmos para que fa\u00e7amos a vontade de Deus.<\/p>\n<p>Estamos em clima de Pentecostes na Terra Santa. Este fim de semana teremos em Jerusal\u00e9m um encontro onde celebraremos juntos a a\u00e7\u00e3o do Esp\u00edrito Santo em nossas vidas.<br \/>\n<a href=\"https:\/\/www.facebook.com\/hashtag\/vemespiritosanto\">#VemEspiritoSanto<\/a><br \/>\n<a href=\"https:\/\/www.facebook.com\/hashtag\/pentecostesnaterrasanta\">#PentecostesNaTerraSanta<\/a><\/p>\n<!-- AddThis Advanced Settings generic via filter on the_content --><!-- AddThis Share Buttons generic via filter on the_content -->","protected":false},"excerpt":{"rendered":"<p>O Papa Paulo VI disse certa vez que a primeira ora\u00e7\u00e3o do dia deve ser esta: \u201cVinde Esp\u00edrito Santo\u2026\u201d Comecemos o nosso dia: Vem, Esp\u00edrito Criador! Vinde, Esp\u00edrito Criador, a nossa alma visitai e enchei os cora\u00e7\u00f5es com vossos dons&#8230;<!-- AddThis Advanced Settings generic via filter on get_the_excerpt --><!-- AddThis Share Buttons generic via filter on get_the_excerpt --><\/p>\n","protected":false},"author":711,"featured_media":0,"comment_status":"open","ping_status":"open","sticky":false,"template":"","format":"standard","meta":{"_mi_skip_tracking":false,"_monsterinsights_sitenote_active":false,"_monsterinsights_sitenote_note":"","_monsterinsights_sitenote_category":0,"footnotes":""},"categories":[170103],"tags":[170147,170129,8641,261,13031,170152],"_links":{"self":[{"href":"https:\/\/blog.cancaonova.com\/terrasanta\/wp-json\/wp\/v2\/posts\/6500"}],"collection":[{"href":"https:\/\/blog.cancaonova.com\/terrasanta\/wp-json\/wp\/v2\/posts"}],"about":[{"href":"https:\/\/blog.cancaonova.com\/terrasanta\/wp-json\/wp\/v2\/types\/post"}],"author":[{"embeddable":true,"href":"https:\/\/blog.cancaonova.com\/terrasanta\/wp-json\/wp\/v2\/users\/711"}],"replies":[{"embeddable":true,"href":"https:\/\/blog.cancaonova.com\/terrasanta\/wp-json\/wp\/v2\/comments?post=6500"}],"version-history":[{"count":4,"href":"https:\/\/blog.cancaonova.com\/terrasanta\/wp-json\/wp\/v2\/posts\/6500\/revisions"}],"predecessor-version":[{"id":6505,"href":"https:\/\/blog.cancaonova.com\/terrasanta\/wp-json\/wp\/v2\/posts\/6500\/revisions\/6505"}],"wp:attachment":[{"href":"https:\/\/blog.cancaonova.com\/terrasanta\/wp-json\/wp\/v2\/media?parent=6500"}],"wp:term":[{"taxonomy":"category","embeddable":true,"href":"https:\/\/blog.cancaonova.com\/terrasanta\/wp-json\/wp\/v2\/categories?post=6500"},{"taxonomy":"post_tag","embeddable":true,"href":"https:\/\/blog.cancaonova.com\/terrasanta\/wp-json\/wp\/v2\/tags?post=6500"}],"curies":[{"name":"wp","href":"https:\/\/api.w.org\/{rel}","templated":true}]}}