{"id":6850,"date":"2019-03-28T10:50:46","date_gmt":"2019-03-28T13:50:46","guid":{"rendered":"http:\/\/blog.cancaonova.com\/terrasanta\/?p=6850"},"modified":"2019-11-05T12:54:18","modified_gmt":"2019-11-05T14:54:18","slug":"clarissas-em-nazare-2","status":"publish","type":"post","link":"https:\/\/blog.cancaonova.com\/terrasanta\/2019\/03\/28\/clarissas-em-nazare-2\/","title":{"rendered":"Clarissas em Nazar\u00e9"},"content":{"rendered":"<p style=\"text-align: left\">No mosteiro das clarrisas em Nazar\u00e9 vimos a alegria nas irm\u00e3s de uma entrega intensa e verdadeira de suas vidas a servi\u00e7o da Igreja.<\/p>\n<p>As ora\u00e7\u00f5es, cantos e o semblante sereno que expressam o estilo de uma vida contemplativa, cujo \u00fanico amor \u00e9 o Senhor Jesus.<\/p>\n<p>Na cidade, o mosteiro foi fundado em 1984.&nbsp; Atualmente, vivem 13 religiosas em clausura. Dedicam-se \u00e0 ora\u00e7\u00e3o e aos trabalhos internos do convento.<\/p>\n<p>O carisma franciscano est\u00e1 na Terra Santa h\u00e1 mais de 800 anos e tamb\u00e9m \u00e9 enriquecido com a presen\u00e7a das filhas da grande companheira de S\u00e3o Francisco de Assis.<\/p>\n<p>Um carisma bastante conhecido na Igreja Cat\u00f3lica e que convive com diversas outras congrega\u00e7\u00f5es em Nazar\u00e9, onde est\u00e3o cerca de um ter\u00e7o de todos os crist\u00e3os de Israel.<\/p>\n<p>Apesar da clausura, elas descobrem o verdadeiro sentido do que \u00e9 a liberdade.<\/p>\n<p>Que a exemplo das filhas de Santa Clara sejamos fi\u00e9is, alegres e verdadeiramente entregues a vontade de Deus.<\/p>\n<p>Santa Clara, rogai por n\u00f3s!<\/p>\n<p>&nbsp;<\/p>\n<p>Clarissas com Frei Bruno Varriano<\/p>\n<p><a href=\"http:\/\/blog.cancaonova.com\/terrasanta\/files\/2018\/08\/IMG-20180811-WA0027.jpg\"><img loading=\"lazy\" decoding=\"async\" class=\"alignnone size-medium wp-image-6856\" src=\"http:\/\/blog.cancaonova.com\/terrasanta\/files\/2018\/08\/IMG-20180811-WA0027-230x300.jpg\" alt=\"\" width=\"230\" height=\"300\" srcset=\"https:\/\/blog.cancaonova.com\/terrasanta\/files\/2018\/08\/IMG-20180811-WA0027-230x300.jpg 230w, https:\/\/blog.cancaonova.com\/terrasanta\/files\/2018\/08\/IMG-20180811-WA0027-768x1001.jpg 768w, https:\/\/blog.cancaonova.com\/terrasanta\/files\/2018\/08\/IMG-20180811-WA0027.jpg 786w\" sizes=\"(max-width: 230px) 100vw, 230px\" \/>&nbsp;<\/a><a href=\"http:\/\/blog.cancaonova.com\/terrasanta\/files\/2018\/08\/IMG-20180811-WA0028.jpg\"><img loading=\"lazy\" decoding=\"async\" class=\"alignnone size-medium wp-image-6857\" src=\"http:\/\/blog.cancaonova.com\/terrasanta\/files\/2018\/08\/IMG-20180811-WA0028-227x300.jpg\" alt=\"\" width=\"227\" height=\"300\" srcset=\"https:\/\/blog.cancaonova.com\/terrasanta\/files\/2018\/08\/IMG-20180811-WA0028-227x300.jpg 227w, https:\/\/blog.cancaonova.com\/terrasanta\/files\/2018\/08\/IMG-20180811-WA0028-768x1016.jpg 768w, https:\/\/blog.cancaonova.com\/terrasanta\/files\/2018\/08\/IMG-20180811-WA0028.jpg 774w\" sizes=\"(max-width: 227px) 100vw, 227px\" \/><\/a><\/p>\n<p>&nbsp;<\/p>\n<p>Capela do Mosteiro das Clarissas<\/p>\n<p>&nbsp;<\/p>\n<p><a href=\"http:\/\/blog.cancaonova.com\/terrasanta\/files\/2018\/08\/IMG-20180811-WA0008.jpg\"><img loading=\"lazy\" decoding=\"async\" class=\"alignnone  wp-image-6858\" src=\"http:\/\/blog.cancaonova.com\/terrasanta\/files\/2018\/08\/IMG-20180811-WA0008-225x300.jpg\" alt=\"\" width=\"186\" height=\"248\" srcset=\"https:\/\/blog.cancaonova.com\/terrasanta\/files\/2018\/08\/IMG-20180811-WA0008-225x300.jpg 225w, https:\/\/blog.cancaonova.com\/terrasanta\/files\/2018\/08\/IMG-20180811-WA0008-768x1024.jpg 768w, https:\/\/blog.cancaonova.com\/terrasanta\/files\/2018\/08\/IMG-20180811-WA0008-150x200.jpg 150w, https:\/\/blog.cancaonova.com\/terrasanta\/files\/2018\/08\/IMG-20180811-WA0008.jpg 960w\" sizes=\"(max-width: 186px) 100vw, 186px\" \/><\/a><a href=\"http:\/\/blog.cancaonova.com\/terrasanta\/files\/2018\/08\/IMG-20180811-WA0006.jpg\"><img loading=\"lazy\" decoding=\"async\" class=\"alignnone  wp-image-6853\" src=\"http:\/\/blog.cancaonova.com\/terrasanta\/files\/2018\/08\/IMG-20180811-WA0006-300x225.jpg\" alt=\"\" width=\"331\" height=\"248\" srcset=\"https:\/\/blog.cancaonova.com\/terrasanta\/files\/2018\/08\/IMG-20180811-WA0006-300x225.jpg 300w, https:\/\/blog.cancaonova.com\/terrasanta\/files\/2018\/08\/IMG-20180811-WA0006-768x576.jpg 768w, https:\/\/blog.cancaonova.com\/terrasanta\/files\/2018\/08\/IMG-20180811-WA0006.jpg 1280w\" sizes=\"(max-width: 331px) 100vw, 331px\" \/><\/a><\/p>\n<p>&nbsp;<\/p>\n<p>&nbsp;<\/p>\n<!-- AddThis Advanced Settings generic via filter on the_content --><!-- AddThis Share Buttons generic via filter on the_content -->","protected":false},"excerpt":{"rendered":"<p>No mosteiro das clarrisas em Nazar\u00e9 vimos a alegria nas irm\u00e3s de uma entrega intensa e verdadeira de suas vidas a servi\u00e7o da Igreja. As ora\u00e7\u00f5es, cantos e o semblante sereno que expressam o estilo de uma vida contemplativa, cujo&#8230;<!-- AddThis Advanced Settings generic via filter on get_the_excerpt --><!-- AddThis Share Buttons generic via filter on get_the_excerpt --><\/p>\n","protected":false},"author":4712,"featured_media":0,"comment_status":"open","ping_status":"open","sticky":false,"template":"","format":"standard","meta":{"_mi_skip_tracking":false,"_monsterinsights_sitenote_active":false,"_monsterinsights_sitenote_note":"","_monsterinsights_sitenote_category":0,"footnotes":""},"categories":[170103],"tags":[102746,194691,17724,21278],"_links":{"self":[{"href":"https:\/\/blog.cancaonova.com\/terrasanta\/wp-json\/wp\/v2\/posts\/6850"}],"collection":[{"href":"https:\/\/blog.cancaonova.com\/terrasanta\/wp-json\/wp\/v2\/posts"}],"about":[{"href":"https:\/\/blog.cancaonova.com\/terrasanta\/wp-json\/wp\/v2\/types\/post"}],"author":[{"embeddable":true,"href":"https:\/\/blog.cancaonova.com\/terrasanta\/wp-json\/wp\/v2\/users\/4712"}],"replies":[{"embeddable":true,"href":"https:\/\/blog.cancaonova.com\/terrasanta\/wp-json\/wp\/v2\/comments?post=6850"}],"version-history":[{"count":1,"href":"https:\/\/blog.cancaonova.com\/terrasanta\/wp-json\/wp\/v2\/posts\/6850\/revisions"}],"predecessor-version":[{"id":7824,"href":"https:\/\/blog.cancaonova.com\/terrasanta\/wp-json\/wp\/v2\/posts\/6850\/revisions\/7824"}],"wp:attachment":[{"href":"https:\/\/blog.cancaonova.com\/terrasanta\/wp-json\/wp\/v2\/media?parent=6850"}],"wp:term":[{"taxonomy":"category","embeddable":true,"href":"https:\/\/blog.cancaonova.com\/terrasanta\/wp-json\/wp\/v2\/categories?post=6850"},{"taxonomy":"post_tag","embeddable":true,"href":"https:\/\/blog.cancaonova.com\/terrasanta\/wp-json\/wp\/v2\/tags?post=6850"}],"curies":[{"name":"wp","href":"https:\/\/api.w.org\/{rel}","templated":true}]}}